{"id":17408,"date":"2026-04-23T22:13:42","date_gmt":"2026-04-23T20:13:42","guid":{"rendered":"https:\/\/agora.xtec.cat\/ceipbenviure\/?p=17408"},"modified":"2026-04-23T22:13:42","modified_gmt":"2026-04-23T20:13:42","slug":"diada-de-sant-jordi-a-lescola","status":"publish","type":"post","link":"https:\/\/agora.xtec.cat\/ceipbenviure\/general\/diada-de-sant-jordi-a-lescola\/","title":{"rendered":"Diada de Sant Jordi a l\u2019escola"},"content":{"rendered":"<p class=\"isSelectedEnd\">Avui hem viscut una jornada molt especial plena de literatura, creativitat i il\u00b7lusi\u00f3!<\/p>\n<p class=\"isSelectedEnd\">Al mat\u00ed, els infants d\u2019Educaci\u00f3 Infantil han gaudit al Pati de l\u2019Esbarjo d\u2019un conte molt divertit \u201cEl drac soroll\u00f3s\u201d, escrit per l\u2019A\u00efda Puig, han compartit rialles i imaginaci\u00f3 en un ambient m\u00e0gic.<\/p>\n<p class=\"isSelectedEnd\">A la tarda, s\u2019han dut a terme tallers amb la participaci\u00f3 de les fam\u00edlies, creant espais de conviv\u00e8ncia i aprenentatge compartit que han enriquit encara m\u00e9s la diada.<\/p>\n<p class=\"isSelectedEnd\">Pel que fa a Prim\u00e0ria, al mat\u00ed, l\u2019alumnat ha gaudit del concert de la banda de vent dels infants de 6\u00e8, dirigit per l\u2019Oriol i el Leandre de l\u2019Escola de M\u00fasica Miquel Blanch, que han ofert una actuaci\u00f3 magn\u00edfica. Tot seguit, s\u2019ha celebrat l\u2019entrega de premis dels Jocs Florals.<\/p>\n<p class=\"isSelectedEnd\">Els m\u00e9s petits han participat amb contes per classes a Infantil i Cicle Inicial, mentre que a partir de 3r s\u2019han presentat produccions individuals o en parelles:<br \/>\n\u2728 3r: contes de misteri<br \/>\n\u2728 4t: poemes<br \/>\n\u2728 5\u00e8: contes fant\u00e0stics<br \/>\n\u2728 6\u00e8: poemes<\/p>\n<p class=\"isSelectedEnd\">Ha estat una gran celebraci\u00f3 del llenguatge, la creativitat i l\u2019escriptura.<\/p>\n<p>Moltes gr\u00e0cies a tots i totes per la vostra participaci\u00f3 i per fer dels jocs ling\u00fc\u00edstics una eina viva per expressar-nos i gaudir de les paraules!<\/p>\n<p>A la tarda, les classes dels Parauleja de 1r, dels Picalletres de 2n i els Camale\u00f2nics de 3r han fet tallers \u00a0literaris i, les classes dels Tutti Frutti de 4t, Passaparaula de 5\u00e8 i Acr\u00f2stics de 6\u00e8 han fet una gincama liter\u00e0ria.<\/p>\n<p>Feli\u00e7 diada de Sant Jordi!<\/p>\n<div class=\"ast-oembed-container \" style=\"height: 100%;\"><iframe loading=\"lazy\" title=\"Sant Jordi 26\" width=\"500\" height=\"281\" src=\"https:\/\/www.youtube.com\/embed\/rq-dFaibPd0?feature=oembed\" frameborder=\"0\" allow=\"accelerometer; autoplay; clipboard-write; encrypted-media; gyroscope; picture-in-picture; web-share\" referrerpolicy=\"strict-origin-when-cross-origin\" allowfullscreen><\/iframe><\/div>\n","protected":false},"excerpt":{"rendered":"<p>Avui hem viscut una jornada molt especial plena de literatura, creativitat i il\u00b7lusi\u00f3! Al mat\u00ed, els infants d\u2019Educaci\u00f3 Infantil han gaudit al Pati de l\u2019Esbarjo d\u2019un conte molt divertit \u201cEl drac soroll\u00f3s\u201d, escrit per l\u2019A\u00efda Puig, han compartit rialles i imaginaci\u00f3 en un ambient m\u00e0gic. A la tarda, s\u2019han dut a terme tallers amb la [&hellip;]<\/p>\n","protected":false},"author":16,"featured_media":17412,"comment_status":"open","ping_status":"open","sticky":false,"template":"","format":"standard","meta":{"_bbp_topic_count":0,"_bbp_reply_count":0,"_bbp_total_topic_count":0,"_bbp_total_reply_count":0,"_bbp_voice_count":0,"_bbp_anonymous_reply_count":0,"_bbp_topic_count_hidden":0,"_bbp_reply_count_hidden":0,"_bbp_forum_subforum_count":0,"site-sidebar-layout":"default","site-content-layout":"","ast-site-content-layout":"default","site-content-style":"default","site-sidebar-style":"default","ast-global-header-display":"","ast-banner-title-visibility":"","ast-main-header-display":"","ast-hfb-above-header-display":"","ast-hfb-below-header-display":"","ast-hfb-mobile-header-display":"","site-post-title":"","ast-breadcrumbs-content":"","ast-featured-img":"","footer-sml-layout":"","theme-transparent-header-meta":"default","adv-header-id-meta":"","stick-header-meta":"","header-above-stick-meta":"","header-main-stick-meta":"","header-below-stick-meta":"","astra-migrate-meta-layouts":"set","ast-page-background-enabled":"default","ast-page-background-meta":{"desktop":{"background-color":"var(--ast-global-color-4)","background-image":"","background-repeat":"repeat","background-position":"center center","background-size":"auto","background-attachment":"scroll","background-type":"","background-media":"","overlay-type":"","overlay-color":"","overlay-opacity":"","overlay-gradient":""},"tablet":{"background-color":"","background-image":"","background-repeat":"repeat","background-position":"center center","background-size":"auto","background-attachment":"scroll","background-type":"","background-media":"","overlay-type":"","overlay-color":"","overlay-opacity":"","overlay-gradient":""},"mobile":{"background-color":"","background-image":"","background-repeat":"repeat","background-position":"center center","background-size":"auto","background-attachment":"scroll","background-type":"","background-media":"","overlay-type":"","overlay-color":"","overlay-opacity":"","overlay-gradient":""}},"ast-content-background-meta":{"desktop":{"background-color":"var(--ast-global-color-5)","background-image":"","background-repeat":"repeat","background-position":"center center","background-size":"auto","background-attachment":"scroll","background-type":"","background-media":"","overlay-type":"","overlay-color":"","overlay-opacity":"","overlay-gradient":""},"tablet":{"background-color":"var(--ast-global-color-5)","background-image":"","background-repeat":"repeat","background-position":"center center","background-size":"auto","background-attachment":"scroll","background-type":"","background-media":"","overlay-type":"","overlay-color":"","overlay-opacity":"","overlay-gradient":""},"mobile":{"background-color":"var(--ast-global-color-5)","background-image":"","background-repeat":"repeat","background-position":"center center","background-size":"auto","background-attachment":"scroll","background-type":"","background-media":"","overlay-type":"","overlay-color":"","overlay-opacity":"","overlay-gradient":""}},"footnotes":""},"categories":[10,11,12,13,14,15,7,1,3,8,9,2,61,59,4,5],"tags":[],"class_list":["post-17408","post","type-post","status-publish","format-standard","has-post-thumbnail","hentry","category-1r","category-2n","category-3r","category-4t","category-5e","category-6e","category-ampa","category-general","category-i3","category-i4","category-i5","category-infantil","category-menjador","category-noticies","category-portada","category-primaria"],"post_mailing_queue_ids":[],"_links":{"self":[{"href":"https:\/\/agora.xtec.cat\/ceipbenviure\/wp-json\/wp\/v2\/posts\/17408","targetHints":{"allow":["GET"]}}],"collection":[{"href":"https:\/\/agora.xtec.cat\/ceipbenviure\/wp-json\/wp\/v2\/posts"}],"about":[{"href":"https:\/\/agora.xtec.cat\/ceipbenviure\/wp-json\/wp\/v2\/types\/post"}],"author":[{"embeddable":true,"href":"https:\/\/agora.xtec.cat\/ceipbenviure\/wp-json\/wp\/v2\/users\/16"}],"replies":[{"embeddable":true,"href":"https:\/\/agora.xtec.cat\/ceipbenviure\/wp-json\/wp\/v2\/comments?post=17408"}],"version-history":[{"count":4,"href":"https:\/\/agora.xtec.cat\/ceipbenviure\/wp-json\/wp\/v2\/posts\/17408\/revisions"}],"predecessor-version":[{"id":17413,"href":"https:\/\/agora.xtec.cat\/ceipbenviure\/wp-json\/wp\/v2\/posts\/17408\/revisions\/17413"}],"wp:featuredmedia":[{"embeddable":true,"href":"https:\/\/agora.xtec.cat\/ceipbenviure\/wp-json\/wp\/v2\/media\/17412"}],"wp:attachment":[{"href":"https:\/\/agora.xtec.cat\/ceipbenviure\/wp-json\/wp\/v2\/media?parent=17408"}],"wp:term":[{"taxonomy":"category","embeddable":true,"href":"https:\/\/agora.xtec.cat\/ceipbenviure\/wp-json\/wp\/v2\/categories?post=17408"},{"taxonomy":"post_tag","embeddable":true,"href":"https:\/\/agora.xtec.cat\/ceipbenviure\/wp-json\/wp\/v2\/tags?post=17408"}],"curies":[{"name":"wp","href":"https:\/\/api.w.org\/{rel}","templated":true}]}}