{"id":17372,"date":"2026-03-28T09:47:56","date_gmt":"2026-03-28T08:47:56","guid":{"rendered":"https:\/\/agora.xtec.cat\/ceipbenviure\/?p=17372"},"modified":"2026-03-28T09:47:56","modified_gmt":"2026-03-28T08:47:56","slug":"aprenem-compartim-i-celebrem-aixi-hem-tancat-el-trimestre","status":"publish","type":"post","link":"https:\/\/agora.xtec.cat\/ceipbenviure\/general\/aprenem-compartim-i-celebrem-aixi-hem-tancat-el-trimestre\/","title":{"rendered":"Aprenem, compartim i celebrem: aix\u00ed hem tancat el trimestre"},"content":{"rendered":"<p data-start=\"0\" data-end=\"105\">Aquestes \u00faltimes setmanes, a l\u2019escola hem viscut uns dies plens d\u2019aprenentatges, creativitat i treball en equip.<\/p>\n<p data-start=\"107\" data-end=\"464\">Els infants de Moixaines d&#8217;I3 van gaudir experimentant amb fang, amassant-lo i donant forma a diverses figures, tot desenvolupant la motricitat fina i la imaginaci\u00f3. Per la seva banda, les Rimes d&#8217;I4 van treballar el conte de <em data-start=\"323\" data-end=\"341\">Les set cabretes<\/em> des d\u2019una mirada matem\u00e0tica i, a partir del conte <em data-start=\"392\" data-end=\"416\">El past\u00eds \u00e9s tan amunt<\/em>, van aprofundir en nocions espacials i d\u2019ordre.<\/p>\n<p data-start=\"466\" data-end=\"823\">Els Rodolins d&#8217;I5 es van endinsar en un projecte molt especial: la construcci\u00f3 de l\u2019espantaocells de l\u2019hort de l\u2019escola. Primer, en parelles, van pensar com el volien, el van dibuixar i van escriure quins materials necessitarien. Despr\u00e9s, en gran grup, van compartir idees, van arribar a acords i van elaborar una llista conjunta abans de posar-se mans a l\u2019obra.<\/p>\n<p data-start=\"825\" data-end=\"1264\">Aquesta \u00faltima setmana, l\u2019alumnat de Cicle Inicial va fer una sortida al Poble Espanyol per descobrir un ofici artes\u00e0: els vitralls. Van con\u00e8ixer com es treballa aquest art i despr\u00e9s van participar en un taller d\u2019imitaci\u00f3 de vitralls. A m\u00e9s, van passejar pels carrers del recinte, observant l\u2019arquitectura t\u00edpica de diferents indrets, i van gaudir d\u2019una experi\u00e8ncia immersiva amb \u201cFiesta\u201d, un audiovisual sobre les festes tradicionals espanyoles.<\/p>\n<p data-start=\"1266\" data-end=\"1413\">Dimarts a la tarda, dimecres i dijous vam celebrar les Jornades Esportives Paral\u00edmpiques, fomentant els valors de l\u2019esport, l\u2019esfor\u00e7 i la inclusi\u00f3.<\/p>\n<p data-start=\"1415\" data-end=\"1899\">Finalment, divendres vam acomiadar el trimestre amb diverses activitats. Els infants d\u2019infantil i cicle inicial van participar en la cerca d\u2019ous de Pasqua, celebrant la tradici\u00f3 anglesa de l\u2019\u201cEaster hunter\u201d. Tamb\u00e9 es van dur a terme trobades entre padrins i fillols: l\u2019alumnat de 5\u00e8 i 6\u00e8 va compartir una estona amb els seus fillols i filloles de 1r i 2n, amb qui van ordenar la recepta de la mona, elaborar-la i gaudir-la plegats.<\/p>\n<p data-start=\"1901\" data-end=\"2059\">A m\u00e9s, els alumnes de 3r i 4t van llegir el conte <em data-start=\"1951\" data-end=\"1970\">La mona de Pasqua<\/em> als seus fillols i filloles d\u2019I4 i I5, i junts van crear els personatges amb plastilina.<\/p>\n<p data-start=\"2061\" data-end=\"2215\" data-is-last-node=\"\" data-is-only-node=\"\">Aix\u00ed tanquem un trimestre ple de viv\u00e8ncies. Ara toca descansar, gaudir d\u2019uns dies de pausa i carregar piles per encarar amb energia l\u2019\u00faltim tram del curs.<\/p>\n<div class=\"ast-oembed-container \" style=\"height: 100%;\"><iframe loading=\"lazy\" title=\"\u00daltimes setmanes de trimestre \" width=\"500\" height=\"281\" src=\"https:\/\/www.youtube.com\/embed\/X6LdniUs2bY?feature=oembed\" frameborder=\"0\" allow=\"accelerometer; autoplay; clipboard-write; encrypted-media; gyroscope; picture-in-picture; web-share\" referrerpolicy=\"strict-origin-when-cross-origin\" allowfullscreen><\/iframe><\/div>\n<p data-start=\"2061\" data-end=\"2215\" data-is-last-node=\"\" data-is-only-node=\"\">\n","protected":false},"excerpt":{"rendered":"<p>Aquestes \u00faltimes setmanes, a l\u2019escola hem viscut uns dies plens d\u2019aprenentatges, creativitat i treball en equip. Els infants de Moixaines d&#8217;I3 van gaudir experimentant amb fang, amassant-lo i donant forma a diverses figures, tot desenvolupant la motricitat fina i la imaginaci\u00f3. Per la seva banda, les Rimes d&#8217;I4 van treballar el conte de Les set [&hellip;]<\/p>\n","protected":false},"author":16,"featured_media":17373,"comment_status":"open","ping_status":"open","sticky":false,"template":"","format":"standard","meta":{"_bbp_topic_count":0,"_bbp_reply_count":0,"_bbp_total_topic_count":0,"_bbp_total_reply_count":0,"_bbp_voice_count":0,"_bbp_anonymous_reply_count":0,"_bbp_topic_count_hidden":0,"_bbp_reply_count_hidden":0,"_bbp_forum_subforum_count":0,"site-sidebar-layout":"default","site-content-layout":"","ast-site-content-layout":"default","site-content-style":"default","site-sidebar-style":"default","ast-global-header-display":"","ast-banner-title-visibility":"","ast-main-header-display":"","ast-hfb-above-header-display":"","ast-hfb-below-header-display":"","ast-hfb-mobile-header-display":"","site-post-title":"","ast-breadcrumbs-content":"","ast-featured-img":"","footer-sml-layout":"","theme-transparent-header-meta":"default","adv-header-id-meta":"","stick-header-meta":"","header-above-stick-meta":"","header-main-stick-meta":"","header-below-stick-meta":"","astra-migrate-meta-layouts":"set","ast-page-background-enabled":"default","ast-page-background-meta":{"desktop":{"background-color":"var(--ast-global-color-4)","background-image":"","background-repeat":"repeat","background-position":"center center","background-size":"auto","background-attachment":"scroll","background-type":"","background-media":"","overlay-type":"","overlay-color":"","overlay-opacity":"","overlay-gradient":""},"tablet":{"background-color":"","background-image":"","background-repeat":"repeat","background-position":"center center","background-size":"auto","background-attachment":"scroll","background-type":"","background-media":"","overlay-type":"","overlay-color":"","overlay-opacity":"","overlay-gradient":""},"mobile":{"background-color":"","background-image":"","background-repeat":"repeat","background-position":"center center","background-size":"auto","background-attachment":"scroll","background-type":"","background-media":"","overlay-type":"","overlay-color":"","overlay-opacity":"","overlay-gradient":""}},"ast-content-background-meta":{"desktop":{"background-color":"var(--ast-global-color-5)","background-image":"","background-repeat":"repeat","background-position":"center center","background-size":"auto","background-attachment":"scroll","background-type":"","background-media":"","overlay-type":"","overlay-color":"","overlay-opacity":"","overlay-gradient":""},"tablet":{"background-color":"var(--ast-global-color-5)","background-image":"","background-repeat":"repeat","background-position":"center center","background-size":"auto","background-attachment":"scroll","background-type":"","background-media":"","overlay-type":"","overlay-color":"","overlay-opacity":"","overlay-gradient":""},"mobile":{"background-color":"var(--ast-global-color-5)","background-image":"","background-repeat":"repeat","background-position":"center center","background-size":"auto","background-attachment":"scroll","background-type":"","background-media":"","overlay-type":"","overlay-color":"","overlay-opacity":"","overlay-gradient":""}},"footnotes":""},"categories":[10,11,12,13,14,15,1,3,8,9,2,59,4,5],"tags":[],"class_list":["post-17372","post","type-post","status-publish","format-standard","has-post-thumbnail","hentry","category-1r","category-2n","category-3r","category-4t","category-5e","category-6e","category-general","category-i3","category-i4","category-i5","category-infantil","category-noticies","category-portada","category-primaria"],"post_mailing_queue_ids":[],"_links":{"self":[{"href":"https:\/\/agora.xtec.cat\/ceipbenviure\/wp-json\/wp\/v2\/posts\/17372","targetHints":{"allow":["GET"]}}],"collection":[{"href":"https:\/\/agora.xtec.cat\/ceipbenviure\/wp-json\/wp\/v2\/posts"}],"about":[{"href":"https:\/\/agora.xtec.cat\/ceipbenviure\/wp-json\/wp\/v2\/types\/post"}],"author":[{"embeddable":true,"href":"https:\/\/agora.xtec.cat\/ceipbenviure\/wp-json\/wp\/v2\/users\/16"}],"replies":[{"embeddable":true,"href":"https:\/\/agora.xtec.cat\/ceipbenviure\/wp-json\/wp\/v2\/comments?post=17372"}],"version-history":[{"count":1,"href":"https:\/\/agora.xtec.cat\/ceipbenviure\/wp-json\/wp\/v2\/posts\/17372\/revisions"}],"predecessor-version":[{"id":17374,"href":"https:\/\/agora.xtec.cat\/ceipbenviure\/wp-json\/wp\/v2\/posts\/17372\/revisions\/17374"}],"wp:featuredmedia":[{"embeddable":true,"href":"https:\/\/agora.xtec.cat\/ceipbenviure\/wp-json\/wp\/v2\/media\/17373"}],"wp:attachment":[{"href":"https:\/\/agora.xtec.cat\/ceipbenviure\/wp-json\/wp\/v2\/media?parent=17372"}],"wp:term":[{"taxonomy":"category","embeddable":true,"href":"https:\/\/agora.xtec.cat\/ceipbenviure\/wp-json\/wp\/v2\/categories?post=17372"},{"taxonomy":"post_tag","embeddable":true,"href":"https:\/\/agora.xtec.cat\/ceipbenviure\/wp-json\/wp\/v2\/tags?post=17372"}],"curies":[{"name":"wp","href":"https:\/\/api.w.org\/{rel}","templated":true}]}}