{"id":16541,"date":"2024-12-13T22:20:35","date_gmt":"2024-12-13T21:20:35","guid":{"rendered":"https:\/\/agora.xtec.cat\/ceipbenviure\/?p=16541"},"modified":"2024-12-14T08:30:26","modified_gmt":"2024-12-14T07:30:26","slug":"acabant-el-trimestre-i-seguim-aprenent","status":"publish","type":"post","link":"https:\/\/agora.xtec.cat\/ceipbenviure\/general\/acabant-el-trimestre-i-seguim-aprenent\/","title":{"rendered":"Acabant el trimestre i seguim aprenent"},"content":{"rendered":"<p>La setmana passada diverses classes van comen\u00e7ar el calendari d\u2019Advent.<br \/>\nLa classe dels Parcs d\u2019I3, va <span style=\"font-family: inherit; font-size: 1em;\">comen\u00e7ar el seu calendari encenent les llumetes del propi calendari i aprenent un poema de Nadal, els va proposar escriure la carta pels Reis Mags com a classe, llegir el conte de \u201cEn Xavi i l\u2019avi\u00f3 de paper\u201d i, el dia 5 els va demanar <\/span><span style=\"font-family: inherit; font-size: 1em;\">decorar els seus noms amb gomets i tamb\u00e9 anar a veure el pessebre &#8220;castellbiurenc&#8221;.<\/span><\/p>\n<p>La classe de les Masies d\u2019I4, van comen\u00e7ar <span style=\"font-family: inherit; font-size: 1em;\">el calendari d&#8217;advent parlant del Nadal i veient el conte del Petit Avet al nou panell interactiu, <\/span><span style=\"font-family: inherit; font-size: 1em;\">tamb\u00e9 els va proposar escriure la carta com a classe pels Reis Mags.<\/span><\/p>\n<p>La classe dels Carrers d\u2019I5, van obrir <span style=\"font-family: inherit; font-size: 1em;\">el sobre del dia 2, van llegir &#8230;&#8221;Carta als Reis&#8221;. <\/span><span style=\"font-family: inherit; font-size: 1em;\">Entre tots i totes van escriure el qu\u00e8 volen com a classe. El primer que van demanar va ser la pau al m\u00f3n. Tamb\u00e9 e<\/span><span style=\"font-family: inherit; font-size: 1em;\">ls va regalar el poema de Nadal que han<\/span><span style=\"font-family: inherit; font-size: 1em;\"> d\u2019aprendre de mem\u00f2ria i els va proposar fer una manualitat de Nadal.<\/span><\/p>\n<p>Les classes de 6\u00e8, La Font de la Botzegada i l\u2019Arc de Triomf tamb\u00e9 van comen\u00e7ar els seus calendaris que els mostren cada dia com se celebra el Nadal en diversos Pa\u00efsos del m\u00f3n.<\/p>\n<p>Aquesta setmana, les classes d\u2019Infantil han hagut d\u2019obrir diversos sobres del Calendari i\u2026 en un d\u2019ells s\u2019han trobat una carta del Ti\u00f3! L\u2019havien de trobar ja que s\u2019havia perdut al Parc de l\u2019Ermita! Els dies 11, 12 i 13 els han dit a la classe dels Parcs I3 que facin neu<span style=\"font-family: inherit; font-size: 1em;\"> artificial amb aigua i bicarbonat, que \u00a0rescatin animals atrapats en el gel i que esmorzin a la llum de les espelmes.<\/span><\/p>\n<p>Destacar tamb\u00e9 que la classe dels Carrers d\u2019I5 ha fet la seva <span style=\"font-family: inherit; font-size: 1em;\">primera collita d&#8217;enciams! Han<\/span><span style=\"font-family: inherit; font-size: 1em;\"> convidat la classe de les Masies d\u2019I4 a fer un tastet d&#8217;amanida amb vinagreta de mel. Tamb\u00e9 han<\/span> jugat al d\u00f2mino i al memory nadalenc, han confegit paraules nadalenques i han <span style=\"font-family: inherit; font-size: 1em;\">anat a veure el pessebre &#8220;castellbiurenc&#8221; de l&#8217;escola tal com els ha suggerit el dia 12 del calendari d&#8217;Advent.<\/span><\/p>\n<p>Aquesta setmana tamb\u00e9 hi ha hagut trobades de padrins i padrines i fillols i filloles!!<br \/>\nLa classe de la Torre Fossada de 5\u00e8 s\u2019ha trobat amb els Diablets i Diablesses de 1r per ajudar-los a escriure el poema de Nadal. I les classes de 6\u00e8 s\u2019han trobat amb la classe dels Pota-rojos i Pota-roges de 2n per explicar-los la Llegenda del Pont del Diable; per poder-la explicar, <span style=\"font-family: inherit; font-size: 1em;\">l\u2019han preparat pr\u00e8viament, llegint per parelles i repassant-la a casa, per tal de millorar la flu\u00efdesa lectora i la lectura expressiva. Despr\u00e9s han col\u2022laborat<\/span>\u00a0 <span style=\"font-family: inherit; font-size: 1em;\">en la creaci\u00f3 de la seva porta, pintant les seves petjades.<\/span><\/p>\n<p>A m\u00e9s a m\u00e9s, la classe de 5\u00e8, la Torre Fossada ha comen\u00e7at <span style=\"font-family: inherit; font-size: 1em;\">a contruir amb diferents materials unes maquetes dels aparells del cos hum\u00e0 (digestiu, respiratori, excretor, circulatori i locomotor) relacionats amb cadascuna de les malalties que est\u00e0 investigant cada equip cooperatiu. Aquesta activitat t\u00e9 l&#8217;objectiu d&#8217;identificar les parts m\u00e9s importants d&#8217;aquests i comprendre el seu funcionament.<\/span><\/p>\n<p>La classe dels Columbaris de 4t, ha anat a plantar el <span style=\"font-family: inherit; font-size: 1em;\">Jard\u00ed de papallones al Parc de l\u2019Ermita per tal de contribuir a l\u2019ecosistema del parc.<\/span><\/p>\n<p>La classe del <span style=\"font-family: inherit; font-size: 1em;\">Pont del Diable de 3r ha <\/span><span style=\"font-family: inherit; font-size: 1em;\">comen\u00e7at a escriure la carta als Reis Mags. <\/span><span style=\"font-family: inherit; font-size: 1em;\">A matem\u00e0tiques han iniciat la taula del 4. <\/span><span style=\"font-family: inherit; font-size: 1em;\">A arts han estat elaborant la postal i realitzant decoracions nadalenques per la classe.<\/span><\/p>\n<p>Per \u00faltim, destacar que tota l\u2019escola hem anat a l\u2019Auditori a fer l\u2019assaig pel concert del dia 19.<\/p>\n<div class=\"ast-oembed-container \" style=\"height: 100%;\"><iframe loading=\"lazy\" title=\"Arriba el Nadal i seguim aprenent\" width=\"500\" height=\"281\" src=\"https:\/\/www.youtube.com\/embed\/DXNriS382QM?feature=oembed\" frameborder=\"0\" allow=\"accelerometer; autoplay; clipboard-write; encrypted-media; gyroscope; picture-in-picture; web-share\" referrerpolicy=\"strict-origin-when-cross-origin\" allowfullscreen><\/iframe><\/div>\n","protected":false},"excerpt":{"rendered":"<p>La setmana passada diverses classes van comen\u00e7ar el calendari d\u2019Advent. La classe dels Parcs d\u2019I3, va comen\u00e7ar el seu calendari encenent les llumetes del propi calendari i aprenent un poema de Nadal, els va proposar escriure la carta pels Reis Mags com a classe, llegir el conte de \u201cEn Xavi i l\u2019avi\u00f3 de paper\u201d i, [&hellip;]<\/p>\n","protected":false},"author":16,"featured_media":16544,"comment_status":"open","ping_status":"closed","sticky":false,"template":"","format":"standard","meta":{"_bbp_topic_count":0,"_bbp_reply_count":0,"_bbp_total_topic_count":0,"_bbp_total_reply_count":0,"_bbp_voice_count":0,"_bbp_anonymous_reply_count":0,"_bbp_topic_count_hidden":0,"_bbp_reply_count_hidden":0,"_bbp_forum_subforum_count":0,"site-sidebar-layout":"default","site-content-layout":"","ast-site-content-layout":"","site-content-style":"default","site-sidebar-style":"default","ast-global-header-display":"","ast-banner-title-visibility":"","ast-main-header-display":"","ast-hfb-above-header-display":"","ast-hfb-below-header-display":"","ast-hfb-mobile-header-display":"","site-post-title":"","ast-breadcrumbs-content":"","ast-featured-img":"","footer-sml-layout":"","theme-transparent-header-meta":"","adv-header-id-meta":"","stick-header-meta":"","header-above-stick-meta":"","header-main-stick-meta":"","header-below-stick-meta":"","astra-migrate-meta-layouts":"default","ast-page-background-enabled":"default","ast-page-background-meta":{"desktop":{"background-color":"var(--ast-global-color-4)","background-image":"","background-repeat":"repeat","background-position":"center center","background-size":"auto","background-attachment":"scroll","background-type":"","background-media":"","overlay-type":"","overlay-color":"","overlay-opacity":"","overlay-gradient":""},"tablet":{"background-color":"","background-image":"","background-repeat":"repeat","background-position":"center center","background-size":"auto","background-attachment":"scroll","background-type":"","background-media":"","overlay-type":"","overlay-color":"","overlay-opacity":"","overlay-gradient":""},"mobile":{"background-color":"","background-image":"","background-repeat":"repeat","background-position":"center center","background-size":"auto","background-attachment":"scroll","background-type":"","background-media":"","overlay-type":"","overlay-color":"","overlay-opacity":"","overlay-gradient":""}},"ast-content-background-meta":{"desktop":{"background-color":"var(--ast-global-color-5)","background-image":"","background-repeat":"repeat","background-position":"center center","background-size":"auto","background-attachment":"scroll","background-type":"","background-media":"","overlay-type":"","overlay-color":"","overlay-opacity":"","overlay-gradient":""},"tablet":{"background-color":"var(--ast-global-color-5)","background-image":"","background-repeat":"repeat","background-position":"center center","background-size":"auto","background-attachment":"scroll","background-type":"","background-media":"","overlay-type":"","overlay-color":"","overlay-opacity":"","overlay-gradient":""},"mobile":{"background-color":"var(--ast-global-color-5)","background-image":"","background-repeat":"repeat","background-position":"center center","background-size":"auto","background-attachment":"scroll","background-type":"","background-media":"","overlay-type":"","overlay-color":"","overlay-opacity":"","overlay-gradient":""}},"footnotes":""},"categories":[10,11,12,13,14,15,7,1,3,8,9,2,61,59,4,5],"tags":[],"class_list":["post-16541","post","type-post","status-publish","format-standard","has-post-thumbnail","hentry","category-1r","category-2n","category-3r","category-4t","category-5e","category-6e","category-ampa","category-general","category-i3","category-i4","category-i5","category-infantil","category-menjador","category-noticies","category-portada","category-primaria"],"post_mailing_queue_ids":[],"_links":{"self":[{"href":"https:\/\/agora.xtec.cat\/ceipbenviure\/wp-json\/wp\/v2\/posts\/16541","targetHints":{"allow":["GET"]}}],"collection":[{"href":"https:\/\/agora.xtec.cat\/ceipbenviure\/wp-json\/wp\/v2\/posts"}],"about":[{"href":"https:\/\/agora.xtec.cat\/ceipbenviure\/wp-json\/wp\/v2\/types\/post"}],"author":[{"embeddable":true,"href":"https:\/\/agora.xtec.cat\/ceipbenviure\/wp-json\/wp\/v2\/users\/16"}],"replies":[{"embeddable":true,"href":"https:\/\/agora.xtec.cat\/ceipbenviure\/wp-json\/wp\/v2\/comments?post=16541"}],"version-history":[{"count":6,"href":"https:\/\/agora.xtec.cat\/ceipbenviure\/wp-json\/wp\/v2\/posts\/16541\/revisions"}],"predecessor-version":[{"id":16548,"href":"https:\/\/agora.xtec.cat\/ceipbenviure\/wp-json\/wp\/v2\/posts\/16541\/revisions\/16548"}],"wp:featuredmedia":[{"embeddable":true,"href":"https:\/\/agora.xtec.cat\/ceipbenviure\/wp-json\/wp\/v2\/media\/16544"}],"wp:attachment":[{"href":"https:\/\/agora.xtec.cat\/ceipbenviure\/wp-json\/wp\/v2\/media?parent=16541"}],"wp:term":[{"taxonomy":"category","embeddable":true,"href":"https:\/\/agora.xtec.cat\/ceipbenviure\/wp-json\/wp\/v2\/categories?post=16541"},{"taxonomy":"post_tag","embeddable":true,"href":"https:\/\/agora.xtec.cat\/ceipbenviure\/wp-json\/wp\/v2\/tags?post=16541"}],"curies":[{"name":"wp","href":"https:\/\/api.w.org\/{rel}","templated":true}]}}