{"id":16132,"date":"2023-09-26T13:56:36","date_gmt":"2023-09-26T11:56:36","guid":{"rendered":"https:\/\/agora.xtec.cat\/ceipbenviure\/?p=16132"},"modified":"2024-03-26T21:59:18","modified_gmt":"2024-03-26T20:59:18","slug":"tercer-i-ultim-any-a-la-comunitat-de-centres-facilitats-pacte","status":"publish","type":"post","link":"https:\/\/agora.xtec.cat\/ceipbenviure\/general\/tercer-i-ultim-any-a-la-comunitat-de-centres-facilitats-pacte\/","title":{"rendered":"Tercer i \u00faltim any a la Comunitat de Centres Facilitats (PAcTE)"},"content":{"rendered":"<p>Iniciem el tercer any del nostre Projecte d\u2019Innovaci\u00f3 amb el Laboratori de Transformaci\u00f3 Educativa\/Eines per al canvi. (PAcTE)<\/p>\n<p>Aquest curs el Laboratori de Transformaci\u00f3 Educativa continua focalitzant els seus esfor\u00e7os en acompanyar els centres en el desplegament dels nous curr\u00edculums. Aquest acompanyament es fonamenta en els principis i finalitats del Laboratori que parteix de les necessitats educatives del centre i pret\u00e9n garantir oportunitats d\u2019aprenentatge personalitzat tant a l\u2019alumnat com els docents i el centre.<\/p>\n<p>Des del\u00a0<em><strong>Programa d\u2019Acceleraci\u00f3 de la Transformaci\u00f3 Educativa \/ Eines per al Canvi (PAcTE\/ExC)\u00a0<\/strong><\/em>es continuen perseguint els mateixos objectius:<\/p>\n<ul>\n<li>Incorporar com a cultura reflexiva de centre la transici\u00f3 sistem\u00e0tica a un nou model d\u2019escola reformulant el concepte d\u2019aprenentatge i el rol de l\u2019alumnat.<\/li>\n<li>Actualitzar el prop\u00f2sit de centre com espai de construcci\u00f3 del b\u00e9 com\u00fa des de la personalitzaci\u00f3 de l\u2019aprenentatge i les mesures universals d\u2019inclusi\u00f3 i equitat.<\/li>\n<li>Empoderar els centres educatius per aconseguir una ciutadania cr\u00edtica, conscient i capa\u00e7 d\u2019adaptar-se als nous reptes per aconseguir un creixement sostenible i inclusiu.<\/li>\n<\/ul>\n<p>Per\u00f2 a m\u00e9s a m\u00e9s, tamb\u00e9 incorporar en els processos d\u2019assoliment d\u2019aquests objectius la\u00a0<em><strong>nova proposta curricular que el Departament d\u2019Educaci\u00f3 est\u00e0 impulsant a partir dels 6 vectors<\/strong><\/em>.<\/p>\n<p>Nosaltres ens proposem l&#8217;avaluaci\u00f3 del nostre Producte M\u00ednim Viable i portar-lo a la pr\u00e0ctica, redactar la nostra visi\u00f3 de centre i elaborar la mem\u00f2ria dels 3 cursos d&#8217;aquest Projecte d&#8217;innovaci\u00f3.<\/p>\n","protected":false},"excerpt":{"rendered":"<p>Iniciem el tercer any del nostre Projecte d\u2019Innovaci\u00f3 amb el Laboratori de Transformaci\u00f3 Educativa\/Eines per al canvi. (PAcTE) Aquest curs el Laboratori de Transformaci\u00f3 Educativa continua focalitzant els seus esfor\u00e7os en acompanyar els centres en el desplegament dels nous curr\u00edculums. Aquest acompanyament es fonamenta en els principis i finalitats del Laboratori que parteix de les [&hellip;]<\/p>\n","protected":false},"author":15,"featured_media":15196,"comment_status":"open","ping_status":"closed","sticky":false,"template":"","format":"standard","meta":{"_bbp_topic_count":0,"_bbp_reply_count":0,"_bbp_total_topic_count":0,"_bbp_total_reply_count":0,"_bbp_voice_count":0,"_bbp_anonymous_reply_count":0,"_bbp_topic_count_hidden":0,"_bbp_reply_count_hidden":0,"_bbp_forum_subforum_count":0,"site-sidebar-layout":"default","site-content-layout":"","ast-site-content-layout":"","site-content-style":"default","site-sidebar-style":"default","ast-global-header-display":"","ast-banner-title-visibility":"","ast-main-header-display":"","ast-hfb-above-header-display":"","ast-hfb-below-header-display":"","ast-hfb-mobile-header-display":"","site-post-title":"","ast-breadcrumbs-content":"","ast-featured-img":"","footer-sml-layout":"","theme-transparent-header-meta":"","adv-header-id-meta":"","stick-header-meta":"","header-above-stick-meta":"","header-main-stick-meta":"","header-below-stick-meta":"","astra-migrate-meta-layouts":"default","ast-page-background-enabled":"default","ast-page-background-meta":{"desktop":{"background-color":"var(--ast-global-color-4)","background-image":"","background-repeat":"repeat","background-position":"center center","background-size":"auto","background-attachment":"scroll","background-type":"","background-media":"","overlay-type":"","overlay-color":"","overlay-opacity":"","overlay-gradient":""},"tablet":{"background-color":"","background-image":"","background-repeat":"repeat","background-position":"center center","background-size":"auto","background-attachment":"scroll","background-type":"","background-media":"","overlay-type":"","overlay-color":"","overlay-opacity":"","overlay-gradient":""},"mobile":{"background-color":"","background-image":"","background-repeat":"repeat","background-position":"center center","background-size":"auto","background-attachment":"scroll","background-type":"","background-media":"","overlay-type":"","overlay-color":"","overlay-opacity":"","overlay-gradient":""}},"ast-content-background-meta":{"desktop":{"background-color":"var(--ast-global-color-5)","background-image":"","background-repeat":"repeat","background-position":"center center","background-size":"auto","background-attachment":"scroll","background-type":"","background-media":"","overlay-type":"","overlay-color":"","overlay-opacity":"","overlay-gradient":""},"tablet":{"background-color":"var(--ast-global-color-5)","background-image":"","background-repeat":"repeat","background-position":"center center","background-size":"auto","background-attachment":"scroll","background-type":"","background-media":"","overlay-type":"","overlay-color":"","overlay-opacity":"","overlay-gradient":""},"mobile":{"background-color":"var(--ast-global-color-5)","background-image":"","background-repeat":"repeat","background-position":"center center","background-size":"auto","background-attachment":"scroll","background-type":"","background-media":"","overlay-type":"","overlay-color":"","overlay-opacity":"","overlay-gradient":""}},"footnotes":""},"categories":[1,97,4],"tags":[],"class_list":["post-16132","post","type-post","status-publish","format-standard","has-post-thumbnail","hentry","category-general","category-pacte","category-portada"],"post_mailing_queue_ids":[],"_links":{"self":[{"href":"https:\/\/agora.xtec.cat\/ceipbenviure\/wp-json\/wp\/v2\/posts\/16132","targetHints":{"allow":["GET"]}}],"collection":[{"href":"https:\/\/agora.xtec.cat\/ceipbenviure\/wp-json\/wp\/v2\/posts"}],"about":[{"href":"https:\/\/agora.xtec.cat\/ceipbenviure\/wp-json\/wp\/v2\/types\/post"}],"author":[{"embeddable":true,"href":"https:\/\/agora.xtec.cat\/ceipbenviure\/wp-json\/wp\/v2\/users\/15"}],"replies":[{"embeddable":true,"href":"https:\/\/agora.xtec.cat\/ceipbenviure\/wp-json\/wp\/v2\/comments?post=16132"}],"version-history":[{"count":1,"href":"https:\/\/agora.xtec.cat\/ceipbenviure\/wp-json\/wp\/v2\/posts\/16132\/revisions"}],"predecessor-version":[{"id":16133,"href":"https:\/\/agora.xtec.cat\/ceipbenviure\/wp-json\/wp\/v2\/posts\/16132\/revisions\/16133"}],"wp:featuredmedia":[{"embeddable":true,"href":"https:\/\/agora.xtec.cat\/ceipbenviure\/wp-json\/wp\/v2\/media\/15196"}],"wp:attachment":[{"href":"https:\/\/agora.xtec.cat\/ceipbenviure\/wp-json\/wp\/v2\/media?parent=16132"}],"wp:term":[{"taxonomy":"category","embeddable":true,"href":"https:\/\/agora.xtec.cat\/ceipbenviure\/wp-json\/wp\/v2\/categories?post=16132"},{"taxonomy":"post_tag","embeddable":true,"href":"https:\/\/agora.xtec.cat\/ceipbenviure\/wp-json\/wp\/v2\/tags?post=16132"}],"curies":[{"name":"wp","href":"https:\/\/api.w.org\/{rel}","templated":true}]}}