{"id":15175,"date":"2022-11-17T10:43:04","date_gmt":"2022-11-17T09:43:04","guid":{"rendered":"https:\/\/agora.xtec.cat\/ceipbenviure\/?p=15175"},"modified":"2023-04-11T12:02:21","modified_gmt":"2023-04-11T10:02:21","slug":"el-perfil-del-nostre-alumnat","status":"publish","type":"post","link":"https:\/\/agora.xtec.cat\/ceipbenviure\/general\/pacte\/el-perfil-del-nostre-alumnat\/","title":{"rendered":"El perfil del nostre alumnat"},"content":{"rendered":"<p><span style=\"font-weight: 400;\">A trav\u00e9s de diferents din\u00e0miques, el claustre de mestres hem reflexionat com \u00e9s el perfil de sortida del nostre alumnat. Aquest perfil descriu el nostre prop\u00f2sit educatiu, com volem que siguin els nostres infants quan acabin 6\u00e8 de PRI i per tant, marca el cam\u00ed que hem de seguir per assolir l&#8217;objectiu.<\/span><\/p>\n<p><span style=\"font-weight: 400;\">Hem de veure si les nostres pr\u00e0ctiques educatives donen resposta a aquest perfil.<\/span><\/p>\n<p><img loading=\"lazy\" decoding=\"async\" class=\"aligncenter wp-image-15176 size-full\" src=\"https:\/\/agora.xtec.cat\/ceipbenviure\/wp-content\/uploads\/usu1908\/Perfil-de-sortida-scaled.jpg\" alt=\"\" width=\"2560\" height=\"2560\" srcset=\"https:\/\/agora.xtec.cat\/ceipbenviure\/wp-content\/uploads\/usu1908\/Perfil-de-sortida-scaled.jpg 2560w, https:\/\/agora.xtec.cat\/ceipbenviure\/wp-content\/uploads\/usu1908\/Perfil-de-sortida-300x300.jpg 300w, https:\/\/agora.xtec.cat\/ceipbenviure\/wp-content\/uploads\/usu1908\/Perfil-de-sortida-1024x1024.jpg 1024w, https:\/\/agora.xtec.cat\/ceipbenviure\/wp-content\/uploads\/usu1908\/Perfil-de-sortida-150x150.jpg 150w, https:\/\/agora.xtec.cat\/ceipbenviure\/wp-content\/uploads\/usu1908\/Perfil-de-sortida-768x768.jpg 768w, https:\/\/agora.xtec.cat\/ceipbenviure\/wp-content\/uploads\/usu1908\/Perfil-de-sortida-1536x1536.jpg 1536w, https:\/\/agora.xtec.cat\/ceipbenviure\/wp-content\/uploads\/usu1908\/Perfil-de-sortida-2048x2048.jpg 2048w\" sizes=\"auto, (max-width: 2560px) 100vw, 2560px\" \/><\/p>\n","protected":false},"excerpt":{"rendered":"<p>A trav\u00e9s de diferents din\u00e0miques, el claustre de mestres hem reflexionat com \u00e9s el perfil de sortida del nostre alumnat. Aquest perfil descriu el nostre prop\u00f2sit educatiu, com volem que siguin els nostres infants quan acabin 6\u00e8 de PRI i per tant, marca el cam\u00ed que hem de seguir per assolir l&#8217;objectiu. Hem de veure [&hellip;]<\/p>\n","protected":false},"author":15,"featured_media":15176,"comment_status":"open","ping_status":"closed","sticky":false,"template":"","format":"standard","meta":{"_bbp_topic_count":0,"_bbp_reply_count":0,"_bbp_total_topic_count":0,"_bbp_total_reply_count":0,"_bbp_voice_count":0,"_bbp_anonymous_reply_count":0,"_bbp_topic_count_hidden":0,"_bbp_reply_count_hidden":0,"_bbp_forum_subforum_count":0,"site-sidebar-layout":"default","site-content-layout":"","ast-site-content-layout":"","site-content-style":"default","site-sidebar-style":"default","ast-global-header-display":"","ast-banner-title-visibility":"","ast-main-header-display":"","ast-hfb-above-header-display":"","ast-hfb-below-header-display":"","ast-hfb-mobile-header-display":"","site-post-title":"","ast-breadcrumbs-content":"","ast-featured-img":"","footer-sml-layout":"","theme-transparent-header-meta":"","adv-header-id-meta":"","stick-header-meta":"","header-above-stick-meta":"","header-main-stick-meta":"","header-below-stick-meta":"","astra-migrate-meta-layouts":"default","ast-page-background-enabled":"default","ast-page-background-meta":{"desktop":{"background-color":"var(--ast-global-color-4)","background-image":"","background-repeat":"repeat","background-position":"center center","background-size":"auto","background-attachment":"scroll","background-type":"","background-media":"","overlay-type":"","overlay-color":"","overlay-opacity":"","overlay-gradient":""},"tablet":{"background-color":"","background-image":"","background-repeat":"repeat","background-position":"center center","background-size":"auto","background-attachment":"scroll","background-type":"","background-media":"","overlay-type":"","overlay-color":"","overlay-opacity":"","overlay-gradient":""},"mobile":{"background-color":"","background-image":"","background-repeat":"repeat","background-position":"center center","background-size":"auto","background-attachment":"scroll","background-type":"","background-media":"","overlay-type":"","overlay-color":"","overlay-opacity":"","overlay-gradient":""}},"ast-content-background-meta":{"desktop":{"background-color":"var(--ast-global-color-5)","background-image":"","background-repeat":"repeat","background-position":"center center","background-size":"auto","background-attachment":"scroll","background-type":"","background-media":"","overlay-type":"","overlay-color":"","overlay-opacity":"","overlay-gradient":""},"tablet":{"background-color":"var(--ast-global-color-5)","background-image":"","background-repeat":"repeat","background-position":"center center","background-size":"auto","background-attachment":"scroll","background-type":"","background-media":"","overlay-type":"","overlay-color":"","overlay-opacity":"","overlay-gradient":""},"mobile":{"background-color":"var(--ast-global-color-5)","background-image":"","background-repeat":"repeat","background-position":"center center","background-size":"auto","background-attachment":"scroll","background-type":"","background-media":"","overlay-type":"","overlay-color":"","overlay-opacity":"","overlay-gradient":""}},"footnotes":""},"categories":[97],"tags":[],"class_list":["post-15175","post","type-post","status-publish","format-standard","has-post-thumbnail","hentry","category-pacte"],"post_mailing_queue_ids":[],"_links":{"self":[{"href":"https:\/\/agora.xtec.cat\/ceipbenviure\/wp-json\/wp\/v2\/posts\/15175","targetHints":{"allow":["GET"]}}],"collection":[{"href":"https:\/\/agora.xtec.cat\/ceipbenviure\/wp-json\/wp\/v2\/posts"}],"about":[{"href":"https:\/\/agora.xtec.cat\/ceipbenviure\/wp-json\/wp\/v2\/types\/post"}],"author":[{"embeddable":true,"href":"https:\/\/agora.xtec.cat\/ceipbenviure\/wp-json\/wp\/v2\/users\/15"}],"replies":[{"embeddable":true,"href":"https:\/\/agora.xtec.cat\/ceipbenviure\/wp-json\/wp\/v2\/comments?post=15175"}],"version-history":[{"count":2,"href":"https:\/\/agora.xtec.cat\/ceipbenviure\/wp-json\/wp\/v2\/posts\/15175\/revisions"}],"predecessor-version":[{"id":15221,"href":"https:\/\/agora.xtec.cat\/ceipbenviure\/wp-json\/wp\/v2\/posts\/15175\/revisions\/15221"}],"wp:featuredmedia":[{"embeddable":true,"href":"https:\/\/agora.xtec.cat\/ceipbenviure\/wp-json\/wp\/v2\/media\/15176"}],"wp:attachment":[{"href":"https:\/\/agora.xtec.cat\/ceipbenviure\/wp-json\/wp\/v2\/media?parent=15175"}],"wp:term":[{"taxonomy":"category","embeddable":true,"href":"https:\/\/agora.xtec.cat\/ceipbenviure\/wp-json\/wp\/v2\/categories?post=15175"},{"taxonomy":"post_tag","embeddable":true,"href":"https:\/\/agora.xtec.cat\/ceipbenviure\/wp-json\/wp\/v2\/tags?post=15175"}],"curies":[{"name":"wp","href":"https:\/\/api.w.org\/{rel}","templated":true}]}}