{"id":14411,"date":"2022-06-10T10:15:56","date_gmt":"2022-06-10T08:15:56","guid":{"rendered":"https:\/\/agora.xtec.cat\/ceipbenviure\/?p=14411"},"modified":"2022-06-10T10:37:08","modified_gmt":"2022-06-10T08:37:08","slug":"celebrem-el-dia-mundial-del-medi-ambient","status":"publish","type":"post","link":"https:\/\/agora.xtec.cat\/ceipbenviure\/general\/celebrem-el-dia-mundial-del-medi-ambient\/","title":{"rendered":"Celebrem el dia mundial del Medi Ambient!"},"content":{"rendered":"<p>El passat dia 7 de juny vam organitzar diverses activitats per celebrar el dia Mundial del Medi Ambient. Vam realitzar una neteja dels boscos de l&#8217;entorn natural m\u00e9s proper al nostre poble i entre tots i totes vam recollir m\u00e9s de 200kg de residus! Principalment envasos, cartr\u00f3, ferralla, fusta, vidre i alguns voluminosos com neum\u00e0tics. Tots aquests residus, que van omplir un contenidor 3.000 litres de capacitat, seran gestionats a la planta de triatge de Molins de Rei.<\/p>\n<p>A m\u00e9s a m\u00e9s els alumnes de tercer van realitzar una plantada al sot del castell de diferents arbres i arbustos t\u00edpics de la zona. Durant la setmana els alumnes d&#8217;educaci\u00f3 infantil van realitzar una plantada individual de diverses herbes arom\u00e0tiques.<\/p>\n<p>Tamb\u00e9 hem preparat un manifest, on els representants de medi ambient de cada classe ens expliquen quines actuacions denuncien i quines actuacions es comprometen a dur a terme per seguir cuidant el planeta.<\/p>\n<p>Us animem a seguir treballant per protegir el medi ambient i poder gaudir d&#8217;uns boscos m\u00e9s nets!<\/p>\n<p>Aqu\u00ed podeu veure el manifest i un resum de les imatges del dia:<\/p>\n<p><iframe loading=\"lazy\" src=\"\/\/www.youtube.com\/embed\/3zg3NzSyU3A\" width=\"560\" height=\"314\"><\/iframe><\/p>\n<p><iframe loading=\"lazy\" src=\"\/\/www.youtube.com\/embed\/OlpSWARYT2Q\" width=\"560\" height=\"314\"><\/iframe><\/p>\n<p>&nbsp;<\/p>\n","protected":false},"excerpt":{"rendered":"<p>El passat dia 7 de juny vam organitzar diverses activitats per celebrar el dia Mundial del Medi Ambient. Vam realitzar una neteja dels boscos de l&#8217;entorn natural m\u00e9s proper al nostre poble i entre tots i totes vam recollir m\u00e9s de 200kg de residus! Principalment envasos, cartr\u00f3, ferralla, fusta, vidre i alguns voluminosos com neum\u00e0tics. [&hellip;]<\/p>\n","protected":false},"author":12,"featured_media":14412,"comment_status":"open","ping_status":"closed","sticky":false,"template":"","format":"standard","meta":{"_bbp_topic_count":0,"_bbp_reply_count":0,"_bbp_total_topic_count":0,"_bbp_total_reply_count":0,"_bbp_voice_count":0,"_bbp_anonymous_reply_count":0,"_bbp_topic_count_hidden":0,"_bbp_reply_count_hidden":0,"_bbp_forum_subforum_count":0,"site-sidebar-layout":"default","site-content-layout":"","ast-site-content-layout":"","site-content-style":"default","site-sidebar-style":"default","ast-global-header-display":"","ast-banner-title-visibility":"","ast-main-header-display":"","ast-hfb-above-header-display":"","ast-hfb-below-header-display":"","ast-hfb-mobile-header-display":"","site-post-title":"","ast-breadcrumbs-content":"","ast-featured-img":"","footer-sml-layout":"","theme-transparent-header-meta":"","adv-header-id-meta":"","stick-header-meta":"","header-above-stick-meta":"","header-main-stick-meta":"","header-below-stick-meta":"","astra-migrate-meta-layouts":"default","ast-page-background-enabled":"default","ast-page-background-meta":{"desktop":{"background-color":"var(--ast-global-color-4)","background-image":"","background-repeat":"repeat","background-position":"center center","background-size":"auto","background-attachment":"scroll","background-type":"","background-media":"","overlay-type":"","overlay-color":"","overlay-opacity":"","overlay-gradient":""},"tablet":{"background-color":"","background-image":"","background-repeat":"repeat","background-position":"center center","background-size":"auto","background-attachment":"scroll","background-type":"","background-media":"","overlay-type":"","overlay-color":"","overlay-opacity":"","overlay-gradient":""},"mobile":{"background-color":"","background-image":"","background-repeat":"repeat","background-position":"center center","background-size":"auto","background-attachment":"scroll","background-type":"","background-media":"","overlay-type":"","overlay-color":"","overlay-opacity":"","overlay-gradient":""}},"ast-content-background-meta":{"desktop":{"background-color":"var(--ast-global-color-5)","background-image":"","background-repeat":"repeat","background-position":"center center","background-size":"auto","background-attachment":"scroll","background-type":"","background-media":"","overlay-type":"","overlay-color":"","overlay-opacity":"","overlay-gradient":""},"tablet":{"background-color":"var(--ast-global-color-5)","background-image":"","background-repeat":"repeat","background-position":"center center","background-size":"auto","background-attachment":"scroll","background-type":"","background-media":"","overlay-type":"","overlay-color":"","overlay-opacity":"","overlay-gradient":""},"mobile":{"background-color":"var(--ast-global-color-5)","background-image":"","background-repeat":"repeat","background-position":"center center","background-size":"auto","background-attachment":"scroll","background-type":"","background-media":"","overlay-type":"","overlay-color":"","overlay-opacity":"","overlay-gradient":""}},"footnotes":""},"categories":[14,1,59],"tags":[],"class_list":["post-14411","post","type-post","status-publish","format-standard","has-post-thumbnail","hentry","category-5e","category-general","category-noticies"],"post_mailing_queue_ids":[],"_links":{"self":[{"href":"https:\/\/agora.xtec.cat\/ceipbenviure\/wp-json\/wp\/v2\/posts\/14411","targetHints":{"allow":["GET"]}}],"collection":[{"href":"https:\/\/agora.xtec.cat\/ceipbenviure\/wp-json\/wp\/v2\/posts"}],"about":[{"href":"https:\/\/agora.xtec.cat\/ceipbenviure\/wp-json\/wp\/v2\/types\/post"}],"author":[{"embeddable":true,"href":"https:\/\/agora.xtec.cat\/ceipbenviure\/wp-json\/wp\/v2\/users\/12"}],"replies":[{"embeddable":true,"href":"https:\/\/agora.xtec.cat\/ceipbenviure\/wp-json\/wp\/v2\/comments?post=14411"}],"version-history":[{"count":1,"href":"https:\/\/agora.xtec.cat\/ceipbenviure\/wp-json\/wp\/v2\/posts\/14411\/revisions"}],"predecessor-version":[{"id":14413,"href":"https:\/\/agora.xtec.cat\/ceipbenviure\/wp-json\/wp\/v2\/posts\/14411\/revisions\/14413"}],"wp:featuredmedia":[{"embeddable":true,"href":"https:\/\/agora.xtec.cat\/ceipbenviure\/wp-json\/wp\/v2\/media\/14412"}],"wp:attachment":[{"href":"https:\/\/agora.xtec.cat\/ceipbenviure\/wp-json\/wp\/v2\/media?parent=14411"}],"wp:term":[{"taxonomy":"category","embeddable":true,"href":"https:\/\/agora.xtec.cat\/ceipbenviure\/wp-json\/wp\/v2\/categories?post=14411"},{"taxonomy":"post_tag","embeddable":true,"href":"https:\/\/agora.xtec.cat\/ceipbenviure\/wp-json\/wp\/v2\/tags?post=14411"}],"curies":[{"name":"wp","href":"https:\/\/api.w.org\/{rel}","templated":true}]}}