{"id":908,"date":"2017-04-26T15:05:12","date_gmt":"2017-04-26T13:05:12","guid":{"rendered":"http:\/\/agora.xtec.cat\/ceipbellpuig\/?p=908"},"modified":"2017-05-17T15:40:13","modified_gmt":"2017-05-17T13:40:13","slug":"10-anys-de-ledifici-nou-de-lescola-bellpuig-2007-2017","status":"publish","type":"post","link":"https:\/\/agora.xtec.cat\/ceipbellpuig\/portada\/10-anys-de-ledifici-nou-de-lescola-bellpuig-2007-2017\/","title":{"rendered":"10 ANYS DE L&#8217;EDIFICI NOU DE L&#8217;ESCOLA BELLPUIG 2007-2017"},"content":{"rendered":"<p>El divendres 31 de maig l&#8217;Escola Bellpuig va celebrar l&#8217;\u00a0acte dels 10 anys de l&#8217;edifici nou. Les activitats que es van portar a terme van ser: l&#8217;espectacle\u00a010 anys 10 musicals, una exposici\u00f3 de fotos dels 10 anys, l&#8217;acte de celebraci\u00f3 i berenar. Si voleu fer un tastet de la festa cliqueu els seg\u00fcents enlla\u00e7os:<\/p>\n<p>Fotografies: <a href=\"https:\/\/goo.gl\/photos\/kDiYzqCbCZLMcZDP7\">https:\/\/goo.gl\/photos\/kDiYzqCbCZLMcZDP7<\/a><\/p>\n<p>V\u00eddeos: <a href=\"https:\/\/youtu.be\/g2UwJUVDmzc\">https:\/\/youtu.be\/g2UwJUVDmzc<\/a><\/p>\n<p>Musical:\u00a0<a href=\"https:\/\/drive.google.com\/open?id=0B5aPp6ESPK06Sk80X01DZnZrWmc\">https:\/\/drive.google.com\/open?id=0B5aPp6ESPK06Sk80X01DZnZrWmc<\/a><\/p>\n<p>I tots junts vam cantar la can\u00e7\u00f3 &#8220;La pau per tu&#8221;. Aqu\u00ed la podreu escoltar.<\/p>\n<!--[if lt IE 9]><script>document.createElement('audio');<\/script><![endif]-->\n<audio class=\"wp-audio-shortcode\" id=\"audio-908-1\" preload=\"none\" style=\"width: 100%;\" controls=\"controls\"><source type=\"audio\/mpeg\" src=\"http:\/\/agora.xtec.cat\/ceipbellpuig\/wp-content\/uploads\/usu1575\/2017\/04\/310327_002.mp3?_=1\" \/><a href=\"http:\/\/agora.xtec.cat\/ceipbellpuig\/wp-content\/uploads\/usu1575\/2017\/04\/310327_002.mp3\">http:\/\/agora.xtec.cat\/ceipbellpuig\/wp-content\/uploads\/usu1575\/2017\/04\/310327_002.mp3<\/a><\/audio>\n<p><a href=\"http:\/\/agora.xtec.cat\/ceipbellpuig\/wp-content\/uploads\/usu1575\/2017\/04\/10_opt.png\"><img loading=\"lazy\" decoding=\"async\" class=\"aligncenter wp-image-911 size-full\" src=\"http:\/\/agora.xtec.cat\/ceipbellpuig\/wp-content\/uploads\/usu1575\/2017\/04\/10_opt.png\" alt=\"10_opt\" width=\"400\" height=\"243\" srcset=\"https:\/\/agora.xtec.cat\/ceipbellpuig\/wp-content\/uploads\/usu1575\/2017\/04\/10_opt.png 400w, https:\/\/agora.xtec.cat\/ceipbellpuig\/wp-content\/uploads\/usu1575\/2017\/04\/10_opt-300x182.png 300w\" sizes=\"auto, (max-width: 400px) 100vw, 400px\" \/><\/a><\/p>\n","protected":false},"excerpt":{"rendered":"<p>El divendres 31 de maig l&#8217;Escola Bellpuig va celebrar l&#8217;\u00a0acte dels 10 anys de l&#8217;edifici nou. Les activitats que es van portar a terme van ser: l&#8217;espectacle\u00a010 anys 10 musicals, una exposici\u00f3 de fotos dels 10 anys, l&#8217;acte de celebraci\u00f3 i berenar. Si voleu fer un tastet de la festa cliqueu els seg\u00fcents enlla\u00e7os: Fotografies: [&hellip;]<\/p>\n","protected":false},"author":1,"featured_media":911,"comment_status":"open","ping_status":"open","sticky":false,"template":"","format":"standard","meta":{"_bbp_topic_count":0,"_bbp_reply_count":0,"_bbp_total_topic_count":0,"_bbp_total_reply_count":0,"_bbp_voice_count":0,"_bbp_anonymous_reply_count":0,"_bbp_topic_count_hidden":0,"_bbp_reply_count_hidden":0,"_bbp_forum_subforum_count":0,"site-sidebar-layout":"default","site-content-layout":"","ast-site-content-layout":"","site-content-style":"default","site-sidebar-style":"default","ast-global-header-display":"","ast-banner-title-visibility":"","ast-main-header-display":"","ast-hfb-above-header-display":"","ast-hfb-below-header-display":"","ast-hfb-mobile-header-display":"","site-post-title":"","ast-breadcrumbs-content":"","ast-featured-img":"","footer-sml-layout":"","theme-transparent-header-meta":"","adv-header-id-meta":"","stick-header-meta":"","header-above-stick-meta":"","header-main-stick-meta":"","header-below-stick-meta":"","astra-migrate-meta-layouts":"default","ast-page-background-enabled":"default","ast-page-background-meta":{"desktop":{"background-color":"var(--ast-global-color-4)","background-image":"","background-repeat":"repeat","background-position":"center center","background-size":"auto","background-attachment":"scroll","background-type":"","background-media":"","overlay-type":"","overlay-color":"","overlay-opacity":"","overlay-gradient":""},"tablet":{"background-color":"","background-image":"","background-repeat":"repeat","background-position":"center center","background-size":"auto","background-attachment":"scroll","background-type":"","background-media":"","overlay-type":"","overlay-color":"","overlay-opacity":"","overlay-gradient":""},"mobile":{"background-color":"","background-image":"","background-repeat":"repeat","background-position":"center center","background-size":"auto","background-attachment":"scroll","background-type":"","background-media":"","overlay-type":"","overlay-color":"","overlay-opacity":"","overlay-gradient":""}},"ast-content-background-meta":{"desktop":{"background-color":"var(--ast-global-color-5)","background-image":"","background-repeat":"repeat","background-position":"center center","background-size":"auto","background-attachment":"scroll","background-type":"","background-media":"","overlay-type":"","overlay-color":"","overlay-opacity":"","overlay-gradient":""},"tablet":{"background-color":"var(--ast-global-color-5)","background-image":"","background-repeat":"repeat","background-position":"center center","background-size":"auto","background-attachment":"scroll","background-type":"","background-media":"","overlay-type":"","overlay-color":"","overlay-opacity":"","overlay-gradient":""},"mobile":{"background-color":"var(--ast-global-color-5)","background-image":"","background-repeat":"repeat","background-position":"center center","background-size":"auto","background-attachment":"scroll","background-type":"","background-media":"","overlay-type":"","overlay-color":"","overlay-opacity":"","overlay-gradient":""}},"footnotes":""},"categories":[75,4],"tags":[77],"class_list":["post-908","post","type-post","status-publish","format-standard","has-post-thumbnail","hentry","category-festes","category-portada","tag-escola-bellpuig"],"post_mailing_queue_ids":[],"_links":{"self":[{"href":"https:\/\/agora.xtec.cat\/ceipbellpuig\/wp-json\/wp\/v2\/posts\/908","targetHints":{"allow":["GET"]}}],"collection":[{"href":"https:\/\/agora.xtec.cat\/ceipbellpuig\/wp-json\/wp\/v2\/posts"}],"about":[{"href":"https:\/\/agora.xtec.cat\/ceipbellpuig\/wp-json\/wp\/v2\/types\/post"}],"author":[{"embeddable":true,"href":"https:\/\/agora.xtec.cat\/ceipbellpuig\/wp-json\/wp\/v2\/users\/1"}],"replies":[{"embeddable":true,"href":"https:\/\/agora.xtec.cat\/ceipbellpuig\/wp-json\/wp\/v2\/comments?post=908"}],"version-history":[{"count":4,"href":"https:\/\/agora.xtec.cat\/ceipbellpuig\/wp-json\/wp\/v2\/posts\/908\/revisions"}],"predecessor-version":[{"id":1021,"href":"https:\/\/agora.xtec.cat\/ceipbellpuig\/wp-json\/wp\/v2\/posts\/908\/revisions\/1021"}],"wp:featuredmedia":[{"embeddable":true,"href":"https:\/\/agora.xtec.cat\/ceipbellpuig\/wp-json\/wp\/v2\/media\/911"}],"wp:attachment":[{"href":"https:\/\/agora.xtec.cat\/ceipbellpuig\/wp-json\/wp\/v2\/media?parent=908"}],"wp:term":[{"taxonomy":"category","embeddable":true,"href":"https:\/\/agora.xtec.cat\/ceipbellpuig\/wp-json\/wp\/v2\/categories?post=908"},{"taxonomy":"post_tag","embeddable":true,"href":"https:\/\/agora.xtec.cat\/ceipbellpuig\/wp-json\/wp\/v2\/tags?post=908"}],"curies":[{"name":"wp","href":"https:\/\/api.w.org\/{rel}","templated":true}]}}