{"id":883,"date":"2017-03-28T19:00:52","date_gmt":"2017-03-28T17:00:52","guid":{"rendered":"http:\/\/agora.xtec.cat\/ceipbellpuig\/?p=883"},"modified":"2019-11-29T19:25:56","modified_gmt":"2019-11-29T18:25:56","slug":"activitats-extraescolars","status":"publish","type":"post","link":"https:\/\/agora.xtec.cat\/ceipbellpuig\/serveis\/activitats-extraescolars\/","title":{"rendered":"ACTIVITATS EXTRAESCOLARS"},"content":{"rendered":"<p>Un altre servei gestionat per l&#8217;AFA s\u00f3n les extraescolars:<\/p>\n<p><strong>Activitats de tarda<\/strong>:<\/p>\n<ul>\n<li><b><\/b>Pakdart\u00a0(Pl\u00e0stica\u00a0i\u00a0manualitats) .<br \/>\n<a href=\"http:\/\/agora.xtec.cat\/ceipbellpuig\/wp-content\/uploads\/usu1575\/2017\/03\/COLORS.jpg\"><img loading=\"lazy\" decoding=\"async\" class=\"alignnone wp-image-884\" src=\"http:\/\/agora.xtec.cat\/ceipbellpuig\/wp-content\/uploads\/usu1575\/2017\/03\/COLORS-1024x586.jpg\" alt=\"colors\" width=\"333\" height=\"190\" srcset=\"https:\/\/agora.xtec.cat\/ceipbellpuig\/wp-content\/uploads\/usu1575\/2017\/03\/COLORS-1024x586.jpg 1024w, https:\/\/agora.xtec.cat\/ceipbellpuig\/wp-content\/uploads\/usu1575\/2017\/03\/COLORS-300x172.jpg 300w, https:\/\/agora.xtec.cat\/ceipbellpuig\/wp-content\/uploads\/usu1575\/2017\/03\/COLORS-768x440.jpg 768w\" sizes=\"auto, (max-width: 333px) 100vw, 333px\" \/><\/a><a href=\"http:\/\/agora.xtec.cat\/ceipbellpuig\/wp-content\/uploads\/usu1575\/2017\/03\/IMPRESSIO.jpg\"><img loading=\"lazy\" decoding=\"async\" class=\"alignnone wp-image-885\" src=\"http:\/\/agora.xtec.cat\/ceipbellpuig\/wp-content\/uploads\/usu1575\/2017\/03\/IMPRESSIO-1024x453.jpg\" alt=\"impressio\" width=\"434\" height=\"192\" srcset=\"https:\/\/agora.xtec.cat\/ceipbellpuig\/wp-content\/uploads\/usu1575\/2017\/03\/IMPRESSIO-1024x453.jpg 1024w, https:\/\/agora.xtec.cat\/ceipbellpuig\/wp-content\/uploads\/usu1575\/2017\/03\/IMPRESSIO-300x133.jpg 300w, https:\/\/agora.xtec.cat\/ceipbellpuig\/wp-content\/uploads\/usu1575\/2017\/03\/IMPRESSIO-768x340.jpg 768w\" sizes=\"auto, (max-width: 434px) 100vw, 434px\" \/><\/a><\/li>\n<li><b><\/b>Angl\u00e8s.<\/li>\n<li>C\u00f2mic i Manga<\/li>\n<li>Scrapp<\/li>\n<li>BCN english soccer<\/li>\n<li>Zumba<\/li>\n<\/ul>\n<p><a href=\"http:\/\/agora.xtec.cat\/ceipbellpuig\/wp-content\/uploads\/usu1575\/2017\/03\/COMIC.jpg\"><img loading=\"lazy\" decoding=\"async\" class=\"alignnone wp-image-886\" src=\"http:\/\/agora.xtec.cat\/ceipbellpuig\/wp-content\/uploads\/usu1575\/2017\/03\/COMIC-1024x576.jpg\" alt=\"comic\" width=\"597\" height=\"336\" srcset=\"https:\/\/agora.xtec.cat\/ceipbellpuig\/wp-content\/uploads\/usu1575\/2017\/03\/COMIC-1024x576.jpg 1024w, https:\/\/agora.xtec.cat\/ceipbellpuig\/wp-content\/uploads\/usu1575\/2017\/03\/COMIC-300x169.jpg 300w, https:\/\/agora.xtec.cat\/ceipbellpuig\/wp-content\/uploads\/usu1575\/2017\/03\/COMIC-768x432.jpg 768w, https:\/\/agora.xtec.cat\/ceipbellpuig\/wp-content\/uploads\/usu1575\/2017\/03\/COMIC.jpg 2048w\" sizes=\"auto, (max-width: 597px) 100vw, 597px\" \/><\/a><a href=\"http:\/\/agora.xtec.cat\/ceipbellpuig\/wp-content\/uploads\/usu1575\/2017\/03\/MUSICA.jpg\"><img loading=\"lazy\" decoding=\"async\" class=\"size-full wp-image-887 alignright\" src=\"http:\/\/agora.xtec.cat\/ceipbellpuig\/wp-content\/uploads\/usu1575\/2017\/03\/MUSICA.jpg\" alt=\"musica\" width=\"294\" height=\"423\" srcset=\"https:\/\/agora.xtec.cat\/ceipbellpuig\/wp-content\/uploads\/usu1575\/2017\/03\/MUSICA.jpg 294w, https:\/\/agora.xtec.cat\/ceipbellpuig\/wp-content\/uploads\/usu1575\/2017\/03\/MUSICA-209x300.jpg 209w\" sizes=\"auto, (max-width: 294px) 100vw, 294px\" \/><\/a><\/p>\n<p>El centre tamb\u00e9 acull<a href=\"http:\/\/www.vilatorta.cat\/municipi\/guia-del-municipi\/equipaments\/2014-09-10-aula-municipal-de-musica-associada-a-emvic.html\" target=\"_blank\" rel=\"noopener noreferrer\"> l&#8217;ESCOLA DE M\u00daSICA\u00a0<\/a>que porta a terme activitats en horari de migdia i de tarda.<\/p>\n","protected":false},"excerpt":{"rendered":"<p>Un altre servei gestionat per l&#8217;AFA s\u00f3n les extraescolars: Activitats de tarda: Pakdart\u00a0(Pl\u00e0stica\u00a0i\u00a0manualitats) . Angl\u00e8s. C\u00f2mic i Manga Scrapp BCN english soccer Zumba El centre tamb\u00e9 acull l&#8217;ESCOLA DE M\u00daSICA\u00a0que porta a terme activitats en horari de migdia i de tarda.<\/p>\n","protected":false},"author":1,"featured_media":886,"comment_status":"open","ping_status":"closed","sticky":false,"template":"","format":"standard","meta":{"_bbp_topic_count":0,"_bbp_reply_count":0,"_bbp_total_topic_count":0,"_bbp_total_reply_count":0,"_bbp_voice_count":0,"_bbp_anonymous_reply_count":0,"_bbp_topic_count_hidden":0,"_bbp_reply_count_hidden":0,"_bbp_forum_subforum_count":0,"site-sidebar-layout":"default","site-content-layout":"","ast-site-content-layout":"","site-content-style":"default","site-sidebar-style":"default","ast-global-header-display":"","ast-banner-title-visibility":"","ast-main-header-display":"","ast-hfb-above-header-display":"","ast-hfb-below-header-display":"","ast-hfb-mobile-header-display":"","site-post-title":"","ast-breadcrumbs-content":"","ast-featured-img":"","footer-sml-layout":"","theme-transparent-header-meta":"","adv-header-id-meta":"","stick-header-meta":"","header-above-stick-meta":"","header-main-stick-meta":"","header-below-stick-meta":"","astra-migrate-meta-layouts":"default","ast-page-background-enabled":"default","ast-page-background-meta":{"desktop":{"background-color":"var(--ast-global-color-4)","background-image":"","background-repeat":"repeat","background-position":"center center","background-size":"auto","background-attachment":"scroll","background-type":"","background-media":"","overlay-type":"","overlay-color":"","overlay-opacity":"","overlay-gradient":""},"tablet":{"background-color":"","background-image":"","background-repeat":"repeat","background-position":"center center","background-size":"auto","background-attachment":"scroll","background-type":"","background-media":"","overlay-type":"","overlay-color":"","overlay-opacity":"","overlay-gradient":""},"mobile":{"background-color":"","background-image":"","background-repeat":"repeat","background-position":"center center","background-size":"auto","background-attachment":"scroll","background-type":"","background-media":"","overlay-type":"","overlay-color":"","overlay-opacity":"","overlay-gradient":""}},"ast-content-background-meta":{"desktop":{"background-color":"var(--ast-global-color-5)","background-image":"","background-repeat":"repeat","background-position":"center center","background-size":"auto","background-attachment":"scroll","background-type":"","background-media":"","overlay-type":"","overlay-color":"","overlay-opacity":"","overlay-gradient":""},"tablet":{"background-color":"var(--ast-global-color-5)","background-image":"","background-repeat":"repeat","background-position":"center center","background-size":"auto","background-attachment":"scroll","background-type":"","background-media":"","overlay-type":"","overlay-color":"","overlay-opacity":"","overlay-gradient":""},"mobile":{"background-color":"var(--ast-global-color-5)","background-image":"","background-repeat":"repeat","background-position":"center center","background-size":"auto","background-attachment":"scroll","background-type":"","background-media":"","overlay-type":"","overlay-color":"","overlay-opacity":"","overlay-gradient":""}},"footnotes":""},"categories":[72],"tags":[77,98,99],"class_list":["post-883","post","type-post","status-publish","format-standard","has-post-thumbnail","hentry","category-serveis","tag-escola-bellpuig","tag-escola-de-musica","tag-pakdart"],"post_mailing_queue_ids":[],"_links":{"self":[{"href":"https:\/\/agora.xtec.cat\/ceipbellpuig\/wp-json\/wp\/v2\/posts\/883","targetHints":{"allow":["GET"]}}],"collection":[{"href":"https:\/\/agora.xtec.cat\/ceipbellpuig\/wp-json\/wp\/v2\/posts"}],"about":[{"href":"https:\/\/agora.xtec.cat\/ceipbellpuig\/wp-json\/wp\/v2\/types\/post"}],"author":[{"embeddable":true,"href":"https:\/\/agora.xtec.cat\/ceipbellpuig\/wp-json\/wp\/v2\/users\/1"}],"replies":[{"embeddable":true,"href":"https:\/\/agora.xtec.cat\/ceipbellpuig\/wp-json\/wp\/v2\/comments?post=883"}],"version-history":[{"count":3,"href":"https:\/\/agora.xtec.cat\/ceipbellpuig\/wp-json\/wp\/v2\/posts\/883\/revisions"}],"predecessor-version":[{"id":2816,"href":"https:\/\/agora.xtec.cat\/ceipbellpuig\/wp-json\/wp\/v2\/posts\/883\/revisions\/2816"}],"wp:featuredmedia":[{"embeddable":true,"href":"https:\/\/agora.xtec.cat\/ceipbellpuig\/wp-json\/wp\/v2\/media\/886"}],"wp:attachment":[{"href":"https:\/\/agora.xtec.cat\/ceipbellpuig\/wp-json\/wp\/v2\/media?parent=883"}],"wp:term":[{"taxonomy":"category","embeddable":true,"href":"https:\/\/agora.xtec.cat\/ceipbellpuig\/wp-json\/wp\/v2\/categories?post=883"},{"taxonomy":"post_tag","embeddable":true,"href":"https:\/\/agora.xtec.cat\/ceipbellpuig\/wp-json\/wp\/v2\/tags?post=883"}],"curies":[{"name":"wp","href":"https:\/\/api.w.org\/{rel}","templated":true}]}}