{"id":7679,"date":"2026-04-23T13:14:10","date_gmt":"2026-04-23T11:14:10","guid":{"rendered":"https:\/\/agora.xtec.cat\/ceipbellpuig\/?p=7679"},"modified":"2026-04-23T13:23:52","modified_gmt":"2026-04-23T11:23:52","slug":"sant-jordi-2026","status":"publish","type":"post","link":"https:\/\/agora.xtec.cat\/ceipbellpuig\/general\/sant-jordi-2026\/","title":{"rendered":"SANT JORDI 2026"},"content":{"rendered":"\n<p>Avui hem celebrat la Diada de Sant Jordi. <\/p>\n\n\n\n<p>Aquest mat\u00ed, a primera hora, ens hem reunit tota l\u2019escola per celebrar els Jocs Florals. El jurat ha tingut una gran feinada, ja que totes les obres presentades eren molt ben fetes i originals.<\/p>\n\n\n\n<p>Els m\u00e9s petitons\/nes, d\u2019I3 i I4, ha elaborat uns dibuixos de la llegenda de Sant Jordi preciosos. A I5 han creat uns rodolins molt originals, i a Cicle Inicial s&#8217;han inventat uns contes plens de creativitat.<\/p>\n\n\n\n<p>A Cicle Mitj\u00e0 han mostrat la seva vessant m\u00e9s po\u00e8tica: a 3r han fet uns haikus molt divertits i a 4t uns poemes molt ben treballats. A Cicle Superior, a 5\u00e8 han treballat la poesia amagada i a 6\u00e8 els cal\u00b7ligrames.<\/p>\n\n\n\n<p>Des d\u2019aqu\u00ed volem felicitar tot l\u2019alumnat per l\u2019esfor\u00e7, la implicaci\u00f3 i la bona feina que han fet. <\/p>\n\n\n\n<p>Despr\u00e9s del pati, ens hem reunit de nou per GAUDIR de l&#8217;obra de teatre, que ens han preparat l&#8217;alumnat de CI.  Una obra teatre amb escenes de la vida quotidiana i amb can\u00e7ons amb molt de ritme. Els avis i \u00e0vies de Cicle Inicial i tamb\u00e9 els usuaris del Centre de Dia (Espai Activa&#8217;t de Sant Juli\u00e0 de Vilatorta) han estat els convidats d&#8217;honor. <\/p>\n\n\n\n<p>Per acabar de celebrar la Diada, hem fet ballar el drac i tots junts hem ballat la Sardana del Cavaller enamorat.  <\/p>\n\n\n\n<p>Us desitgem que acabeu de passar una feli\u00e7 Diada. Aqu\u00ed teniu una petita mostra del dia. <a href=\"https:\/\/agora.xtec.cat\/ceipbellpuig\/general\/fotos-sant-jordi\/\">FOTOS<\/a><\/p>\n\n\n\n<p><\/p>\n","protected":false},"excerpt":{"rendered":"<p>Avui hem celebrat la Diada de Sant Jordi. Aquest mat\u00ed, a primera hora, ens hem reunit tota l\u2019escola per celebrar els Jocs Florals. El jurat ha tingut una gran feinada, ja que totes les obres presentades eren molt ben fetes i originals. Els m\u00e9s petitons\/nes, d\u2019I3 i I4, ha elaborat uns dibuixos de la llegenda [&hellip;]<\/p>\n","protected":false},"author":4,"featured_media":7686,"comment_status":"open","ping_status":"open","sticky":false,"template":"","format":"standard","meta":{"_bbp_topic_count":0,"_bbp_reply_count":0,"_bbp_total_topic_count":0,"_bbp_total_reply_count":0,"_bbp_voice_count":0,"_bbp_anonymous_reply_count":0,"_bbp_topic_count_hidden":0,"_bbp_reply_count_hidden":0,"_bbp_forum_subforum_count":0,"site-sidebar-layout":"default","site-content-layout":"","ast-site-content-layout":"default","site-content-style":"default","site-sidebar-style":"default","ast-global-header-display":"","ast-banner-title-visibility":"","ast-main-header-display":"","ast-hfb-above-header-display":"","ast-hfb-below-header-display":"","ast-hfb-mobile-header-display":"","site-post-title":"","ast-breadcrumbs-content":"","ast-featured-img":"","footer-sml-layout":"","theme-transparent-header-meta":"","adv-header-id-meta":"","stick-header-meta":"","header-above-stick-meta":"","header-main-stick-meta":"","header-below-stick-meta":"","astra-migrate-meta-layouts":"set","ast-page-background-enabled":"default","ast-page-background-meta":{"desktop":{"background-color":"var(--ast-global-color-4)","background-image":"","background-repeat":"repeat","background-position":"center center","background-size":"auto","background-attachment":"scroll","background-type":"","background-media":"","overlay-type":"","overlay-color":"","overlay-opacity":"","overlay-gradient":""},"tablet":{"background-color":"","background-image":"","background-repeat":"repeat","background-position":"center center","background-size":"auto","background-attachment":"scroll","background-type":"","background-media":"","overlay-type":"","overlay-color":"","overlay-opacity":"","overlay-gradient":""},"mobile":{"background-color":"","background-image":"","background-repeat":"repeat","background-position":"center center","background-size":"auto","background-attachment":"scroll","background-type":"","background-media":"","overlay-type":"","overlay-color":"","overlay-opacity":"","overlay-gradient":""}},"ast-content-background-meta":{"desktop":{"background-color":"var(--ast-global-color-5)","background-image":"","background-repeat":"repeat","background-position":"center center","background-size":"auto","background-attachment":"scroll","background-type":"","background-media":"","overlay-type":"","overlay-color":"","overlay-opacity":"","overlay-gradient":""},"tablet":{"background-color":"var(--ast-global-color-5)","background-image":"","background-repeat":"repeat","background-position":"center center","background-size":"auto","background-attachment":"scroll","background-type":"","background-media":"","overlay-type":"","overlay-color":"","overlay-opacity":"","overlay-gradient":""},"mobile":{"background-color":"var(--ast-global-color-5)","background-image":"","background-repeat":"repeat","background-position":"center center","background-size":"auto","background-attachment":"scroll","background-type":"","background-media":"","overlay-type":"","overlay-color":"","overlay-opacity":"","overlay-gradient":""}},"footnotes":""},"categories":[1,4],"tags":[],"class_list":["post-7679","post","type-post","status-publish","format-standard","has-post-thumbnail","hentry","category-general","category-portada"],"post_mailing_queue_ids":[],"_links":{"self":[{"href":"https:\/\/agora.xtec.cat\/ceipbellpuig\/wp-json\/wp\/v2\/posts\/7679","targetHints":{"allow":["GET"]}}],"collection":[{"href":"https:\/\/agora.xtec.cat\/ceipbellpuig\/wp-json\/wp\/v2\/posts"}],"about":[{"href":"https:\/\/agora.xtec.cat\/ceipbellpuig\/wp-json\/wp\/v2\/types\/post"}],"author":[{"embeddable":true,"href":"https:\/\/agora.xtec.cat\/ceipbellpuig\/wp-json\/wp\/v2\/users\/4"}],"replies":[{"embeddable":true,"href":"https:\/\/agora.xtec.cat\/ceipbellpuig\/wp-json\/wp\/v2\/comments?post=7679"}],"version-history":[{"count":4,"href":"https:\/\/agora.xtec.cat\/ceipbellpuig\/wp-json\/wp\/v2\/posts\/7679\/revisions"}],"predecessor-version":[{"id":7694,"href":"https:\/\/agora.xtec.cat\/ceipbellpuig\/wp-json\/wp\/v2\/posts\/7679\/revisions\/7694"}],"wp:featuredmedia":[{"embeddable":true,"href":"https:\/\/agora.xtec.cat\/ceipbellpuig\/wp-json\/wp\/v2\/media\/7686"}],"wp:attachment":[{"href":"https:\/\/agora.xtec.cat\/ceipbellpuig\/wp-json\/wp\/v2\/media?parent=7679"}],"wp:term":[{"taxonomy":"category","embeddable":true,"href":"https:\/\/agora.xtec.cat\/ceipbellpuig\/wp-json\/wp\/v2\/categories?post=7679"},{"taxonomy":"post_tag","embeddable":true,"href":"https:\/\/agora.xtec.cat\/ceipbellpuig\/wp-json\/wp\/v2\/tags?post=7679"}],"curies":[{"name":"wp","href":"https:\/\/api.w.org\/{rel}","templated":true}]}}