{"id":7405,"date":"2025-11-28T17:02:25","date_gmt":"2025-11-28T16:02:25","guid":{"rendered":"https:\/\/agora.xtec.cat\/ceipbellpuig\/?p=7405"},"modified":"2025-11-28T17:06:49","modified_gmt":"2025-11-28T16:06:49","slug":"sortida-a-barcelona-la-pedrera","status":"publish","type":"post","link":"https:\/\/agora.xtec.cat\/ceipbellpuig\/portada\/sortida-a-barcelona-la-pedrera\/","title":{"rendered":"SORTIDA A LA PEDRERA- CM"},"content":{"rendered":"<p><span style=\"font-weight: 400;\">El 17 de novembre els alumnes de cicle mitj\u00e0 vam anar a Barcelona a visitar la casa Mil\u00e0, coneguda tamb\u00e9 com la Pedrera. Resulta que aquest nom ve de quan feien la seva construcci\u00f3, que els ve\u00efns estaven farts del soroll i la pols que feien.<\/span><\/p>\n<p><span style=\"font-weight: 400;\">Abans d\u2019entrar vam agafar forces amb l\u2019esmorzar. Un cop a dins vam fer dos grups, mentre un grup visitava les diferents estances de l\u2019edifici, l\u2019altre grup va fer un taller de ferro forjat.<\/span><\/p>\n<p><span style=\"font-weight: 400;\">Ens va agradar molt pujar al terrat on hi ha les famoses xemeneies i unes vistes espectaculars. Fins i tot es veia la sagrada fam\u00edlia.<\/span><\/p>\n<p><span style=\"font-weight: 400;\">A continuaci\u00f3, ens vam trobar al mateix passeig de Gr\u00e0cia amb dos guies molt simp\u00e0tics, amb els quals vam poder gaudir d\u2019una ruta modernista. Vam con\u00e8ixer altres arquitectes importants com en Josep Puig i Cadafalch i en Llu\u00eds Dom\u00e8nech i Montaner.\u00a0 Ens vam poder fixar en detalls de la casa Batll\u00f3, del bar 4 gats, del Palau de la M\u00fasica, entre d&#8217;altres.<\/span><\/p>\n<p><span style=\"font-weight: 400;\">Finalment, ens vam dirigir cap al parc de la Ciutadella on vam dinar. Va ser un dia molt especial per tots nosaltres.<\/span><\/p>\n<p><a href=\"https:\/\/agora.xtec.cat\/ceipbellpuig\/general\/sortida-a-la-pedrera\/\" target=\"_blank\" rel=\"noopener\">FOTOS<\/a><\/p>\n","protected":false},"excerpt":{"rendered":"<p>El 17 de novembre els alumnes de cicle mitj\u00e0 vam anar a Barcelona a visitar la casa Mil\u00e0, coneguda tamb\u00e9 com la Pedrera. Resulta que aquest nom ve de quan feien la seva construcci\u00f3, que els ve\u00efns estaven farts del soroll i la pols que feien. Abans d\u2019entrar vam agafar forces amb l\u2019esmorzar. Un cop [&hellip;]<\/p>\n","protected":false},"author":44,"featured_media":7408,"comment_status":"open","ping_status":"open","sticky":false,"template":"","format":"standard","meta":{"_bbp_topic_count":0,"_bbp_reply_count":0,"_bbp_total_topic_count":0,"_bbp_total_reply_count":0,"_bbp_voice_count":0,"_bbp_anonymous_reply_count":0,"_bbp_topic_count_hidden":0,"_bbp_reply_count_hidden":0,"_bbp_forum_subforum_count":0,"site-sidebar-layout":"default","site-content-layout":"","ast-site-content-layout":"","site-content-style":"default","site-sidebar-style":"default","ast-global-header-display":"","ast-banner-title-visibility":"","ast-main-header-display":"","ast-hfb-above-header-display":"","ast-hfb-below-header-display":"","ast-hfb-mobile-header-display":"","site-post-title":"","ast-breadcrumbs-content":"","ast-featured-img":"","footer-sml-layout":"","theme-transparent-header-meta":"","adv-header-id-meta":"","stick-header-meta":"","header-above-stick-meta":"","header-main-stick-meta":"","header-below-stick-meta":"","astra-migrate-meta-layouts":"default","ast-page-background-enabled":"default","ast-page-background-meta":{"desktop":{"background-color":"var(--ast-global-color-4)","background-image":"","background-repeat":"repeat","background-position":"center center","background-size":"auto","background-attachment":"scroll","background-type":"","background-media":"","overlay-type":"","overlay-color":"","overlay-opacity":"","overlay-gradient":""},"tablet":{"background-color":"","background-image":"","background-repeat":"repeat","background-position":"center center","background-size":"auto","background-attachment":"scroll","background-type":"","background-media":"","overlay-type":"","overlay-color":"","overlay-opacity":"","overlay-gradient":""},"mobile":{"background-color":"","background-image":"","background-repeat":"repeat","background-position":"center center","background-size":"auto","background-attachment":"scroll","background-type":"","background-media":"","overlay-type":"","overlay-color":"","overlay-opacity":"","overlay-gradient":""}},"ast-content-background-meta":{"desktop":{"background-color":"var(--ast-global-color-5)","background-image":"","background-repeat":"repeat","background-position":"center center","background-size":"auto","background-attachment":"scroll","background-type":"","background-media":"","overlay-type":"","overlay-color":"","overlay-opacity":"","overlay-gradient":""},"tablet":{"background-color":"var(--ast-global-color-5)","background-image":"","background-repeat":"repeat","background-position":"center center","background-size":"auto","background-attachment":"scroll","background-type":"","background-media":"","overlay-type":"","overlay-color":"","overlay-opacity":"","overlay-gradient":""},"mobile":{"background-color":"var(--ast-global-color-5)","background-image":"","background-repeat":"repeat","background-position":"center center","background-size":"auto","background-attachment":"scroll","background-type":"","background-media":"","overlay-type":"","overlay-color":"","overlay-opacity":"","overlay-gradient":""}},"footnotes":""},"categories":[60,4],"tags":[],"class_list":["post-7405","post","type-post","status-publish","format-standard","has-post-thumbnail","hentry","category-cicle-mitja","category-portada"],"post_mailing_queue_ids":[],"_links":{"self":[{"href":"https:\/\/agora.xtec.cat\/ceipbellpuig\/wp-json\/wp\/v2\/posts\/7405","targetHints":{"allow":["GET"]}}],"collection":[{"href":"https:\/\/agora.xtec.cat\/ceipbellpuig\/wp-json\/wp\/v2\/posts"}],"about":[{"href":"https:\/\/agora.xtec.cat\/ceipbellpuig\/wp-json\/wp\/v2\/types\/post"}],"author":[{"embeddable":true,"href":"https:\/\/agora.xtec.cat\/ceipbellpuig\/wp-json\/wp\/v2\/users\/44"}],"replies":[{"embeddable":true,"href":"https:\/\/agora.xtec.cat\/ceipbellpuig\/wp-json\/wp\/v2\/comments?post=7405"}],"version-history":[{"count":3,"href":"https:\/\/agora.xtec.cat\/ceipbellpuig\/wp-json\/wp\/v2\/posts\/7405\/revisions"}],"predecessor-version":[{"id":7413,"href":"https:\/\/agora.xtec.cat\/ceipbellpuig\/wp-json\/wp\/v2\/posts\/7405\/revisions\/7413"}],"wp:featuredmedia":[{"embeddable":true,"href":"https:\/\/agora.xtec.cat\/ceipbellpuig\/wp-json\/wp\/v2\/media\/7408"}],"wp:attachment":[{"href":"https:\/\/agora.xtec.cat\/ceipbellpuig\/wp-json\/wp\/v2\/media?parent=7405"}],"wp:term":[{"taxonomy":"category","embeddable":true,"href":"https:\/\/agora.xtec.cat\/ceipbellpuig\/wp-json\/wp\/v2\/categories?post=7405"},{"taxonomy":"post_tag","embeddable":true,"href":"https:\/\/agora.xtec.cat\/ceipbellpuig\/wp-json\/wp\/v2\/tags?post=7405"}],"curies":[{"name":"wp","href":"https:\/\/api.w.org\/{rel}","templated":true}]}}