{"id":7362,"date":"2025-11-28T16:36:35","date_gmt":"2025-11-28T15:36:35","guid":{"rendered":"https:\/\/agora.xtec.cat\/ceipbellpuig\/?p=7362"},"modified":"2025-11-28T16:36:35","modified_gmt":"2025-11-28T15:36:35","slug":"gaudint-de-santa-cecilia","status":"publish","type":"post","link":"https:\/\/agora.xtec.cat\/ceipbellpuig\/general\/gaudint-de-santa-cecilia\/","title":{"rendered":"GAUDINT DE SANTA CEC\u00cdLIA"},"content":{"rendered":"<p>El passat 22 de novembre, com cada any, va ser Santa Cec\u00edlia, patrona de la m\u00fasica. I a l&#8217;escola Bellpuig ho hem celebrat avui divendres tots junts al gimn\u00e0s de l&#8217;escola.<\/p>\n<p>Hem representat l&#8217;espectacle &#8220;Gaudint&#8221;, un conte dedicat a la vida de Gaud\u00ed en el qual cada petita part de la hist\u00f2ria ha anat acompanyat d&#8217;una petita interpretaci\u00f3 musical. Els m\u00e9s petits de l&#8217;escola han fet petites coreografies que han expressat l&#8217;amor de Gaud\u00ed per la natura, els animals, el bosc i el mar. L&#8217;alumnat de prim\u00e0ria ha interpretat can\u00e7ons, instrumentacions i dramatitzacions totes elles relacionades amb l&#8217;art, els oficis, les obres de Gaud\u00ed, el modernisme i Catalunya.<\/p>\n<p>Tots junts hem gaudit d&#8217;una tarda molt musical relacionada amb el projecte que treballem aquest curs. I la setmana vinent seguirem gaudint de la m\u00fasica escoltant els petits m\u00fasics de l&#8217;escola que faran un petit concert davant del seu grup classe. Ens agrada molt celebrar aquesta festa cada any!<\/p>\n<p>Cliqueu <a href=\"https:\/\/agora.xtec.cat\/ceipbellpuig\/?p=7374&amp;preview=true\">AQU\u00cd<\/a> per veure les fotos de l&#8217;espectacle.<\/p>\n","protected":false},"excerpt":{"rendered":"<p>El passat 22 de novembre, com cada any, va ser Santa Cec\u00edlia, patrona de la m\u00fasica. I a l&#8217;escola Bellpuig ho hem celebrat avui divendres tots junts al gimn\u00e0s de l&#8217;escola. Hem representat l&#8217;espectacle &#8220;Gaudint&#8221;, un conte dedicat a la vida de Gaud\u00ed en el qual cada petita part de la hist\u00f2ria ha anat acompanyat [&hellip;]<\/p>\n","protected":false},"author":1,"featured_media":7376,"comment_status":"open","ping_status":"open","sticky":false,"template":"","format":"standard","meta":{"_bbp_topic_count":0,"_bbp_reply_count":0,"_bbp_total_topic_count":0,"_bbp_total_reply_count":0,"_bbp_voice_count":0,"_bbp_anonymous_reply_count":0,"_bbp_topic_count_hidden":0,"_bbp_reply_count_hidden":0,"_bbp_forum_subforum_count":0,"site-sidebar-layout":"default","site-content-layout":"","ast-site-content-layout":"","site-content-style":"default","site-sidebar-style":"default","ast-global-header-display":"","ast-banner-title-visibility":"","ast-main-header-display":"","ast-hfb-above-header-display":"","ast-hfb-below-header-display":"","ast-hfb-mobile-header-display":"","site-post-title":"","ast-breadcrumbs-content":"","ast-featured-img":"","footer-sml-layout":"","theme-transparent-header-meta":"","adv-header-id-meta":"","stick-header-meta":"","header-above-stick-meta":"","header-main-stick-meta":"","header-below-stick-meta":"","astra-migrate-meta-layouts":"default","ast-page-background-enabled":"default","ast-page-background-meta":{"desktop":{"background-color":"var(--ast-global-color-4)","background-image":"","background-repeat":"repeat","background-position":"center center","background-size":"auto","background-attachment":"scroll","background-type":"","background-media":"","overlay-type":"","overlay-color":"","overlay-opacity":"","overlay-gradient":""},"tablet":{"background-color":"","background-image":"","background-repeat":"repeat","background-position":"center center","background-size":"auto","background-attachment":"scroll","background-type":"","background-media":"","overlay-type":"","overlay-color":"","overlay-opacity":"","overlay-gradient":""},"mobile":{"background-color":"","background-image":"","background-repeat":"repeat","background-position":"center center","background-size":"auto","background-attachment":"scroll","background-type":"","background-media":"","overlay-type":"","overlay-color":"","overlay-opacity":"","overlay-gradient":""}},"ast-content-background-meta":{"desktop":{"background-color":"var(--ast-global-color-5)","background-image":"","background-repeat":"repeat","background-position":"center center","background-size":"auto","background-attachment":"scroll","background-type":"","background-media":"","overlay-type":"","overlay-color":"","overlay-opacity":"","overlay-gradient":""},"tablet":{"background-color":"var(--ast-global-color-5)","background-image":"","background-repeat":"repeat","background-position":"center center","background-size":"auto","background-attachment":"scroll","background-type":"","background-media":"","overlay-type":"","overlay-color":"","overlay-opacity":"","overlay-gradient":""},"mobile":{"background-color":"var(--ast-global-color-5)","background-image":"","background-repeat":"repeat","background-position":"center center","background-size":"auto","background-attachment":"scroll","background-type":"","background-media":"","overlay-type":"","overlay-color":"","overlay-opacity":"","overlay-gradient":""}},"footnotes":""},"categories":[75,1,92,4],"tags":[],"class_list":["post-7362","post","type-post","status-publish","format-standard","has-post-thumbnail","hentry","category-festes","category-general","category-musica","category-portada"],"post_mailing_queue_ids":[],"_links":{"self":[{"href":"https:\/\/agora.xtec.cat\/ceipbellpuig\/wp-json\/wp\/v2\/posts\/7362","targetHints":{"allow":["GET"]}}],"collection":[{"href":"https:\/\/agora.xtec.cat\/ceipbellpuig\/wp-json\/wp\/v2\/posts"}],"about":[{"href":"https:\/\/agora.xtec.cat\/ceipbellpuig\/wp-json\/wp\/v2\/types\/post"}],"author":[{"embeddable":true,"href":"https:\/\/agora.xtec.cat\/ceipbellpuig\/wp-json\/wp\/v2\/users\/1"}],"replies":[{"embeddable":true,"href":"https:\/\/agora.xtec.cat\/ceipbellpuig\/wp-json\/wp\/v2\/comments?post=7362"}],"version-history":[{"count":3,"href":"https:\/\/agora.xtec.cat\/ceipbellpuig\/wp-json\/wp\/v2\/posts\/7362\/revisions"}],"predecessor-version":[{"id":7377,"href":"https:\/\/agora.xtec.cat\/ceipbellpuig\/wp-json\/wp\/v2\/posts\/7362\/revisions\/7377"}],"wp:featuredmedia":[{"embeddable":true,"href":"https:\/\/agora.xtec.cat\/ceipbellpuig\/wp-json\/wp\/v2\/media\/7376"}],"wp:attachment":[{"href":"https:\/\/agora.xtec.cat\/ceipbellpuig\/wp-json\/wp\/v2\/media?parent=7362"}],"wp:term":[{"taxonomy":"category","embeddable":true,"href":"https:\/\/agora.xtec.cat\/ceipbellpuig\/wp-json\/wp\/v2\/categories?post=7362"},{"taxonomy":"post_tag","embeddable":true,"href":"https:\/\/agora.xtec.cat\/ceipbellpuig\/wp-json\/wp\/v2\/tags?post=7362"}],"curies":[{"name":"wp","href":"https:\/\/api.w.org\/{rel}","templated":true}]}}