{"id":7298,"date":"2025-10-31T09:55:16","date_gmt":"2025-10-31T08:55:16","guid":{"rendered":"https:\/\/agora.xtec.cat\/ceipbellpuig\/?p=7298"},"modified":"2025-10-31T09:58:49","modified_gmt":"2025-10-31T08:58:49","slug":"linici-duna-nova-aventura-primeres-setmanes-a-i3","status":"publish","type":"post","link":"https:\/\/agora.xtec.cat\/ceipbellpuig\/general\/linici-duna-nova-aventura-primeres-setmanes-a-i3\/","title":{"rendered":"L&#8217;INICI D&#8217;UNA NOVA AVENTURA: PRIMERES SETMANES A I3"},"content":{"rendered":"<p data-start=\"220\" data-end=\"554\">Aquest setembre, els m\u00e9s petits de l\u2019escola han comen\u00e7at una nova aventura: l\u2019entrada a I3, l&#8217;entrada al Bellpuig! Per alguns \u00e9s anar a l&#8217;escola dels germans o les germanes; per altres, \u00e9s el primer contacte amb l\u2019escola, amb nous espais, infants i mestres. Uns dies plens d\u2019emocions, de descobertes i de reptes que es viuen amb les emocions a flor de pell i amb la mirada curiosa.<\/p>\n<p data-start=\"556\" data-end=\"1006\">A poc a poc, entre rialles i plors, jocs i aprenentatges, hem anat descobrint els racons d&#8217;aquest nou indret: l&#8217;aula, espai de refer\u00e8ncia on passem la major part de la jornada; el pati, on ja som experts a fer &#8220;menjars&#8221; de sorra i anem aprenent a compartir joguines; la sala de psicomotricitat, on ens movem, saltem, fem circuits&#8230; i ens relaxem; l&#8217;aula de joc simb\u00f2lic, on la imaginaci\u00f3 pren forma i ens convertim en cuiners, metgesses o mec\u00e0nics; la biblioteca, un lloc m\u00e0gic on ens endinsem en el m\u00f3n dels contes, la lectura i l&#8217;escolta&#8230;<\/p>\n<p data-start=\"1008\" data-end=\"1343\">Aquest per\u00edode d\u2019adaptaci\u00f3 tamb\u00e9 \u00e9s un proc\u00e9s per a les fam\u00edlies, que comparteixen amb els infants aquest pas tan important. Entre tothom (mestres, mares, pares i infants) estem construint un ambient de trobada, de coneixen\u00e7a i de relacions.<\/p>\n<p data-start=\"1345\" data-end=\"1560\">Les <a href=\"https:\/\/agora.xtec.cat\/ceipbellpuig\/?p=7301&amp;preview=true\" target=\"_blank\" rel=\"noopener\">fotos<\/a> que acompanyen aquest article mostren alguns d\u2019aquests primers moments: jocs, somriures i molta curiositat. S\u00f3n nom\u00e9s el comen\u00e7ament d\u2019un curs que promet estar ple d\u2019aprenentatges i viv\u00e8ncies inoblidables.<\/p>\n<p data-start=\"1345\" data-end=\"1560\">\n","protected":false},"excerpt":{"rendered":"<p>Aquest setembre, els m\u00e9s petits de l\u2019escola han comen\u00e7at una nova aventura: l\u2019entrada a I3, l&#8217;entrada al Bellpuig! Per alguns \u00e9s anar a l&#8217;escola dels germans o les germanes; per altres, \u00e9s el primer contacte amb l\u2019escola, amb nous espais, infants i mestres. Uns dies plens d\u2019emocions, de descobertes i de reptes que es viuen [&hellip;]<\/p>\n","protected":false},"author":1,"featured_media":7305,"comment_status":"closed","ping_status":"closed","sticky":false,"template":"","format":"standard","meta":{"_bbp_topic_count":0,"_bbp_reply_count":0,"_bbp_total_topic_count":0,"_bbp_total_reply_count":0,"_bbp_voice_count":0,"_bbp_anonymous_reply_count":0,"_bbp_topic_count_hidden":0,"_bbp_reply_count_hidden":0,"_bbp_forum_subforum_count":0,"site-sidebar-layout":"default","site-content-layout":"","ast-site-content-layout":"","site-content-style":"default","site-sidebar-style":"default","ast-global-header-display":"","ast-banner-title-visibility":"","ast-main-header-display":"","ast-hfb-above-header-display":"","ast-hfb-below-header-display":"","ast-hfb-mobile-header-display":"","site-post-title":"","ast-breadcrumbs-content":"","ast-featured-img":"","footer-sml-layout":"","theme-transparent-header-meta":"","adv-header-id-meta":"","stick-header-meta":"","header-above-stick-meta":"","header-main-stick-meta":"","header-below-stick-meta":"","astra-migrate-meta-layouts":"default","ast-page-background-enabled":"default","ast-page-background-meta":{"desktop":{"background-color":"var(--ast-global-color-4)","background-image":"","background-repeat":"repeat","background-position":"center center","background-size":"auto","background-attachment":"scroll","background-type":"","background-media":"","overlay-type":"","overlay-color":"","overlay-opacity":"","overlay-gradient":""},"tablet":{"background-color":"","background-image":"","background-repeat":"repeat","background-position":"center center","background-size":"auto","background-attachment":"scroll","background-type":"","background-media":"","overlay-type":"","overlay-color":"","overlay-opacity":"","overlay-gradient":""},"mobile":{"background-color":"","background-image":"","background-repeat":"repeat","background-position":"center center","background-size":"auto","background-attachment":"scroll","background-type":"","background-media":"","overlay-type":"","overlay-color":"","overlay-opacity":"","overlay-gradient":""}},"ast-content-background-meta":{"desktop":{"background-color":"var(--ast-global-color-5)","background-image":"","background-repeat":"repeat","background-position":"center center","background-size":"auto","background-attachment":"scroll","background-type":"","background-media":"","overlay-type":"","overlay-color":"","overlay-opacity":"","overlay-gradient":""},"tablet":{"background-color":"var(--ast-global-color-5)","background-image":"","background-repeat":"repeat","background-position":"center center","background-size":"auto","background-attachment":"scroll","background-type":"","background-media":"","overlay-type":"","overlay-color":"","overlay-opacity":"","overlay-gradient":""},"mobile":{"background-color":"var(--ast-global-color-5)","background-image":"","background-repeat":"repeat","background-position":"center center","background-size":"auto","background-attachment":"scroll","background-type":"","background-media":"","overlay-type":"","overlay-color":"","overlay-opacity":"","overlay-gradient":""}},"footnotes":""},"categories":[64,1,2,4],"tags":[489],"class_list":["post-7298","post","type-post","status-publish","format-standard","has-post-thumbnail","hentry","category-escola-bellpuig","category-general","category-petits","category-portada","tag-i3"],"post_mailing_queue_ids":[],"_links":{"self":[{"href":"https:\/\/agora.xtec.cat\/ceipbellpuig\/wp-json\/wp\/v2\/posts\/7298","targetHints":{"allow":["GET"]}}],"collection":[{"href":"https:\/\/agora.xtec.cat\/ceipbellpuig\/wp-json\/wp\/v2\/posts"}],"about":[{"href":"https:\/\/agora.xtec.cat\/ceipbellpuig\/wp-json\/wp\/v2\/types\/post"}],"author":[{"embeddable":true,"href":"https:\/\/agora.xtec.cat\/ceipbellpuig\/wp-json\/wp\/v2\/users\/1"}],"replies":[{"embeddable":true,"href":"https:\/\/agora.xtec.cat\/ceipbellpuig\/wp-json\/wp\/v2\/comments?post=7298"}],"version-history":[{"count":2,"href":"https:\/\/agora.xtec.cat\/ceipbellpuig\/wp-json\/wp\/v2\/posts\/7298\/revisions"}],"predecessor-version":[{"id":7304,"href":"https:\/\/agora.xtec.cat\/ceipbellpuig\/wp-json\/wp\/v2\/posts\/7298\/revisions\/7304"}],"wp:featuredmedia":[{"embeddable":true,"href":"https:\/\/agora.xtec.cat\/ceipbellpuig\/wp-json\/wp\/v2\/media\/7305"}],"wp:attachment":[{"href":"https:\/\/agora.xtec.cat\/ceipbellpuig\/wp-json\/wp\/v2\/media?parent=7298"}],"wp:term":[{"taxonomy":"category","embeddable":true,"href":"https:\/\/agora.xtec.cat\/ceipbellpuig\/wp-json\/wp\/v2\/categories?post=7298"},{"taxonomy":"post_tag","embeddable":true,"href":"https:\/\/agora.xtec.cat\/ceipbellpuig\/wp-json\/wp\/v2\/tags?post=7298"}],"curies":[{"name":"wp","href":"https:\/\/api.w.org\/{rel}","templated":true}]}}