{"id":7275,"date":"2025-10-22T17:07:48","date_gmt":"2025-10-22T15:07:48","guid":{"rendered":"https:\/\/agora.xtec.cat\/ceipbellpuig\/?p=7275"},"modified":"2025-10-22T17:08:30","modified_gmt":"2025-10-22T15:08:30","slug":"camp-daprenentatge-pau-casals","status":"publish","type":"post","link":"https:\/\/agora.xtec.cat\/ceipbellpuig\/portada\/camp-daprenentatge-pau-casals\/","title":{"rendered":"Camp d&#8217;Aprenentatge Pau Casals"},"content":{"rendered":"<p>Som els i les alumnes de cicle superior i els dies 20 i 21 d&#8217;octubre vam anar el Camp d&#8217;Aprenentatge Pau Casals a El Vendrell. El primer dia vam fer tres activitats relacionades amb la m\u00fasica: vam gravar una can\u00e7\u00f3 en un estudi i la vam editar, vam crear la nostra pr\u00f2pia portada de la nostra can\u00e7\u00f3 i vam fer uns experiments sobre el so. Ens van agradar molt.<\/p>\n<p>A la tarda vam fer jocs cooperatius amb diferents grups just despr\u00e9s de berenar. Llavors ens vam instal\u00b7lar a les habitacions i vam anar a sopar a l&#8217;alberg. Ben sopat, vam agafar els lots i vam fer un passeig pel costat del mar fins arribar &#8220;Al Riuet&#8221;, que era una zona on hi havia uns banys termals. All\u00e0 vam veure peixos, anguiles, \u00e0necs, serps&#8230;<\/p>\n<p>L&#8217;endem\u00e0, ens vam despertar amb m\u00fasica i vam anar a esmorzar. Llavors van venir l&#8217;Ada i la Janet, que eren dues mestres del CdA i vam visitar la Casa Museu de Pau Casals. Era molt gran i tenia moltes habitacions, fins i tot tenia un mirador amb vistes al mar i un auditori propi on hi feia concerts amb els seus amics.<\/p>\n<p>Us deixem un recull de<a href=\"https:\/\/agora.xtec.cat\/ceipbellpuig\/fotos-cs\/fotos-cda\/\"> FOTOS<\/a> d&#8217;aquests dos dies i tamb\u00e9 un<a href=\"https:\/\/agora.xtec.cat\/ceipbellpuig\/general\/video-cda\/\"> v\u00eddeo amb la can\u00e7\u00f3 &#8220;Amor Amic&#8221; gravada<\/a> per nosaltres i totes les imatges de les nostres portades. Esperem que us agradi molt!<\/p>\n<p>A la p\u00e0gina web del <a href=\"https:\/\/cdapaucasals.com\/releases\/escola-bellpuig-2025-26\/\">CdA Pau Casals<\/a> podeu descarregar-vos la can\u00e7\u00f3 d&#8217;Amor Amic, cantada per nosaltres!<\/p>\n<p>Alumnes de CS<\/p>\n","protected":false},"excerpt":{"rendered":"<p>Som els i les alumnes de cicle superior i els dies 20 i 21 d&#8217;octubre vam anar el Camp d&#8217;Aprenentatge Pau Casals a El Vendrell. El primer dia vam fer tres activitats relacionades amb la m\u00fasica: vam gravar una can\u00e7\u00f3 en un estudi i la vam editar, vam crear la nostra pr\u00f2pia portada de la [&hellip;]<\/p>\n","protected":false},"author":46,"featured_media":7282,"comment_status":"open","ping_status":"open","sticky":false,"template":"","format":"standard","meta":{"_bbp_topic_count":0,"_bbp_reply_count":0,"_bbp_total_topic_count":0,"_bbp_total_reply_count":0,"_bbp_voice_count":0,"_bbp_anonymous_reply_count":0,"_bbp_topic_count_hidden":0,"_bbp_reply_count_hidden":0,"_bbp_forum_subforum_count":0,"site-sidebar-layout":"default","site-content-layout":"","ast-site-content-layout":"","site-content-style":"default","site-sidebar-style":"default","ast-global-header-display":"","ast-banner-title-visibility":"","ast-main-header-display":"","ast-hfb-above-header-display":"","ast-hfb-below-header-display":"","ast-hfb-mobile-header-display":"","site-post-title":"","ast-breadcrumbs-content":"","ast-featured-img":"","footer-sml-layout":"","theme-transparent-header-meta":"","adv-header-id-meta":"","stick-header-meta":"","header-above-stick-meta":"","header-main-stick-meta":"","header-below-stick-meta":"","astra-migrate-meta-layouts":"default","ast-page-background-enabled":"default","ast-page-background-meta":{"desktop":{"background-color":"var(--ast-global-color-4)","background-image":"","background-repeat":"repeat","background-position":"center center","background-size":"auto","background-attachment":"scroll","background-type":"","background-media":"","overlay-type":"","overlay-color":"","overlay-opacity":"","overlay-gradient":""},"tablet":{"background-color":"","background-image":"","background-repeat":"repeat","background-position":"center center","background-size":"auto","background-attachment":"scroll","background-type":"","background-media":"","overlay-type":"","overlay-color":"","overlay-opacity":"","overlay-gradient":""},"mobile":{"background-color":"","background-image":"","background-repeat":"repeat","background-position":"center center","background-size":"auto","background-attachment":"scroll","background-type":"","background-media":"","overlay-type":"","overlay-color":"","overlay-opacity":"","overlay-gradient":""}},"ast-content-background-meta":{"desktop":{"background-color":"var(--ast-global-color-5)","background-image":"","background-repeat":"repeat","background-position":"center center","background-size":"auto","background-attachment":"scroll","background-type":"","background-media":"","overlay-type":"","overlay-color":"","overlay-opacity":"","overlay-gradient":""},"tablet":{"background-color":"var(--ast-global-color-5)","background-image":"","background-repeat":"repeat","background-position":"center center","background-size":"auto","background-attachment":"scroll","background-type":"","background-media":"","overlay-type":"","overlay-color":"","overlay-opacity":"","overlay-gradient":""},"mobile":{"background-color":"var(--ast-global-color-5)","background-image":"","background-repeat":"repeat","background-position":"center center","background-size":"auto","background-attachment":"scroll","background-type":"","background-media":"","overlay-type":"","overlay-color":"","overlay-opacity":"","overlay-gradient":""}},"footnotes":""},"categories":[61,4],"tags":[],"class_list":["post-7275","post","type-post","status-publish","format-standard","has-post-thumbnail","hentry","category-cicle-superior","category-portada"],"post_mailing_queue_ids":[],"_links":{"self":[{"href":"https:\/\/agora.xtec.cat\/ceipbellpuig\/wp-json\/wp\/v2\/posts\/7275","targetHints":{"allow":["GET"]}}],"collection":[{"href":"https:\/\/agora.xtec.cat\/ceipbellpuig\/wp-json\/wp\/v2\/posts"}],"about":[{"href":"https:\/\/agora.xtec.cat\/ceipbellpuig\/wp-json\/wp\/v2\/types\/post"}],"author":[{"embeddable":true,"href":"https:\/\/agora.xtec.cat\/ceipbellpuig\/wp-json\/wp\/v2\/users\/46"}],"replies":[{"embeddable":true,"href":"https:\/\/agora.xtec.cat\/ceipbellpuig\/wp-json\/wp\/v2\/comments?post=7275"}],"version-history":[{"count":2,"href":"https:\/\/agora.xtec.cat\/ceipbellpuig\/wp-json\/wp\/v2\/posts\/7275\/revisions"}],"predecessor-version":[{"id":7281,"href":"https:\/\/agora.xtec.cat\/ceipbellpuig\/wp-json\/wp\/v2\/posts\/7275\/revisions\/7281"}],"wp:featuredmedia":[{"embeddable":true,"href":"https:\/\/agora.xtec.cat\/ceipbellpuig\/wp-json\/wp\/v2\/media\/7282"}],"wp:attachment":[{"href":"https:\/\/agora.xtec.cat\/ceipbellpuig\/wp-json\/wp\/v2\/media?parent=7275"}],"wp:term":[{"taxonomy":"category","embeddable":true,"href":"https:\/\/agora.xtec.cat\/ceipbellpuig\/wp-json\/wp\/v2\/categories?post=7275"},{"taxonomy":"post_tag","embeddable":true,"href":"https:\/\/agora.xtec.cat\/ceipbellpuig\/wp-json\/wp\/v2\/tags?post=7275"}],"curies":[{"name":"wp","href":"https:\/\/api.w.org\/{rel}","templated":true}]}}