{"id":6791,"date":"2024-06-10T14:02:22","date_gmt":"2024-06-10T12:02:22","guid":{"rendered":"https:\/\/agora.xtec.cat\/ceipbellpuig\/?p=6791"},"modified":"2024-06-10T14:02:22","modified_gmt":"2024-06-10T12:02:22","slug":"festa-fi-de-curs-2","status":"publish","type":"post","link":"https:\/\/agora.xtec.cat\/ceipbellpuig\/nivells\/petits\/festa-fi-de-curs-2\/","title":{"rendered":"Festa fi de curs"},"content":{"rendered":"<p>Nervis, motivaci\u00f3 i emocions a flor de pell&#8230; \u00e9s l&#8217;estat en qu\u00e8 es trobava el nostre alumnat abans de la festa de fi de curs.<\/p>\n<p>Divendres ens vam reunir fam\u00edlies, mestres i alumnes de 6\u00e8 per recordar el pas d&#8217;aquests nens i nenes per l&#8217;escola i obsequiar-los amb una comiat tal i com es mereixen. Amb el discurs de la Filo, un v\u00eddeo record i amb unes frases dedicades a cada alumne\/a hi haver somriures i ll\u00e0grimes de felicitat. Per part de l&#8217; AFA es van entregar les orles i les fam\u00edlies juntament amb els seus fills\/es van fer una percussi\u00f3 corporal admirable.<\/p>\n<p>Seguidament&#8230; va arribar el moment tant esperat per tots i totes, cada curs va fer el ball relacionat amb el nom de la classe acompanyat de la espectacular dinamitzaci\u00f3 d&#8217;un concurs televisiu per part de l&#8217;alumnat de 6\u00e8. Vam comptar amb el servei del 112, hi van haver formigues cooperatives, un grup de teatre, un ramat molt unit, el ball de cintes propi d&#8217;una bona festa major, l&#8217;actuaci\u00f3 castellera, una tribu molt participativa, un vol d&#8217;ocells espectacular i una colla molt entregada. Per acabar la festa, tots junts vam cantar una can\u00e7\u00f3 molt emotiva &#8220;El veurem junts&#8221; que ens va fer posar a tots i totes la pell de gallina.<\/p>\n<p>Per acabar, vam sopar i vam ballar al ritme de la m\u00fasica gr\u00e0cies a un grup d&#8217;animaci\u00f3 per part de l&#8217;AFA.<\/p>\n<p>En definitiva, segur que tots i totes recordarem que aquest 7 de juny hem fet molta PINYA.<\/p>\n<p>&nbsp;<\/p>\n","protected":false},"excerpt":{"rendered":"<p>Nervis, motivaci\u00f3 i emocions a flor de pell&#8230; \u00e9s l&#8217;estat en qu\u00e8 es trobava el nostre alumnat abans de la festa de fi de curs. Divendres ens vam reunir fam\u00edlies, mestres i alumnes de 6\u00e8 per recordar el pas d&#8217;aquests nens i nenes per l&#8217;escola i obsequiar-los amb una comiat tal i com es mereixen. [&hellip;]<\/p>\n","protected":false},"author":1,"featured_media":6794,"comment_status":"open","ping_status":"closed","sticky":false,"template":"","format":"standard","meta":{"_bbp_topic_count":0,"_bbp_reply_count":0,"_bbp_total_topic_count":0,"_bbp_total_reply_count":0,"_bbp_voice_count":0,"_bbp_anonymous_reply_count":0,"_bbp_topic_count_hidden":0,"_bbp_reply_count_hidden":0,"_bbp_forum_subforum_count":0,"site-sidebar-layout":"default","site-content-layout":"","ast-site-content-layout":"","site-content-style":"default","site-sidebar-style":"default","ast-global-header-display":"","ast-banner-title-visibility":"","ast-main-header-display":"","ast-hfb-above-header-display":"","ast-hfb-below-header-display":"","ast-hfb-mobile-header-display":"","site-post-title":"","ast-breadcrumbs-content":"","ast-featured-img":"","footer-sml-layout":"","theme-transparent-header-meta":"","adv-header-id-meta":"","stick-header-meta":"","header-above-stick-meta":"","header-main-stick-meta":"","header-below-stick-meta":"","astra-migrate-meta-layouts":"default","ast-page-background-enabled":"default","ast-page-background-meta":{"desktop":{"background-color":"var(--ast-global-color-4)","background-image":"","background-repeat":"repeat","background-position":"center center","background-size":"auto","background-attachment":"scroll","background-type":"","background-media":"","overlay-type":"","overlay-color":"","overlay-opacity":"","overlay-gradient":""},"tablet":{"background-color":"","background-image":"","background-repeat":"repeat","background-position":"center center","background-size":"auto","background-attachment":"scroll","background-type":"","background-media":"","overlay-type":"","overlay-color":"","overlay-opacity":"","overlay-gradient":""},"mobile":{"background-color":"","background-image":"","background-repeat":"repeat","background-position":"center center","background-size":"auto","background-attachment":"scroll","background-type":"","background-media":"","overlay-type":"","overlay-color":"","overlay-opacity":"","overlay-gradient":""}},"ast-content-background-meta":{"desktop":{"background-color":"var(--ast-global-color-5)","background-image":"","background-repeat":"repeat","background-position":"center center","background-size":"auto","background-attachment":"scroll","background-type":"","background-media":"","overlay-type":"","overlay-color":"","overlay-opacity":"","overlay-gradient":""},"tablet":{"background-color":"var(--ast-global-color-5)","background-image":"","background-repeat":"repeat","background-position":"center center","background-size":"auto","background-attachment":"scroll","background-type":"","background-media":"","overlay-type":"","overlay-color":"","overlay-opacity":"","overlay-gradient":""},"mobile":{"background-color":"var(--ast-global-color-5)","background-image":"","background-repeat":"repeat","background-position":"center center","background-size":"auto","background-attachment":"scroll","background-type":"","background-media":"","overlay-type":"","overlay-color":"","overlay-opacity":"","overlay-gradient":""}},"footnotes":""},"categories":[2,4,5],"tags":[],"class_list":["post-6791","post","type-post","status-publish","format-standard","has-post-thumbnail","hentry","category-petits","category-portada","category-primaria"],"post_mailing_queue_ids":[],"_links":{"self":[{"href":"https:\/\/agora.xtec.cat\/ceipbellpuig\/wp-json\/wp\/v2\/posts\/6791","targetHints":{"allow":["GET"]}}],"collection":[{"href":"https:\/\/agora.xtec.cat\/ceipbellpuig\/wp-json\/wp\/v2\/posts"}],"about":[{"href":"https:\/\/agora.xtec.cat\/ceipbellpuig\/wp-json\/wp\/v2\/types\/post"}],"author":[{"embeddable":true,"href":"https:\/\/agora.xtec.cat\/ceipbellpuig\/wp-json\/wp\/v2\/users\/1"}],"replies":[{"embeddable":true,"href":"https:\/\/agora.xtec.cat\/ceipbellpuig\/wp-json\/wp\/v2\/comments?post=6791"}],"version-history":[{"count":5,"href":"https:\/\/agora.xtec.cat\/ceipbellpuig\/wp-json\/wp\/v2\/posts\/6791\/revisions"}],"predecessor-version":[{"id":6797,"href":"https:\/\/agora.xtec.cat\/ceipbellpuig\/wp-json\/wp\/v2\/posts\/6791\/revisions\/6797"}],"wp:featuredmedia":[{"embeddable":true,"href":"https:\/\/agora.xtec.cat\/ceipbellpuig\/wp-json\/wp\/v2\/media\/6794"}],"wp:attachment":[{"href":"https:\/\/agora.xtec.cat\/ceipbellpuig\/wp-json\/wp\/v2\/media?parent=6791"}],"wp:term":[{"taxonomy":"category","embeddable":true,"href":"https:\/\/agora.xtec.cat\/ceipbellpuig\/wp-json\/wp\/v2\/categories?post=6791"},{"taxonomy":"post_tag","embeddable":true,"href":"https:\/\/agora.xtec.cat\/ceipbellpuig\/wp-json\/wp\/v2\/tags?post=6791"}],"curies":[{"name":"wp","href":"https:\/\/api.w.org\/{rel}","templated":true}]}}