{"id":6389,"date":"2024-02-14T17:46:45","date_gmt":"2024-02-14T16:46:45","guid":{"rendered":"https:\/\/agora.xtec.cat\/ceipbellpuig\/?p=6389"},"modified":"2024-02-14T22:26:27","modified_gmt":"2024-02-14T21:26:27","slug":"lhort-de-lescola","status":"publish","type":"post","link":"https:\/\/agora.xtec.cat\/ceipbellpuig\/portada\/lhort-de-lescola\/","title":{"rendered":"L&#8217;HORT"},"content":{"rendered":"<p>Aquest any, la classe de la Tribu de 4t, cuidem l&#8217;hort i ens encanta!<\/p>\n<p>Us volem explicar qu\u00e8 hem fet des que vam comen\u00e7ar l&#8217;escola. Primer de tot, vam arrencar totes les herbes que s&#8217;havien acumulat durant l&#8217;estiu i les vam pesar. Un cop net ens van portar 2\u00a0<span class=\"hiddenSpellError\">big<\/span>\u00a0<span class=\"hiddenSpellError\">bags<\/span>\u00a0de terra bona i la vam escampar per l&#8217;hort. En Sergi, de la brigada de l&#8217;Ajuntament, ens va explicar qu\u00e8 era i com funcionava el motocultor i despr\u00e9s vam veure com el passava per l&#8217;hort. Ens va agradar molt poder-ho observar. La terra va quedar molt remenada i esponjosa.<\/p>\n<p>Aquest projecte el treballem en parelles i cada parella \u00e9s responsable de cuidar les plantes de la seva parcel\u00b7la i tamb\u00e9 de la parcel\u00b7la comunit\u00e0ria on\u00a0<span class=\"hiddenGrammarError\" style=\"padding-bottom: 2px; background-image: url('..\/..\/..\/..\/..\/images\/squiggle.png'); background-repeat: repeat-x; background-position: left bottom; cursor: default; color: #000000; font-family: 'Open Sans', Helvetica, Arial, sans-serif; font-size: 16px; font-style: normal; font-variant-ligatures: normal; font-variant-caps: normal; font-weight: 300; letter-spacing: normal; orphans: 2; text-align: start; text-indent: 0px; text-transform: none; widows: 2; word-spacing: 0px; -webkit-text-stroke-width: 0px; white-space: normal; text-decoration-thickness: initial; text-decoration-style: initial; text-decoration-color: initial;\">hi<\/span>\u00a0vam plantar faves i p\u00e8sols.<\/p>\n<p>A principis d&#8217;octubre, la nostra mestra ens va dir que hav\u00edem d&#8217;escollir quines plantes d&#8217;hivern vol\u00edem plantar com per exemple porros, enciams, cols, coliflors, cebes<span class=\"hiddenGrammarError\" style=\"padding-bottom: 2px; background-image: url('..\/..\/..\/..\/..\/images\/squiggle.png'); background-repeat: repeat-x; background-position: left bottom; cursor: default; color: #000000; font-family: 'Open Sans', Helvetica, Arial, sans-serif; font-size: 16px; font-style: normal; font-variant-ligatures: normal; font-variant-caps: normal; font-weight: 300; letter-spacing: normal; orphans: 2; text-align: start; text-indent: 0px; text-transform: none; widows: 2; word-spacing: 0px; -webkit-text-stroke-width: 0px; white-space: normal; text-decoration-thickness: initial; text-decoration-style: initial; text-decoration-color: initial;\">, &#8230;<\/span>\u00a0Vam fer un disseny de la nostra parcel\u00b7la,\u00a0<span class=\"hiddenGreenError\" style=\"padding-bottom: 2px; background-image: url('..\/..\/..\/..\/..\/images\/squiggle_green.png'); background-repeat: repeat-x; background-position: left bottom; cursor: default; color: #000000; font-family: 'Open Sans', Helvetica, Arial, sans-serif; font-size: 16px; font-style: normal; font-variant-ligatures: normal; font-variant-caps: normal; font-weight: 300; letter-spacing: normal; orphans: 2; text-align: start; text-indent: 0px; text-transform: none; widows: 2; word-spacing: 0px; -webkit-text-stroke-width: 0px; white-space: normal; text-decoration-thickness: initial; text-decoration-style: initial; text-decoration-color: initial;\">observant<\/span>\u00a0les caracter\u00edstiques de cada planter per saber a quina dist\u00e0ncia els hav\u00edem de plantar. La nostra mestra ens va preparar una botigueta per poder comprar els planters que vol\u00edem plantar i vam plantar-los.<\/p>\n<p>Quan va venir el fred vam tapar els enciams, les escaroles, i altres plantes amb mitja garrafa d&#8217;aigua per protegir-los. No vol\u00edem pas que ens quedessin congelats!<\/p>\n<p>Algunes hortalisses ja ens van cr\u00e9ixer (enciams, raves, escaroles, bledes<span class=\"hiddenGrammarError\" style=\"padding-bottom: 2px; background-image: url('..\/..\/..\/..\/..\/images\/squiggle.png'); background-repeat: repeat-x; background-position: left bottom; cursor: default; color: #000000; font-family: 'Open Sans', Helvetica, Arial, sans-serif; font-size: 16px; font-style: normal; font-variant-ligatures: normal; font-variant-caps: normal; font-weight: 300; letter-spacing: normal; orphans: 2; text-align: start; text-indent: 0px; text-transform: none; widows: 2; word-spacing: 0px; -webkit-text-stroke-width: 0px; white-space: normal; text-decoration-thickness: initial; text-decoration-style: initial; text-decoration-color: initial;\">,&#8230;<\/span>) i les vam poder arrencar i emportar-nos-les a casa. Que bones!!!<\/p>\n<p>Aquests dies no tenim massa feina perqu\u00e8 l&#8217;hort sembla adormit. Fem tasques de manteniment: regar, treure males herbes, remoure la terra<span class=\"hiddenGrammarError\" style=\"padding-bottom: 2px; background-image: url('..\/..\/..\/..\/..\/images\/squiggle.png'); background-repeat: repeat-x; background-position: left bottom; cursor: default; color: #000000; font-family: 'Open Sans', Helvetica, Arial, sans-serif; font-size: 16px; font-style: normal; font-variant-ligatures: normal; font-variant-caps: normal; font-weight: 300; letter-spacing: normal; orphans: 2; text-align: start; text-indent: 0px; text-transform: none; widows: 2; word-spacing: 0px; -webkit-text-stroke-width: 0px; white-space: normal; text-decoration-thickness: initial; text-decoration-style: initial; text-decoration-color: initial;\">,&#8230;<\/span><\/p>\n<p>Ja tenim ganes de poder plantar les hortalisses de primavera i estar ben enfeinats i enfeinades!<\/p>\n<p><strong><a href=\"https:\/\/agora.xtec.cat\/ceipbellpuig\/fotos2\/\" target=\"_blank\" rel=\"noopener\">FOTOS<\/a><\/strong><\/p>\n<p><a href=\"https:\/\/agora.xtec.cat\/ceipbellpuig\/wp-content\/uploads\/usu1575\/2024\/02\/IMG_20231109_152439-scaled.jpg\"><img loading=\"lazy\" decoding=\"async\" class=\"alignnone size-medium wp-image-6588 alignleft\" src=\"https:\/\/agora.xtec.cat\/ceipbellpuig\/wp-content\/uploads\/usu1575\/2024\/02\/IMG_20231109_152439-300x225.jpg\" alt=\"\" width=\"300\" height=\"225\" srcset=\"https:\/\/agora.xtec.cat\/ceipbellpuig\/wp-content\/uploads\/usu1575\/2024\/02\/IMG_20231109_152439-300x225.jpg 300w, https:\/\/agora.xtec.cat\/ceipbellpuig\/wp-content\/uploads\/usu1575\/2024\/02\/IMG_20231109_152439-1024x768.jpg 1024w, https:\/\/agora.xtec.cat\/ceipbellpuig\/wp-content\/uploads\/usu1575\/2024\/02\/IMG_20231109_152439-768x576.jpg 768w, https:\/\/agora.xtec.cat\/ceipbellpuig\/wp-content\/uploads\/usu1575\/2024\/02\/IMG_20231109_152439-1536x1152.jpg 1536w, https:\/\/agora.xtec.cat\/ceipbellpuig\/wp-content\/uploads\/usu1575\/2024\/02\/IMG_20231109_152439-2048x1536.jpg 2048w, https:\/\/agora.xtec.cat\/ceipbellpuig\/wp-content\/uploads\/usu1575\/2024\/02\/IMG_20231109_152439-200x150.jpg 200w\" sizes=\"auto, (max-width: 300px) 100vw, 300px\" \/><\/a><a href=\"https:\/\/agora.xtec.cat\/ceipbellpuig\/wp-content\/uploads\/usu1575\/2024\/02\/IMG_20231019_161633-scaled.jpg\"><img loading=\"lazy\" decoding=\"async\" class=\"alignnone size-medium wp-image-6587 alignleft\" src=\"https:\/\/agora.xtec.cat\/ceipbellpuig\/wp-content\/uploads\/usu1575\/2024\/02\/IMG_20231019_161633-300x224.jpg\" alt=\"\" width=\"300\" height=\"224\" srcset=\"https:\/\/agora.xtec.cat\/ceipbellpuig\/wp-content\/uploads\/usu1575\/2024\/02\/IMG_20231019_161633-300x224.jpg 300w, https:\/\/agora.xtec.cat\/ceipbellpuig\/wp-content\/uploads\/usu1575\/2024\/02\/IMG_20231019_161633-1024x766.jpg 1024w, https:\/\/agora.xtec.cat\/ceipbellpuig\/wp-content\/uploads\/usu1575\/2024\/02\/IMG_20231019_161633-768x575.jpg 768w, https:\/\/agora.xtec.cat\/ceipbellpuig\/wp-content\/uploads\/usu1575\/2024\/02\/IMG_20231019_161633-1536x1149.jpg 1536w, https:\/\/agora.xtec.cat\/ceipbellpuig\/wp-content\/uploads\/usu1575\/2024\/02\/IMG_20231019_161633-2048x1532.jpg 2048w, https:\/\/agora.xtec.cat\/ceipbellpuig\/wp-content\/uploads\/usu1575\/2024\/02\/IMG_20231019_161633-200x150.jpg 200w\" sizes=\"auto, (max-width: 300px) 100vw, 300px\" \/><\/a><\/p>\n<p>&nbsp;<\/p>\n","protected":false},"excerpt":{"rendered":"<p>Aquest any, la classe de la Tribu de 4t, cuidem l&#8217;hort i ens encanta! Us volem explicar qu\u00e8 hem fet des que vam comen\u00e7ar l&#8217;escola. Primer de tot, vam arrencar totes les herbes que s&#8217;havien acumulat durant l&#8217;estiu i les vam pesar. Un cop net ens van portar 2\u00a0big\u00a0bags\u00a0de terra bona i la vam escampar [&hellip;]<\/p>\n","protected":false},"author":43,"featured_media":6583,"comment_status":"open","ping_status":"closed","sticky":false,"template":"","format":"standard","meta":{"_bbp_topic_count":0,"_bbp_reply_count":0,"_bbp_total_topic_count":0,"_bbp_total_reply_count":0,"_bbp_voice_count":0,"_bbp_anonymous_reply_count":0,"_bbp_topic_count_hidden":0,"_bbp_reply_count_hidden":0,"_bbp_forum_subforum_count":0,"site-sidebar-layout":"default","site-content-layout":"","ast-site-content-layout":"","site-content-style":"default","site-sidebar-style":"default","ast-global-header-display":"","ast-banner-title-visibility":"","ast-main-header-display":"","ast-hfb-above-header-display":"","ast-hfb-below-header-display":"","ast-hfb-mobile-header-display":"","site-post-title":"","ast-breadcrumbs-content":"","ast-featured-img":"","footer-sml-layout":"","theme-transparent-header-meta":"","adv-header-id-meta":"","stick-header-meta":"","header-above-stick-meta":"","header-main-stick-meta":"","header-below-stick-meta":"","astra-migrate-meta-layouts":"default","ast-page-background-enabled":"default","ast-page-background-meta":{"desktop":{"background-color":"var(--ast-global-color-4)","background-image":"","background-repeat":"repeat","background-position":"center center","background-size":"auto","background-attachment":"scroll","background-type":"","background-media":"","overlay-type":"","overlay-color":"","overlay-opacity":"","overlay-gradient":""},"tablet":{"background-color":"","background-image":"","background-repeat":"repeat","background-position":"center center","background-size":"auto","background-attachment":"scroll","background-type":"","background-media":"","overlay-type":"","overlay-color":"","overlay-opacity":"","overlay-gradient":""},"mobile":{"background-color":"","background-image":"","background-repeat":"repeat","background-position":"center center","background-size":"auto","background-attachment":"scroll","background-type":"","background-media":"","overlay-type":"","overlay-color":"","overlay-opacity":"","overlay-gradient":""}},"ast-content-background-meta":{"desktop":{"background-color":"var(--ast-global-color-5)","background-image":"","background-repeat":"repeat","background-position":"center center","background-size":"auto","background-attachment":"scroll","background-type":"","background-media":"","overlay-type":"","overlay-color":"","overlay-opacity":"","overlay-gradient":""},"tablet":{"background-color":"var(--ast-global-color-5)","background-image":"","background-repeat":"repeat","background-position":"center center","background-size":"auto","background-attachment":"scroll","background-type":"","background-media":"","overlay-type":"","overlay-color":"","overlay-opacity":"","overlay-gradient":""},"mobile":{"background-color":"var(--ast-global-color-5)","background-image":"","background-repeat":"repeat","background-position":"center center","background-size":"auto","background-attachment":"scroll","background-type":"","background-media":"","overlay-type":"","overlay-color":"","overlay-opacity":"","overlay-gradient":""}},"footnotes":""},"categories":[60,4],"tags":[],"class_list":["post-6389","post","type-post","status-publish","format-standard","has-post-thumbnail","hentry","category-cicle-mitja","category-portada"],"post_mailing_queue_ids":[],"_links":{"self":[{"href":"https:\/\/agora.xtec.cat\/ceipbellpuig\/wp-json\/wp\/v2\/posts\/6389","targetHints":{"allow":["GET"]}}],"collection":[{"href":"https:\/\/agora.xtec.cat\/ceipbellpuig\/wp-json\/wp\/v2\/posts"}],"about":[{"href":"https:\/\/agora.xtec.cat\/ceipbellpuig\/wp-json\/wp\/v2\/types\/post"}],"author":[{"embeddable":true,"href":"https:\/\/agora.xtec.cat\/ceipbellpuig\/wp-json\/wp\/v2\/users\/43"}],"replies":[{"embeddable":true,"href":"https:\/\/agora.xtec.cat\/ceipbellpuig\/wp-json\/wp\/v2\/comments?post=6389"}],"version-history":[{"count":6,"href":"https:\/\/agora.xtec.cat\/ceipbellpuig\/wp-json\/wp\/v2\/posts\/6389\/revisions"}],"predecessor-version":[{"id":6596,"href":"https:\/\/agora.xtec.cat\/ceipbellpuig\/wp-json\/wp\/v2\/posts\/6389\/revisions\/6596"}],"wp:featuredmedia":[{"embeddable":true,"href":"https:\/\/agora.xtec.cat\/ceipbellpuig\/wp-json\/wp\/v2\/media\/6583"}],"wp:attachment":[{"href":"https:\/\/agora.xtec.cat\/ceipbellpuig\/wp-json\/wp\/v2\/media?parent=6389"}],"wp:term":[{"taxonomy":"category","embeddable":true,"href":"https:\/\/agora.xtec.cat\/ceipbellpuig\/wp-json\/wp\/v2\/categories?post=6389"},{"taxonomy":"post_tag","embeddable":true,"href":"https:\/\/agora.xtec.cat\/ceipbellpuig\/wp-json\/wp\/v2\/tags?post=6389"}],"curies":[{"name":"wp","href":"https:\/\/api.w.org\/{rel}","templated":true}]}}