{"id":6330,"date":"2023-10-03T12:49:20","date_gmt":"2023-10-03T10:49:20","guid":{"rendered":"https:\/\/agora.xtec.cat\/ceipbellpuig\/?p=6330"},"modified":"2023-10-03T12:49:20","modified_gmt":"2023-10-03T10:49:20","slug":"primers-dies-a-i3-2","status":"publish","type":"post","link":"https:\/\/agora.xtec.cat\/ceipbellpuig\/general\/primers-dies-a-i3-2\/","title":{"rendered":"PRIMERS DIES A I3"},"content":{"rendered":"<p><img loading=\"lazy\" decoding=\"async\" class=\"aligncenter\" src=\"https:\/\/lh3.googleusercontent.com\/pw\/ADCreHdPi25NpgCjBDiedcOzqHdJ8BdTlSjaA2t8XEyI7A76Sxualhr09eOwnEuIrh21jjI_uukMbyQF6f-Ajs5j9w5FVKlWIYwY5tRIvSc65VZOO1rv3N9oGyQeDGsi0SmQSLA52e7SHu7zEQg40-Gv0tEVwofJGdpaaEoIbc0HkkWXTZfOCUKhQS6xSTm0NH_IEAwUFVpo9nJqy98faBgFjt3kuW5PAJMFB3mRazpaSesixmYVm-j5fL73avJ1W-a1iidIQAzEsaaaxVxIvwAfqg37KbPaJ6dg938x4Ac9miFljqEyO5koEUmU5HPmZqObu37sIaVIW4pyz-9u0d2ArSwyeQFuXvhdd-NgeMbNKp40rk_k9XDhHa5eEfC1b2alAt-lqGAzOR5BVbsWzUCy_zfnp3H5PDBke3jlgm3NZvFDqonoo4s2Hx430-EdfpT8r3-qb6mnpxpXVcV1EuuCJAzpJidWKRu2ruMKjmTxUl1_bBg1R9rPEBpPip-96dCfTw0CVF7SeYFsV4_9uDnCVjVEGkGAHGWI_ixrJZE5ke3xq1u2kz4vYRziejY6uUughzVQRfYtWt3i72y9W7ZAPy0xtzx2s-M6DDN6rR7R2EmBW0KASds5Ce8J6c2TbBTU_0VmCVPgwW4a2qF2aBwSEWsdG_C85hLyF1msYjzHAPOkat5ZNmRCGK4KHxJ7dWp743qNx2nsmSlkpdUhnufB2ocT9jZol_y1EmPmyipjjZTlg3B5w4o-6E7jJzlBhBMWiAR7Y7XI8BWdppQoLTRWvYq03zaxxrO5M5iSIJ8V2MTA8JKWYhbAbPzn-VnXl7_jJv6VCnGC7h4KzoJye2KBGMsQ18aPkL2rhW0XP5sd8NsW07jULYYu2-cSeke9zqCJv9U-IzPQ2YHuIBvb0Y-zk9ytAD4-UeF7-TZLs7umTypffLrkeKCQJINF8rYI1A=w1917-h963-s-no?authuser=1\" width=\"485\" height=\"244\" \/><\/p>\n<p><span style=\"font-weight: 400;\">L&#8217;alumnat de I3 ha viscut un setembre ple d&#8217;emocions, novetats i aprenentatges!<\/span><\/p>\n<p><span style=\"font-weight: 400;\">Uns primers dies plens d&#8217;il\u00b7lusi\u00f3 i ganes de con\u00e8ixer la nova escola i totes les possibilitats que ens ofereix. Alguna ll\u00e0grima i molta curiositat.<\/span><\/p>\n<p><span style=\"font-weight: 400;\">Coneixent infants, les mestres, els espais, els &#8220;tempos&#8221;, els materials l\u00fadics i, aquells que es queden a dinar, el menjador i l&#8217;estona de la migdiada .<\/span><\/p>\n<p><span style=\"font-weight: 400;\">Aprenent les rutines d&#8217;aula i comen\u00e7ant a adquirir uns h\u00e0bits que seran molt importants al llarg de tota l&#8217;escolaritat.<\/span><\/p>\n<p><span style=\"font-weight: 400;\">Unes primeres setmanes de curs farcides de bons moments i en les que ens coneixem com a grup i comencem a fer pinya, un tema que marcar\u00e0 aquest curs i molt important per a l&#8217;escola i per a la vida!<\/span><\/p>\n<p><span style=\"font-weight: 400;\">Ah! I no ens n&#8217;oblidem! La nostra classe ja t\u00e9 nom: les formigues!<\/span><\/p>\n<p>&nbsp;<\/p>\n<p><a href=\"https:\/\/agora.xtec.cat\/ceipbellpuig\/fotos2\/\" target=\"_blank\" rel=\"noopener\"><span style=\"font-weight: 400;\">Voleu veure unes quantes imatges d&#8217;aquest primer mes?<\/span><\/a><\/p>\n<p>&nbsp;<\/p>\n","protected":false},"excerpt":{"rendered":"<p>L&#8217;alumnat de I3 ha viscut un setembre ple d&#8217;emocions, novetats i aprenentatges! Uns primers dies plens d&#8217;il\u00b7lusi\u00f3 i ganes de con\u00e8ixer la nova escola i totes les possibilitats que ens ofereix. Alguna ll\u00e0grima i molta curiositat. Coneixent infants, les mestres, els espais, els &#8220;tempos&#8221;, els materials l\u00fadics i, aquells que es queden a dinar, el [&hellip;]<\/p>\n","protected":false},"author":1,"featured_media":0,"comment_status":"open","ping_status":"closed","sticky":false,"template":"","format":"standard","meta":{"_bbp_topic_count":0,"_bbp_reply_count":0,"_bbp_total_topic_count":0,"_bbp_total_reply_count":0,"_bbp_voice_count":0,"_bbp_anonymous_reply_count":0,"_bbp_topic_count_hidden":0,"_bbp_reply_count_hidden":0,"_bbp_forum_subforum_count":0,"site-sidebar-layout":"default","site-content-layout":"","ast-site-content-layout":"","site-content-style":"default","site-sidebar-style":"default","ast-global-header-display":"","ast-banner-title-visibility":"","ast-main-header-display":"","ast-hfb-above-header-display":"","ast-hfb-below-header-display":"","ast-hfb-mobile-header-display":"","site-post-title":"","ast-breadcrumbs-content":"","ast-featured-img":"","footer-sml-layout":"","theme-transparent-header-meta":"","adv-header-id-meta":"","stick-header-meta":"","header-above-stick-meta":"","header-main-stick-meta":"","header-below-stick-meta":"","astra-migrate-meta-layouts":"default","ast-page-background-enabled":"default","ast-page-background-meta":{"desktop":{"background-color":"var(--ast-global-color-4)","background-image":"","background-repeat":"repeat","background-position":"center center","background-size":"auto","background-attachment":"scroll","background-type":"","background-media":"","overlay-type":"","overlay-color":"","overlay-opacity":"","overlay-gradient":""},"tablet":{"background-color":"","background-image":"","background-repeat":"repeat","background-position":"center center","background-size":"auto","background-attachment":"scroll","background-type":"","background-media":"","overlay-type":"","overlay-color":"","overlay-opacity":"","overlay-gradient":""},"mobile":{"background-color":"","background-image":"","background-repeat":"repeat","background-position":"center center","background-size":"auto","background-attachment":"scroll","background-type":"","background-media":"","overlay-type":"","overlay-color":"","overlay-opacity":"","overlay-gradient":""}},"ast-content-background-meta":{"desktop":{"background-color":"var(--ast-global-color-5)","background-image":"","background-repeat":"repeat","background-position":"center center","background-size":"auto","background-attachment":"scroll","background-type":"","background-media":"","overlay-type":"","overlay-color":"","overlay-opacity":"","overlay-gradient":""},"tablet":{"background-color":"var(--ast-global-color-5)","background-image":"","background-repeat":"repeat","background-position":"center center","background-size":"auto","background-attachment":"scroll","background-type":"","background-media":"","overlay-type":"","overlay-color":"","overlay-opacity":"","overlay-gradient":""},"mobile":{"background-color":"var(--ast-global-color-5)","background-image":"","background-repeat":"repeat","background-position":"center center","background-size":"auto","background-attachment":"scroll","background-type":"","background-media":"","overlay-type":"","overlay-color":"","overlay-opacity":"","overlay-gradient":""}},"footnotes":""},"categories":[1,2,4],"tags":[],"class_list":["post-6330","post","type-post","status-publish","format-standard","hentry","category-general","category-petits","category-portada"],"post_mailing_queue_ids":[],"_links":{"self":[{"href":"https:\/\/agora.xtec.cat\/ceipbellpuig\/wp-json\/wp\/v2\/posts\/6330","targetHints":{"allow":["GET"]}}],"collection":[{"href":"https:\/\/agora.xtec.cat\/ceipbellpuig\/wp-json\/wp\/v2\/posts"}],"about":[{"href":"https:\/\/agora.xtec.cat\/ceipbellpuig\/wp-json\/wp\/v2\/types\/post"}],"author":[{"embeddable":true,"href":"https:\/\/agora.xtec.cat\/ceipbellpuig\/wp-json\/wp\/v2\/users\/1"}],"replies":[{"embeddable":true,"href":"https:\/\/agora.xtec.cat\/ceipbellpuig\/wp-json\/wp\/v2\/comments?post=6330"}],"version-history":[{"count":2,"href":"https:\/\/agora.xtec.cat\/ceipbellpuig\/wp-json\/wp\/v2\/posts\/6330\/revisions"}],"predecessor-version":[{"id":6388,"href":"https:\/\/agora.xtec.cat\/ceipbellpuig\/wp-json\/wp\/v2\/posts\/6330\/revisions\/6388"}],"wp:attachment":[{"href":"https:\/\/agora.xtec.cat\/ceipbellpuig\/wp-json\/wp\/v2\/media?parent=6330"}],"wp:term":[{"taxonomy":"category","embeddable":true,"href":"https:\/\/agora.xtec.cat\/ceipbellpuig\/wp-json\/wp\/v2\/categories?post=6330"},{"taxonomy":"post_tag","embeddable":true,"href":"https:\/\/agora.xtec.cat\/ceipbellpuig\/wp-json\/wp\/v2\/tags?post=6330"}],"curies":[{"name":"wp","href":"https:\/\/api.w.org\/{rel}","templated":true}]}}