{"id":6214,"date":"2023-06-06T13:46:12","date_gmt":"2023-06-06T11:46:12","guid":{"rendered":"https:\/\/agora.xtec.cat\/ceipbellpuig\/?p=6214"},"modified":"2026-03-02T13:56:51","modified_gmt":"2026-03-02T12:56:51","slug":"lets-clean-up-day","status":"publish","type":"post","link":"https:\/\/agora.xtec.cat\/ceipbellpuig\/general\/lets-clean-up-day\/","title":{"rendered":"LET&#8217;S CLEAN UP DAY"},"content":{"rendered":"<p><span style=\"font-weight: 400;\">El passat 5 de maig des de l\u2019escola Bellpuig (alumnat, docents, fam\u00edlies i tothom que volgu\u00e9s participar) ens vam sumar a l\u2019acci\u00f3 solid\u00e0ria LET\u2019S CLEAN UP EUROPE, un projecte anual de recollida de residus a nivell europeu.\u00a0<\/span><\/p>\n<p><span style=\"font-weight: 400;\">El director general de l\u2019ag\u00e8ncia de residus de Catalunya, Isaac Peraire i l\u2019alcalde de Sant Juli\u00e0 de Vilatorta, van passar per les aules i els nens i nenes els hi van explicar com havien treballat els ODS (Objectius de Desenvolupament Sostenible) al llarg del curs.\u00a0<\/span><\/p>\n<p><span style=\"font-weight: 400;\">El professorat i els m\u00e9s grans de l\u2019escola ens vam encarregar de l&#8217;organitzaci\u00f3 dels participants i els vam assignar una de les 3 zones de recollida: les roques encantades, la zona de l\u2019Albareda i les Set Fonts.\u00a0<\/span><\/p>\n<p><span style=\"font-weight: 400;\">Durant la setmana pr\u00e8via tots els grups de l\u2019escola hav\u00edem estat elaborant tasques relacionades amb el CLEAN UP: elaborar un photocall i les seves bafarades, el cartell informatiu, el formulari que havien d\u2019omplir les fam\u00edlies, vam buscar informaci\u00f3 de qu\u00e8 \u00e9s un CLEAN UP, etc.<\/span><\/p>\n<p><span style=\"font-weight: 400;\">Despr\u00e9s de la recollida, vam classificar les deixalles per tal de poder-les reciclar i vam enviar les geolocalitzacions de les deixalles grosses per tal que l\u2019Ajuntament les pass\u00e9s a recollir.<\/span><\/p>\n<p><span style=\"font-weight: 400;\">El resultat va ser molt satisfactori ja que vam aconseguir recollir 78,29 kg, per aix\u00f2, ens sembla interessant animar a tothom a prendre consci\u00e8ncia de la import\u00e0ncia de cuidar el nostre planeta.<\/span><\/p>\n<p><span style=\"font-weight: 400;\">VOLEM UN M\u00d3N MILLOR!\u00a0<\/span><\/p>\n","protected":false},"excerpt":{"rendered":"<p>El passat 5 de maig des de l\u2019escola Bellpuig (alumnat, docents, fam\u00edlies i tothom que volgu\u00e9s participar) ens vam sumar a l\u2019acci\u00f3 solid\u00e0ria LET\u2019S CLEAN UP EUROPE, un projecte anual de recollida de residus a nivell europeu.\u00a0 El director general de l\u2019ag\u00e8ncia de residus de Catalunya, Isaac Peraire i l\u2019alcalde de Sant Juli\u00e0 de Vilatorta, [&hellip;]<\/p>\n","protected":false},"author":1,"featured_media":6216,"comment_status":"open","ping_status":"closed","sticky":false,"template":"","format":"standard","meta":{"_bbp_topic_count":0,"_bbp_reply_count":0,"_bbp_total_topic_count":0,"_bbp_total_reply_count":0,"_bbp_voice_count":0,"_bbp_anonymous_reply_count":0,"_bbp_topic_count_hidden":0,"_bbp_reply_count_hidden":0,"_bbp_forum_subforum_count":0,"site-sidebar-layout":"default","site-content-layout":"","ast-site-content-layout":"default","site-content-style":"default","site-sidebar-style":"default","ast-global-header-display":"","ast-banner-title-visibility":"","ast-main-header-display":"","ast-hfb-above-header-display":"","ast-hfb-below-header-display":"","ast-hfb-mobile-header-display":"","site-post-title":"","ast-breadcrumbs-content":"","ast-featured-img":"","footer-sml-layout":"","theme-transparent-header-meta":"","adv-header-id-meta":"","stick-header-meta":"","header-above-stick-meta":"","header-main-stick-meta":"","header-below-stick-meta":"","astra-migrate-meta-layouts":"set","ast-page-background-enabled":"default","ast-page-background-meta":{"desktop":{"background-color":"var(--ast-global-color-4)","background-image":"","background-repeat":"repeat","background-position":"center center","background-size":"auto","background-attachment":"scroll","background-type":"","background-media":"","overlay-type":"","overlay-color":"","overlay-opacity":"","overlay-gradient":""},"tablet":{"background-color":"","background-image":"","background-repeat":"repeat","background-position":"center center","background-size":"auto","background-attachment":"scroll","background-type":"","background-media":"","overlay-type":"","overlay-color":"","overlay-opacity":"","overlay-gradient":""},"mobile":{"background-color":"","background-image":"","background-repeat":"repeat","background-position":"center center","background-size":"auto","background-attachment":"scroll","background-type":"","background-media":"","overlay-type":"","overlay-color":"","overlay-opacity":"","overlay-gradient":""}},"ast-content-background-meta":{"desktop":{"background-color":"var(--ast-global-color-5)","background-image":"","background-repeat":"repeat","background-position":"center center","background-size":"auto","background-attachment":"scroll","background-type":"","background-media":"","overlay-type":"","overlay-color":"","overlay-opacity":"","overlay-gradient":""},"tablet":{"background-color":"var(--ast-global-color-5)","background-image":"","background-repeat":"repeat","background-position":"center center","background-size":"auto","background-attachment":"scroll","background-type":"","background-media":"","overlay-type":"","overlay-color":"","overlay-opacity":"","overlay-gradient":""},"mobile":{"background-color":"var(--ast-global-color-5)","background-image":"","background-repeat":"repeat","background-position":"center center","background-size":"auto","background-attachment":"scroll","background-type":"","background-media":"","overlay-type":"","overlay-color":"","overlay-opacity":"","overlay-gradient":""}},"footnotes":""},"categories":[64,1,73,4],"tags":[],"class_list":["post-6214","post","type-post","status-publish","format-standard","has-post-thumbnail","hentry","category-escola-bellpuig","category-general","category-fem","category-portada"],"post_mailing_queue_ids":[],"_links":{"self":[{"href":"https:\/\/agora.xtec.cat\/ceipbellpuig\/wp-json\/wp\/v2\/posts\/6214","targetHints":{"allow":["GET"]}}],"collection":[{"href":"https:\/\/agora.xtec.cat\/ceipbellpuig\/wp-json\/wp\/v2\/posts"}],"about":[{"href":"https:\/\/agora.xtec.cat\/ceipbellpuig\/wp-json\/wp\/v2\/types\/post"}],"author":[{"embeddable":true,"href":"https:\/\/agora.xtec.cat\/ceipbellpuig\/wp-json\/wp\/v2\/users\/1"}],"replies":[{"embeddable":true,"href":"https:\/\/agora.xtec.cat\/ceipbellpuig\/wp-json\/wp\/v2\/comments?post=6214"}],"version-history":[{"count":2,"href":"https:\/\/agora.xtec.cat\/ceipbellpuig\/wp-json\/wp\/v2\/posts\/6214\/revisions"}],"predecessor-version":[{"id":7593,"href":"https:\/\/agora.xtec.cat\/ceipbellpuig\/wp-json\/wp\/v2\/posts\/6214\/revisions\/7593"}],"wp:featuredmedia":[{"embeddable":true,"href":"https:\/\/agora.xtec.cat\/ceipbellpuig\/wp-json\/wp\/v2\/media\/6216"}],"wp:attachment":[{"href":"https:\/\/agora.xtec.cat\/ceipbellpuig\/wp-json\/wp\/v2\/media?parent=6214"}],"wp:term":[{"taxonomy":"category","embeddable":true,"href":"https:\/\/agora.xtec.cat\/ceipbellpuig\/wp-json\/wp\/v2\/categories?post=6214"},{"taxonomy":"post_tag","embeddable":true,"href":"https:\/\/agora.xtec.cat\/ceipbellpuig\/wp-json\/wp\/v2\/tags?post=6214"}],"curies":[{"name":"wp","href":"https:\/\/api.w.org\/{rel}","templated":true}]}}