{"id":6178,"date":"2023-05-16T13:24:33","date_gmt":"2023-05-16T11:24:33","guid":{"rendered":"https:\/\/agora.xtec.cat\/ceipbellpuig\/?p=6178"},"modified":"2023-05-16T18:56:39","modified_gmt":"2023-05-16T16:56:39","slug":"art-i-escola-arrel","status":"publish","type":"post","link":"https:\/\/agora.xtec.cat\/ceipbellpuig\/general\/art-i-escola-arrel\/","title":{"rendered":"ART I ESCOLA &#8220;ARREL&#8221;"},"content":{"rendered":"<p>Els grups de primer i segon hem estat treballant al llarg del curs el projecte d&#8217;Art i Escola; un projecte del Centre d&#8217;Arts contempor\u00e0nies de Vic on participen molts centres educatius.<\/p>\n<p><a href=\"https:\/\/www.acvic.org\/ca\/art-i-escola\">ACVIC ART I ESCOLA<\/a><\/p>\n<p>Aquest curs la tem\u00e0tica proposada era &#8220;ARREL&#8221; i d&#8217;aquesta paraula hem anat estirant i teixint el nostre projecte de cicle.<\/p>\n<p>Vam comen\u00e7ar parlant de qu\u00e8 ens suggeria la paraula Arrel a cadasc\u00fa de nosaltres i v\u00e0rem con\u00e8ixer artistes que tractaven l tema des de diferents perspectives com la Frida Kalho, la Gala Pont, en Wei Wei <a href=\"https:\/\/www.wikiart.org\/es\/ai-weiwei\">https:\/\/www.wikiart.org\/es\/ai-weiwei <\/a>l&#8217;Ugur Gallenkus <a href=\"https:\/\/www.saatchiart.com\/ugurgallen\">https:\/\/www.saatchiart.com\/ugurgallen. <\/a><\/p>\n<p>A continuaci\u00f3 vam realitzar una sortida als voltants de la Font d&#8217;en Pau i el Castell de Bellpuig per observar arrels reals. En vam veure de gegants que sobresortien de terra, de petites que semblaven fils, amb nusos, llises&#8230;<\/p>\n<p><a href=\"https:\/\/photos.app.goo.gl\/JbU25gA8cGg7pwsP8\">SORTIDA AL CASTELL<\/a><\/p>\n<p>Com que havia sorgit la idea de les arrels familiars i els pa\u00efsos d&#8217;origen, vam dedicar sessions de medi i valors a coneixe&#8217;ns m\u00e9s els uns als altres despr\u00e9s d&#8217;investigar una mica sobre el nostre arbre familiar.<\/p>\n<p>Des de l&#8217;\u00e0rea de m\u00fasica, la Nuri, va enriquir l&#8217;experi\u00e8ncia amb diferents exercicis d&#8217;expressi\u00f3 corporal.<\/p>\n<p><a href=\"https:\/\/photos.app.goo.gl\/zec8G1ao31otrsBi9\">ARRELS I M\u00daSICA<\/a><\/p>\n<p>Aleshores un dia la Clara va arribar amb un conte que es deia &#8220;La Font amagada&#8221; de la M\u00edriam Tirado. Al final de la hist\u00f2ria ens proposava realitzar un joc de pistes que et feia connectar amb les coses que feies quan eres petit\/a i ja no feies, amb all\u00f2 que et donava energia i et nodria.<\/p>\n<p><a href=\"https:\/\/photos.app.goo.gl\/9iNw5c3cifinEmTdA\">LA FONT AMAGADA<\/a><\/p>\n<p>A partir d&#8217;aqu\u00ed cada alumne de manera individual i amb un ventall ampli de materials, va realitzar una escultura o element pl\u00e0stic que represent\u00e9s all\u00f2 que el nodria.<\/p>\n<p>Per acabar el projecte vam fer una performance al pati simunlant una arrel gegant.<\/p>\n<p><a href=\"https:\/\/photos.app.goo.gl\/RDRS2QqpK5BmFWfA6\">PERFORMANCE<\/a><\/p>\n<p>La tarda del 12 de maig vam poder acostar el projecte a les fam\u00edlies i fer creacions conjuntes.<\/p>\n<p><a href=\"https:\/\/photos.app.goo.gl\/8Kekhi519HBpU3XQ8\">PORTES OBERTES FAM\u00cdLIES<\/a><\/p>\n<p>Aquest projecte ens ha perm\u00e8s treballar molts aspectes personals i compartir-los amb els companys\/es de cicle.<\/p>\n<p>Us deixem el v\u00eddeo que recull tot el projecte.<\/p>\n<p><a href=\"https:\/\/drive.google.com\/file\/d\/1FTgAgedWaffVmcHCg_GyQpvR-x1xObcb\/view?usp=share_link\">V\u00cdDEO &#8220;I A NOSALTRES, QU\u00c8 ENS NODREIX?&#8221;<\/a><\/p>\n<p>&nbsp;<\/p>\n<p>&nbsp;<\/p>\n<p>&nbsp;<\/p>\n","protected":false},"excerpt":{"rendered":"<p>Els grups de primer i segon hem estat treballant al llarg del curs el projecte d&#8217;Art i Escola; un projecte del Centre d&#8217;Arts contempor\u00e0nies de Vic on participen molts centres educatius. ACVIC ART I ESCOLA Aquest curs la tem\u00e0tica proposada era &#8220;ARREL&#8221; i d&#8217;aquesta paraula hem anat estirant i teixint el nostre projecte de cicle. [&hellip;]<\/p>\n","protected":false},"author":1,"featured_media":0,"comment_status":"open","ping_status":"closed","sticky":false,"template":"","format":"standard","meta":{"_bbp_topic_count":0,"_bbp_reply_count":0,"_bbp_total_topic_count":0,"_bbp_total_reply_count":0,"_bbp_voice_count":0,"_bbp_anonymous_reply_count":0,"_bbp_topic_count_hidden":0,"_bbp_reply_count_hidden":0,"_bbp_forum_subforum_count":0,"site-sidebar-layout":"default","site-content-layout":"","ast-site-content-layout":"","site-content-style":"default","site-sidebar-style":"default","ast-global-header-display":"","ast-banner-title-visibility":"","ast-main-header-display":"","ast-hfb-above-header-display":"","ast-hfb-below-header-display":"","ast-hfb-mobile-header-display":"","site-post-title":"","ast-breadcrumbs-content":"","ast-featured-img":"","footer-sml-layout":"","theme-transparent-header-meta":"","adv-header-id-meta":"","stick-header-meta":"","header-above-stick-meta":"","header-main-stick-meta":"","header-below-stick-meta":"","astra-migrate-meta-layouts":"default","ast-page-background-enabled":"default","ast-page-background-meta":{"desktop":{"background-color":"var(--ast-global-color-4)","background-image":"","background-repeat":"repeat","background-position":"center center","background-size":"auto","background-attachment":"scroll","background-type":"","background-media":"","overlay-type":"","overlay-color":"","overlay-opacity":"","overlay-gradient":""},"tablet":{"background-color":"","background-image":"","background-repeat":"repeat","background-position":"center center","background-size":"auto","background-attachment":"scroll","background-type":"","background-media":"","overlay-type":"","overlay-color":"","overlay-opacity":"","overlay-gradient":""},"mobile":{"background-color":"","background-image":"","background-repeat":"repeat","background-position":"center center","background-size":"auto","background-attachment":"scroll","background-type":"","background-media":"","overlay-type":"","overlay-color":"","overlay-opacity":"","overlay-gradient":""}},"ast-content-background-meta":{"desktop":{"background-color":"var(--ast-global-color-5)","background-image":"","background-repeat":"repeat","background-position":"center center","background-size":"auto","background-attachment":"scroll","background-type":"","background-media":"","overlay-type":"","overlay-color":"","overlay-opacity":"","overlay-gradient":""},"tablet":{"background-color":"var(--ast-global-color-5)","background-image":"","background-repeat":"repeat","background-position":"center center","background-size":"auto","background-attachment":"scroll","background-type":"","background-media":"","overlay-type":"","overlay-color":"","overlay-opacity":"","overlay-gradient":""},"mobile":{"background-color":"var(--ast-global-color-5)","background-image":"","background-repeat":"repeat","background-position":"center center","background-size":"auto","background-attachment":"scroll","background-type":"","background-media":"","overlay-type":"","overlay-color":"","overlay-opacity":"","overlay-gradient":""}},"footnotes":""},"categories":[59,460,1,92,4,5,71],"tags":[233],"class_list":["post-6178","post","type-post","status-publish","format-standard","hentry","category-cicle-inicial","category-educacio-en-valors","category-general","category-musica","category-portada","category-primaria","category-projectes","tag-artiescola"],"post_mailing_queue_ids":[],"_links":{"self":[{"href":"https:\/\/agora.xtec.cat\/ceipbellpuig\/wp-json\/wp\/v2\/posts\/6178","targetHints":{"allow":["GET"]}}],"collection":[{"href":"https:\/\/agora.xtec.cat\/ceipbellpuig\/wp-json\/wp\/v2\/posts"}],"about":[{"href":"https:\/\/agora.xtec.cat\/ceipbellpuig\/wp-json\/wp\/v2\/types\/post"}],"author":[{"embeddable":true,"href":"https:\/\/agora.xtec.cat\/ceipbellpuig\/wp-json\/wp\/v2\/users\/1"}],"replies":[{"embeddable":true,"href":"https:\/\/agora.xtec.cat\/ceipbellpuig\/wp-json\/wp\/v2\/comments?post=6178"}],"version-history":[{"count":3,"href":"https:\/\/agora.xtec.cat\/ceipbellpuig\/wp-json\/wp\/v2\/posts\/6178\/revisions"}],"predecessor-version":[{"id":6185,"href":"https:\/\/agora.xtec.cat\/ceipbellpuig\/wp-json\/wp\/v2\/posts\/6178\/revisions\/6185"}],"wp:attachment":[{"href":"https:\/\/agora.xtec.cat\/ceipbellpuig\/wp-json\/wp\/v2\/media?parent=6178"}],"wp:term":[{"taxonomy":"category","embeddable":true,"href":"https:\/\/agora.xtec.cat\/ceipbellpuig\/wp-json\/wp\/v2\/categories?post=6178"},{"taxonomy":"post_tag","embeddable":true,"href":"https:\/\/agora.xtec.cat\/ceipbellpuig\/wp-json\/wp\/v2\/tags?post=6178"}],"curies":[{"name":"wp","href":"https:\/\/api.w.org\/{rel}","templated":true}]}}