{"id":6143,"date":"2023-04-25T16:37:43","date_gmt":"2023-04-25T14:37:43","guid":{"rendered":"https:\/\/agora.xtec.cat\/ceipbellpuig\/?p=6143"},"modified":"2023-04-25T16:37:43","modified_gmt":"2023-04-25T14:37:43","slug":"sant-jordi-a-lescola","status":"publish","type":"post","link":"https:\/\/agora.xtec.cat\/ceipbellpuig\/general\/sant-jordi-a-lescola\/","title":{"rendered":"SANT JORDI A L&#8217;ESCOLA"},"content":{"rendered":"<p>Aquest mat\u00ed hem comen\u00e7at el dia fent activitats liter\u00e0ries i lectura de contes &#8220;Compartim el nostre conte&#8221; amb els companys\/es de tota l&#8217;escola.<\/p>\n<p>Despr\u00e9s hem fet ballar el drac i a la tarda hem celebrat els Jocs Florals.<\/p>\n<p>Moltes felicitats a tothom!<\/p>\n<p><a href=\"https:\/\/photos.app.goo.gl\/YXA6XaiiZxcS3WSH9\" target=\"_blank\" rel=\"noopener\">Mural a Educaci\u00f3 Infantil<\/a><\/p>\n<p><a href=\"https:\/\/photos.app.goo.gl\/YbEiUsPy29HxNtzf9\" target=\"_blank\" rel=\"noopener\">Pintem un mural a CI<\/a><\/p>\n<p><a href=\"https:\/\/photos.app.goo.gl\/vPzjFTcsmSsLV6Xc6\" target=\"_blank\" rel=\"noopener\">Compartim el nostre conte<\/a><\/p>\n<p><a href=\"https:\/\/photos.app.goo.gl\/CYSX12kEeRw1UWNfA\" target=\"_blank\" rel=\"noopener\">Jocs Florals<\/a><\/p>\n<p><a href=\"https:\/\/agora.xtec.cat\/ceipbellpuig\/wp-content\/uploads\/usu1575\/2023\/04\/sant-jordi.jpg\"><img loading=\"lazy\" decoding=\"async\" class=\" wp-image-6144 alignleft\" src=\"https:\/\/agora.xtec.cat\/ceipbellpuig\/wp-content\/uploads\/usu1575\/2023\/04\/sant-jordi.jpg\" alt=\"\" width=\"447\" height=\"447\" srcset=\"https:\/\/agora.xtec.cat\/ceipbellpuig\/wp-content\/uploads\/usu1575\/2023\/04\/sant-jordi.jpg 600w, https:\/\/agora.xtec.cat\/ceipbellpuig\/wp-content\/uploads\/usu1575\/2023\/04\/sant-jordi-300x300.jpg 300w, https:\/\/agora.xtec.cat\/ceipbellpuig\/wp-content\/uploads\/usu1575\/2023\/04\/sant-jordi-150x150.jpg 150w\" sizes=\"auto, (max-width: 447px) 100vw, 447px\" \/><\/a><\/p>\n","protected":false},"excerpt":{"rendered":"<p>Aquest mat\u00ed hem comen\u00e7at el dia fent activitats liter\u00e0ries i lectura de contes &#8220;Compartim el nostre conte&#8221; amb els companys\/es de tota l&#8217;escola. Despr\u00e9s hem fet ballar el drac i a la tarda hem celebrat els Jocs Florals. Moltes felicitats a tothom! Mural a Educaci\u00f3 Infantil Pintem un mural a CI Compartim el nostre conte [&hellip;]<\/p>\n","protected":false},"author":1,"featured_media":0,"comment_status":"open","ping_status":"closed","sticky":false,"template":"","format":"standard","meta":{"_bbp_topic_count":0,"_bbp_reply_count":0,"_bbp_total_topic_count":0,"_bbp_total_reply_count":0,"_bbp_voice_count":0,"_bbp_anonymous_reply_count":0,"_bbp_topic_count_hidden":0,"_bbp_reply_count_hidden":0,"_bbp_forum_subforum_count":0,"site-sidebar-layout":"default","site-content-layout":"","ast-site-content-layout":"","site-content-style":"default","site-sidebar-style":"default","ast-global-header-display":"","ast-banner-title-visibility":"","ast-main-header-display":"","ast-hfb-above-header-display":"","ast-hfb-below-header-display":"","ast-hfb-mobile-header-display":"","site-post-title":"","ast-breadcrumbs-content":"","ast-featured-img":"","footer-sml-layout":"","theme-transparent-header-meta":"","adv-header-id-meta":"","stick-header-meta":"","header-above-stick-meta":"","header-main-stick-meta":"","header-below-stick-meta":"","astra-migrate-meta-layouts":"default","ast-page-background-enabled":"default","ast-page-background-meta":{"desktop":{"background-color":"var(--ast-global-color-4)","background-image":"","background-repeat":"repeat","background-position":"center center","background-size":"auto","background-attachment":"scroll","background-type":"","background-media":"","overlay-type":"","overlay-color":"","overlay-opacity":"","overlay-gradient":""},"tablet":{"background-color":"","background-image":"","background-repeat":"repeat","background-position":"center center","background-size":"auto","background-attachment":"scroll","background-type":"","background-media":"","overlay-type":"","overlay-color":"","overlay-opacity":"","overlay-gradient":""},"mobile":{"background-color":"","background-image":"","background-repeat":"repeat","background-position":"center center","background-size":"auto","background-attachment":"scroll","background-type":"","background-media":"","overlay-type":"","overlay-color":"","overlay-opacity":"","overlay-gradient":""}},"ast-content-background-meta":{"desktop":{"background-color":"var(--ast-global-color-5)","background-image":"","background-repeat":"repeat","background-position":"center center","background-size":"auto","background-attachment":"scroll","background-type":"","background-media":"","overlay-type":"","overlay-color":"","overlay-opacity":"","overlay-gradient":""},"tablet":{"background-color":"var(--ast-global-color-5)","background-image":"","background-repeat":"repeat","background-position":"center center","background-size":"auto","background-attachment":"scroll","background-type":"","background-media":"","overlay-type":"","overlay-color":"","overlay-opacity":"","overlay-gradient":""},"mobile":{"background-color":"var(--ast-global-color-5)","background-image":"","background-repeat":"repeat","background-position":"center center","background-size":"auto","background-attachment":"scroll","background-type":"","background-media":"","overlay-type":"","overlay-color":"","overlay-opacity":"","overlay-gradient":""}},"footnotes":""},"categories":[64,1,2,4,5],"tags":[],"class_list":["post-6143","post","type-post","status-publish","format-standard","hentry","category-escola-bellpuig","category-general","category-petits","category-portada","category-primaria"],"post_mailing_queue_ids":[],"_links":{"self":[{"href":"https:\/\/agora.xtec.cat\/ceipbellpuig\/wp-json\/wp\/v2\/posts\/6143","targetHints":{"allow":["GET"]}}],"collection":[{"href":"https:\/\/agora.xtec.cat\/ceipbellpuig\/wp-json\/wp\/v2\/posts"}],"about":[{"href":"https:\/\/agora.xtec.cat\/ceipbellpuig\/wp-json\/wp\/v2\/types\/post"}],"author":[{"embeddable":true,"href":"https:\/\/agora.xtec.cat\/ceipbellpuig\/wp-json\/wp\/v2\/users\/1"}],"replies":[{"embeddable":true,"href":"https:\/\/agora.xtec.cat\/ceipbellpuig\/wp-json\/wp\/v2\/comments?post=6143"}],"version-history":[{"count":1,"href":"https:\/\/agora.xtec.cat\/ceipbellpuig\/wp-json\/wp\/v2\/posts\/6143\/revisions"}],"predecessor-version":[{"id":6145,"href":"https:\/\/agora.xtec.cat\/ceipbellpuig\/wp-json\/wp\/v2\/posts\/6143\/revisions\/6145"}],"wp:attachment":[{"href":"https:\/\/agora.xtec.cat\/ceipbellpuig\/wp-json\/wp\/v2\/media?parent=6143"}],"wp:term":[{"taxonomy":"category","embeddable":true,"href":"https:\/\/agora.xtec.cat\/ceipbellpuig\/wp-json\/wp\/v2\/categories?post=6143"},{"taxonomy":"post_tag","embeddable":true,"href":"https:\/\/agora.xtec.cat\/ceipbellpuig\/wp-json\/wp\/v2\/tags?post=6143"}],"curies":[{"name":"wp","href":"https:\/\/api.w.org\/{rel}","templated":true}]}}