{"id":5954,"date":"2022-12-10T11:22:43","date_gmt":"2022-12-10T10:22:43","guid":{"rendered":"https:\/\/agora.xtec.cat\/ceipbellpuig\/?p=5954"},"modified":"2022-12-10T11:26:28","modified_gmt":"2022-12-10T10:26:28","slug":"fundacio-pau-costa-adf-i-forestals","status":"publish","type":"post","link":"https:\/\/agora.xtec.cat\/ceipbellpuig\/general\/fundacio-pau-costa-adf-i-forestals\/","title":{"rendered":"FUNDACI\u00d3 PAU COSTA, ADF i FORESTALS"},"content":{"rendered":"<p><span style=\"font-weight: 400;\">A primer hem tingut uns dies molt divertits. Ens han visitat moltes persones per explicar-nos coses sobre els ODS 11-13 i 15,\u00a0 els ODS que estem estudiant els i les FORESTALS.\u00a0<\/span><\/p>\n<p><a href=\"https:\/\/agora.xtec.cat\/ceipbellpuig\/wp-content\/uploads\/usu1575\/2022\/12\/20221117_095714.jpg\"><img loading=\"lazy\" decoding=\"async\" class=\"aligncenter size-medium wp-image-5957\" src=\"https:\/\/agora.xtec.cat\/ceipbellpuig\/wp-content\/uploads\/usu1575\/2022\/12\/20221117_095714-300x225.jpg\" alt=\"\" width=\"300\" height=\"225\" srcset=\"https:\/\/agora.xtec.cat\/ceipbellpuig\/wp-content\/uploads\/usu1575\/2022\/12\/20221117_095714-300x225.jpg 300w, https:\/\/agora.xtec.cat\/ceipbellpuig\/wp-content\/uploads\/usu1575\/2022\/12\/20221117_095714-1024x768.jpg 1024w, https:\/\/agora.xtec.cat\/ceipbellpuig\/wp-content\/uploads\/usu1575\/2022\/12\/20221117_095714-768x576.jpg 768w, https:\/\/agora.xtec.cat\/ceipbellpuig\/wp-content\/uploads\/usu1575\/2022\/12\/20221117_095714-200x150.jpg 200w, https:\/\/agora.xtec.cat\/ceipbellpuig\/wp-content\/uploads\/usu1575\/2022\/12\/20221117_095714.jpg 1292w\" sizes=\"auto, (max-width: 300px) 100vw, 300px\" \/><\/a><\/p>\n<p><b>ADF-<\/b><span style=\"font-weight: 400;\"> Va venir en Jaume de l&#8217;ADF per explicar-nos qui s\u00f3n i quina feina fan. Sabeu que ajuden els bombers i coneixen molt b\u00e9 el bosc? Ens va ensenyar un cotxe amb un dip\u00f2sit d&#8217;aigua i m\u00e0nega que utilitzen per ajudar a apagar focs. Tamb\u00e9 ens va ensenyar la seva roba i l&#8217;emissora (ens va agradar molt poder parlar entre nosaltres).\u00a0<\/span><\/p>\n<p style=\"text-align: right;\"><i><span style=\"font-weight: 400;\">Periodistes JRG, \u00c8ME i AHV<\/span><\/i><\/p>\n<p><a href=\"https:\/\/photos.app.goo.gl\/wnE92n1k2FdaTnHw7\" target=\"_blank\" rel=\"noopener\">FOTOS ADF<\/a><\/p>\n<p><b>LA FONT D\u2019EN PAU.<\/b><span style=\"font-weight: 400;\"> El pare de la Magal\u00ed, en Roger Morral,\u00a0 ens va explicar com van fer\u00a0 la Font d\u2019en Pau. Tots els amics d\u2019en Pau es van trobar i ven decidir fer-li una Font. Com que tenia molts amics eren una bona colla a fer-la. Van triar un lloc molt bonic i natural perqu\u00e8 a ell li agradava molt el bosc i tothom va donar coses que tenia per poder construir la Font. Sabeu que el cartell que posa la Font d\u2019en Pau est\u00e0 escrit amb la seva lletra? Doncs van tenir una idea molt bona! Van agafar els seus apunts i van fer la seva pr\u00f2pia lletra per fer el cartell. La Font d\u2019en Pau ens agrada molt!<\/span><\/p>\n<p><a href=\"https:\/\/photos.app.goo.gl\/KvChJ4dsrpKpJ5Hx9\" target=\"_blank\" rel=\"noopener\">LA FONT D&#8217;EN PAU<\/a><\/p>\n<p style=\"text-align: right;\"><i><span style=\"font-weight: 400;\">\u00a0 \u00a0 \u00a0 \u00a0 \u00a0 \u00a0 \u00a0 Periodistes MVP, AC i CCP<\/span><\/i><\/p>\n<p><a href=\"https:\/\/agora.xtec.cat\/ceipbellpuig\/wp-content\/uploads\/usu1575\/2022\/12\/20221122_121636.jpg\"><img loading=\"lazy\" decoding=\"async\" class=\"aligncenter size-medium wp-image-5959\" src=\"https:\/\/agora.xtec.cat\/ceipbellpuig\/wp-content\/uploads\/usu1575\/2022\/12\/20221122_121636-300x225.jpg\" alt=\"\" width=\"300\" height=\"225\" srcset=\"https:\/\/agora.xtec.cat\/ceipbellpuig\/wp-content\/uploads\/usu1575\/2022\/12\/20221122_121636-300x225.jpg 300w, https:\/\/agora.xtec.cat\/ceipbellpuig\/wp-content\/uploads\/usu1575\/2022\/12\/20221122_121636-1024x768.jpg 1024w, https:\/\/agora.xtec.cat\/ceipbellpuig\/wp-content\/uploads\/usu1575\/2022\/12\/20221122_121636-768x576.jpg 768w, https:\/\/agora.xtec.cat\/ceipbellpuig\/wp-content\/uploads\/usu1575\/2022\/12\/20221122_121636-200x150.jpg 200w, https:\/\/agora.xtec.cat\/ceipbellpuig\/wp-content\/uploads\/usu1575\/2022\/12\/20221122_121636.jpg 1216w\" sizes=\"auto, (max-width: 300px) 100vw, 300px\" \/><\/a><\/p>\n<p><b>FUNDACI\u00d3 PAU COSTA<\/b><span style=\"font-weight: 400;\">&#8211; Fa uns dies que vam mirar uns v\u00eddeos que ens van passar les persones que treballen a la Fundaci\u00f3 d&#8217;en Pau Costa. Sabeu que era un bomber d&#8217;aqu\u00ed a St. Juli\u00e0? Doncs hi ha una fundaci\u00f3 que preparen activitats per escoles per explicar qu\u00e8 \u00e9s el foc, com es fa, la import\u00e0ncia de la gesti\u00f3 dels boscos, &#8230; Amb ells hem fet activitats molt xules com: fem un bosc gestionat i un que no, quin es crema abans? Anem d&#8217;excursi\u00f3 a la Font d&#8217;en Pau i els hi expliquem nosaltres qui la va fer (tot el que ens va explicar en ROGER, el pare de la Magal\u00ed). Vam fer pigment natural amb carb\u00f3, cendra i ou,&#8230;. hem fet un joc de pistes per descobrir qu\u00e8 necessita la puput per viure a gust en un bosc, hem constru\u00eft una puput,&#8230; No cal dir que ens ha encantat!\u00a0 \u00a0 \u00a0 \u00a0 \u00a0 \u00a0 \u00a0 \u00a0 \u00a0 \u00a0 \u00a0 \u00a0 \u00a0 \u00a0 \u00a0 \u00a0 \u00a0 \u00a0 \u00a0 \u00a0\u00a0<\/span><\/p>\n<p style=\"text-align: right;\">\u00a0 \u00a0 \u00a0 \u00a0 \u00a0 \u00a0 \u00a0 \u00a0 \u00a0 \u00a0 \u00a0 \u00a0 \u00a0 \u00a0 \u00a0 \u00a0 \u00a0 \u00a0 \u00a0 \u00a0 \u00a0 \u00a0 \u00a0 \u00a0 \u00a0 \u00a0 \u00a0 \u00a0 \u00a0 \u00a0 \u00a0 \u00a0 \u00a0 \u00a0 \u00a0\u00a0<span style=\"font-weight: 400;\">\u00a0 <\/span><i><span style=\"font-weight: 400;\">Periodistes ACB, MMR, APC<\/span><\/i><\/p>\n<p><a href=\"https:\/\/photos.app.goo.gl\/T2ft86i4aDZ3po8N6\">FOTOS FUNDACI\u00d3 PAU COSTA<\/a><\/p>\n<p><a href=\"https:\/\/agora.xtec.cat\/ceipbellpuig\/wp-content\/uploads\/usu1575\/2022\/12\/20221121_113144.jpg\"><img loading=\"lazy\" decoding=\"async\" class=\"aligncenter size-medium wp-image-5960\" src=\"https:\/\/agora.xtec.cat\/ceipbellpuig\/wp-content\/uploads\/usu1575\/2022\/12\/20221121_113144-225x300.jpg\" alt=\"\" width=\"225\" height=\"300\" srcset=\"https:\/\/agora.xtec.cat\/ceipbellpuig\/wp-content\/uploads\/usu1575\/2022\/12\/20221121_113144-225x300.jpg 225w, https:\/\/agora.xtec.cat\/ceipbellpuig\/wp-content\/uploads\/usu1575\/2022\/12\/20221121_113144.jpg 684w\" sizes=\"auto, (max-width: 225px) 100vw, 225px\" \/><\/a><\/p>\n<p>&nbsp;<\/p>\n<p style=\"text-align: left;\"><b>PROTECTORA D\u2019ANIMALS D\u2019OSONA<\/b><span style=\"font-weight: 400;\">&#8211; El dia 21 vam anar al centre de dia per compartir amb els \u201cavis\u201d la visita de la Protectora d\u2019animals d\u2019Osona. Ens van portar un gos molt maco i ens van explicar la feina que tenien a la protectora. Vam aprendre que si trobem un animal abandonat hem de trucar a l\u2019Ajuntament o els municipals. Vam llegir el llibre d\u2019en Pau i la Laia que es diu l\u2019Arribada d\u2019en Terri. Com que ens va agradar molt vam decidir fer un cartell perqu\u00e8 el pengin a la Protectora. Ens va quedar molt maco i els hi va agradar molt.\u00a0<\/span><\/p>\n<p style=\"text-align: right;\"><i><span style=\"font-weight: 400;\">Periodistes EMC, JTR<\/span><\/i><\/p>\n<p><a href=\"https:\/\/photos.app.goo.gl\/wB56jGmR3xqFoukQ7\" target=\"_blank\" rel=\"noopener\">FOTOS PROTECTORA<\/a><\/p>\n<p><b>FORESTALS-<\/b><span style=\"font-weight: 400;\"> Dimarts van venir l\u2019Alba i en Mart\u00ed i ens van explicar quina feina fan els forestals. Ens van explicar que a la Riera Major hi viu una fam\u00edlia de Ll\u00fadrigues. Ens van ensenyar un lir\u00f3, una serp esculapi i la foto d\u2019una teranyina molt xula,&#8230; ens van parlar dels animals i arbres que viuen al parc i de com d\u2019important \u00e9s respectar el nostre bosc. Despr\u00e9s hem fet una feina per equips cooperatius. Quina sequera!<\/span><\/p>\n<p><a href=\"https:\/\/photos.app.goo.gl\/sgHMNzmwSoCnrsFt5\" target=\"_blank\" rel=\"noopener\">FORESTALS GUILLERIES-SAVASSONA<\/a><\/p>\n<p style=\"text-align: right;\"><i><span style=\"font-weight: 400;\">Periodista JSG, ACV<\/span><\/i><\/p>\n","protected":false},"excerpt":{"rendered":"<p>A primer hem tingut uns dies molt divertits. Ens han visitat moltes persones per explicar-nos coses sobre els ODS 11-13 i 15,\u00a0 els ODS que estem estudiant els i les FORESTALS.\u00a0 ADF- Va venir en Jaume de l&#8217;ADF per explicar-nos qui s\u00f3n i quina feina fan. Sabeu que ajuden els bombers i coneixen molt b\u00e9 [&hellip;]<\/p>\n","protected":false},"author":1,"featured_media":0,"comment_status":"open","ping_status":"closed","sticky":false,"template":"","format":"standard","meta":{"_bbp_topic_count":0,"_bbp_reply_count":0,"_bbp_total_topic_count":0,"_bbp_total_reply_count":0,"_bbp_voice_count":0,"_bbp_anonymous_reply_count":0,"_bbp_topic_count_hidden":0,"_bbp_reply_count_hidden":0,"_bbp_forum_subforum_count":0,"site-sidebar-layout":"default","site-content-layout":"","ast-site-content-layout":"","site-content-style":"default","site-sidebar-style":"default","ast-global-header-display":"","ast-banner-title-visibility":"","ast-main-header-display":"","ast-hfb-above-header-display":"","ast-hfb-below-header-display":"","ast-hfb-mobile-header-display":"","site-post-title":"","ast-breadcrumbs-content":"","ast-featured-img":"","footer-sml-layout":"","theme-transparent-header-meta":"","adv-header-id-meta":"","stick-header-meta":"","header-above-stick-meta":"","header-main-stick-meta":"","header-below-stick-meta":"","astra-migrate-meta-layouts":"default","ast-page-background-enabled":"default","ast-page-background-meta":{"desktop":{"background-color":"var(--ast-global-color-4)","background-image":"","background-repeat":"repeat","background-position":"center center","background-size":"auto","background-attachment":"scroll","background-type":"","background-media":"","overlay-type":"","overlay-color":"","overlay-opacity":"","overlay-gradient":""},"tablet":{"background-color":"","background-image":"","background-repeat":"repeat","background-position":"center center","background-size":"auto","background-attachment":"scroll","background-type":"","background-media":"","overlay-type":"","overlay-color":"","overlay-opacity":"","overlay-gradient":""},"mobile":{"background-color":"","background-image":"","background-repeat":"repeat","background-position":"center center","background-size":"auto","background-attachment":"scroll","background-type":"","background-media":"","overlay-type":"","overlay-color":"","overlay-opacity":"","overlay-gradient":""}},"ast-content-background-meta":{"desktop":{"background-color":"var(--ast-global-color-5)","background-image":"","background-repeat":"repeat","background-position":"center center","background-size":"auto","background-attachment":"scroll","background-type":"","background-media":"","overlay-type":"","overlay-color":"","overlay-opacity":"","overlay-gradient":""},"tablet":{"background-color":"var(--ast-global-color-5)","background-image":"","background-repeat":"repeat","background-position":"center center","background-size":"auto","background-attachment":"scroll","background-type":"","background-media":"","overlay-type":"","overlay-color":"","overlay-opacity":"","overlay-gradient":""},"mobile":{"background-color":"var(--ast-global-color-5)","background-image":"","background-repeat":"repeat","background-position":"center center","background-size":"auto","background-attachment":"scroll","background-type":"","background-media":"","overlay-type":"","overlay-color":"","overlay-opacity":"","overlay-gradient":""}},"footnotes":""},"categories":[59,1,4,5],"tags":[],"class_list":["post-5954","post","type-post","status-publish","format-standard","hentry","category-cicle-inicial","category-general","category-portada","category-primaria"],"post_mailing_queue_ids":[],"_links":{"self":[{"href":"https:\/\/agora.xtec.cat\/ceipbellpuig\/wp-json\/wp\/v2\/posts\/5954","targetHints":{"allow":["GET"]}}],"collection":[{"href":"https:\/\/agora.xtec.cat\/ceipbellpuig\/wp-json\/wp\/v2\/posts"}],"about":[{"href":"https:\/\/agora.xtec.cat\/ceipbellpuig\/wp-json\/wp\/v2\/types\/post"}],"author":[{"embeddable":true,"href":"https:\/\/agora.xtec.cat\/ceipbellpuig\/wp-json\/wp\/v2\/users\/1"}],"replies":[{"embeddable":true,"href":"https:\/\/agora.xtec.cat\/ceipbellpuig\/wp-json\/wp\/v2\/comments?post=5954"}],"version-history":[{"count":2,"href":"https:\/\/agora.xtec.cat\/ceipbellpuig\/wp-json\/wp\/v2\/posts\/5954\/revisions"}],"predecessor-version":[{"id":5961,"href":"https:\/\/agora.xtec.cat\/ceipbellpuig\/wp-json\/wp\/v2\/posts\/5954\/revisions\/5961"}],"wp:attachment":[{"href":"https:\/\/agora.xtec.cat\/ceipbellpuig\/wp-json\/wp\/v2\/media?parent=5954"}],"wp:term":[{"taxonomy":"category","embeddable":true,"href":"https:\/\/agora.xtec.cat\/ceipbellpuig\/wp-json\/wp\/v2\/categories?post=5954"},{"taxonomy":"post_tag","embeddable":true,"href":"https:\/\/agora.xtec.cat\/ceipbellpuig\/wp-json\/wp\/v2\/tags?post=5954"}],"curies":[{"name":"wp","href":"https:\/\/api.w.org\/{rel}","templated":true}]}}