{"id":5940,"date":"2022-11-23T13:38:52","date_gmt":"2022-11-23T12:38:52","guid":{"rendered":"https:\/\/agora.xtec.cat\/ceipbellpuig\/?p=5940"},"modified":"2022-11-23T13:40:07","modified_gmt":"2022-11-23T12:40:07","slug":"santa-cecilia-a-lescola","status":"publish","type":"post","link":"https:\/\/agora.xtec.cat\/ceipbellpuig\/nivells\/petits\/santa-cecilia-a-lescola\/","title":{"rendered":"SANTA CEC\u00cdLIA A L&#8217;ESCOLA"},"content":{"rendered":"<p><span style=\"font-weight: 400\">Aquest dimarts, dia 22 de Novembre, hem celebrat Santa Cec\u00edlia a l&#8217;escola. A la tarda, al gimn\u00e0s, hem fet un concert dedicat als ODS. Cada classe, amb la col\u00b7laboraci\u00f3 dels alumnes que van a l\u2019escola de m\u00fasica, han interpretat una can\u00e7\u00f3 sobre el nom de la seva classe.<\/span><\/p>\n<p><span style=\"font-weight: 400\">P3 han cantat &#8220;Els animals del mar&#8221;,\u00a0<\/span><span style=\"font-weight: 400\">P4 han cantat la can\u00e7\u00f3 &#8220;Com s\u2019equivocaven&#8221; i\u00a0<\/span><span style=\"font-weight: 400\">P5 &#8220;Les tres erres&#8221; d&#8217;el Pot Petit. Els alumnes de <\/span><span style=\"font-weight: 400\">1R han cantat &#8220;l&#8217;Himne del cos de bombers&#8221;, els de\u00a0<\/span><span style=\"font-weight: 400\">2N &#8220;Si hi hagu\u00e9s un m\u00f3n&#8221; i els <\/span><span style=\"font-weight: 400\">3R la can\u00e7\u00f3 &#8220;Gota d\u2019aigua&#8221; del grup Ambauka. <\/span><span style=\"font-weight: 400\">Els alumnes de 4T han interpretat amb instruments &#8220;Vida de rico&#8221; de Camilo, <\/span><span style=\"font-weight: 400\">5\u00c8 han cantat la can\u00e7\u00f3 &#8220;Fil de llum&#8221; de la s\u00e8rie Polseres Vermelles i <\/span><span style=\"font-weight: 400\">6\u00c8 &#8220;Sense senyal&#8221;, una adaptaci\u00f3 de la can\u00e7\u00f3 &#8220;Supermercat&#8221; de Lildami. Per acabar el concert hem cantat tots junts la can\u00e7\u00f3 &#8220;Vict\u00f2ria&#8221; de la cantata &#8220;La veu de la terra&#8221; i ha sigut molt emocionant!<\/span><\/p>\n<p>Hem compartit una tarda molt bonica i hem pogut gaudir del dia de la m\u00fasica tots junts, visca!<\/p>\n<p><a href=\"https:\/\/photos.app.goo.gl\/Sdr2Fu8nNeh7J2NS6\">FOTOS DEL CONCERT<\/a><\/p>\n","protected":false},"excerpt":{"rendered":"<p>Aquest dimarts, dia 22 de Novembre, hem celebrat Santa Cec\u00edlia a l&#8217;escola. A la tarda, al gimn\u00e0s, hem fet un concert dedicat als ODS. Cada classe, amb la col\u00b7laboraci\u00f3 dels alumnes que van a l\u2019escola de m\u00fasica, han interpretat una can\u00e7\u00f3 sobre el nom de la seva classe. P3 han cantat &#8220;Els animals del mar&#8221;,\u00a0P4 [&hellip;]<\/p>\n","protected":false},"author":14,"featured_media":5941,"comment_status":"open","ping_status":"closed","sticky":false,"template":"","format":"standard","meta":{"_bbp_topic_count":0,"_bbp_reply_count":0,"_bbp_total_topic_count":0,"_bbp_total_reply_count":0,"_bbp_voice_count":0,"_bbp_anonymous_reply_count":0,"_bbp_topic_count_hidden":0,"_bbp_reply_count_hidden":0,"_bbp_forum_subforum_count":0,"site-sidebar-layout":"default","site-content-layout":"","ast-site-content-layout":"","site-content-style":"default","site-sidebar-style":"default","ast-global-header-display":"","ast-banner-title-visibility":"","ast-main-header-display":"","ast-hfb-above-header-display":"","ast-hfb-below-header-display":"","ast-hfb-mobile-header-display":"","site-post-title":"","ast-breadcrumbs-content":"","ast-featured-img":"","footer-sml-layout":"","theme-transparent-header-meta":"","adv-header-id-meta":"","stick-header-meta":"","header-above-stick-meta":"","header-main-stick-meta":"","header-below-stick-meta":"","astra-migrate-meta-layouts":"default","ast-page-background-enabled":"default","ast-page-background-meta":{"desktop":{"background-color":"var(--ast-global-color-4)","background-image":"","background-repeat":"repeat","background-position":"center center","background-size":"auto","background-attachment":"scroll","background-type":"","background-media":"","overlay-type":"","overlay-color":"","overlay-opacity":"","overlay-gradient":""},"tablet":{"background-color":"","background-image":"","background-repeat":"repeat","background-position":"center center","background-size":"auto","background-attachment":"scroll","background-type":"","background-media":"","overlay-type":"","overlay-color":"","overlay-opacity":"","overlay-gradient":""},"mobile":{"background-color":"","background-image":"","background-repeat":"repeat","background-position":"center center","background-size":"auto","background-attachment":"scroll","background-type":"","background-media":"","overlay-type":"","overlay-color":"","overlay-opacity":"","overlay-gradient":""}},"ast-content-background-meta":{"desktop":{"background-color":"var(--ast-global-color-5)","background-image":"","background-repeat":"repeat","background-position":"center center","background-size":"auto","background-attachment":"scroll","background-type":"","background-media":"","overlay-type":"","overlay-color":"","overlay-opacity":"","overlay-gradient":""},"tablet":{"background-color":"var(--ast-global-color-5)","background-image":"","background-repeat":"repeat","background-position":"center center","background-size":"auto","background-attachment":"scroll","background-type":"","background-media":"","overlay-type":"","overlay-color":"","overlay-opacity":"","overlay-gradient":""},"mobile":{"background-color":"var(--ast-global-color-5)","background-image":"","background-repeat":"repeat","background-position":"center center","background-size":"auto","background-attachment":"scroll","background-type":"","background-media":"","overlay-type":"","overlay-color":"","overlay-opacity":"","overlay-gradient":""}},"footnotes":""},"categories":[59,60,61,2,4],"tags":[],"class_list":["post-5940","post","type-post","status-publish","format-standard","has-post-thumbnail","hentry","category-cicle-inicial","category-cicle-mitja","category-cicle-superior","category-petits","category-portada"],"post_mailing_queue_ids":[],"_links":{"self":[{"href":"https:\/\/agora.xtec.cat\/ceipbellpuig\/wp-json\/wp\/v2\/posts\/5940","targetHints":{"allow":["GET"]}}],"collection":[{"href":"https:\/\/agora.xtec.cat\/ceipbellpuig\/wp-json\/wp\/v2\/posts"}],"about":[{"href":"https:\/\/agora.xtec.cat\/ceipbellpuig\/wp-json\/wp\/v2\/types\/post"}],"author":[{"embeddable":true,"href":"https:\/\/agora.xtec.cat\/ceipbellpuig\/wp-json\/wp\/v2\/users\/14"}],"replies":[{"embeddable":true,"href":"https:\/\/agora.xtec.cat\/ceipbellpuig\/wp-json\/wp\/v2\/comments?post=5940"}],"version-history":[{"count":3,"href":"https:\/\/agora.xtec.cat\/ceipbellpuig\/wp-json\/wp\/v2\/posts\/5940\/revisions"}],"predecessor-version":[{"id":5947,"href":"https:\/\/agora.xtec.cat\/ceipbellpuig\/wp-json\/wp\/v2\/posts\/5940\/revisions\/5947"}],"wp:featuredmedia":[{"embeddable":true,"href":"https:\/\/agora.xtec.cat\/ceipbellpuig\/wp-json\/wp\/v2\/media\/5941"}],"wp:attachment":[{"href":"https:\/\/agora.xtec.cat\/ceipbellpuig\/wp-json\/wp\/v2\/media?parent=5940"}],"wp:term":[{"taxonomy":"category","embeddable":true,"href":"https:\/\/agora.xtec.cat\/ceipbellpuig\/wp-json\/wp\/v2\/categories?post=5940"},{"taxonomy":"post_tag","embeddable":true,"href":"https:\/\/agora.xtec.cat\/ceipbellpuig\/wp-json\/wp\/v2\/tags?post=5940"}],"curies":[{"name":"wp","href":"https:\/\/api.w.org\/{rel}","templated":true}]}}