{"id":5827,"date":"2022-09-30T14:43:04","date_gmt":"2022-09-30T12:43:04","guid":{"rendered":"https:\/\/agora.xtec.cat\/ceipbellpuig\/?p=5827"},"modified":"2022-10-19T09:18:29","modified_gmt":"2022-10-19T07:18:29","slug":"p4-i-les-dites","status":"publish","type":"post","link":"https:\/\/agora.xtec.cat\/ceipbellpuig\/general\/p4-i-les-dites\/","title":{"rendered":"I4 I LES DITES"},"content":{"rendered":"<p><a href=\"https:\/\/agora.xtec.cat\/ceipbellpuig\/wp-content\/uploads\/usu1575\/2022\/09\/dita.jpg\"><img loading=\"lazy\" decoding=\"async\" class=\"aligncenter size-medium wp-image-5828\" src=\"https:\/\/agora.xtec.cat\/ceipbellpuig\/wp-content\/uploads\/usu1575\/2022\/09\/dita-300x199.jpg\" alt=\"\" width=\"300\" height=\"199\" srcset=\"https:\/\/agora.xtec.cat\/ceipbellpuig\/wp-content\/uploads\/usu1575\/2022\/09\/dita-300x199.jpg 300w, https:\/\/agora.xtec.cat\/ceipbellpuig\/wp-content\/uploads\/usu1575\/2022\/09\/dita-1024x680.jpg 1024w, https:\/\/agora.xtec.cat\/ceipbellpuig\/wp-content\/uploads\/usu1575\/2022\/09\/dita-768x510.jpg 768w, https:\/\/agora.xtec.cat\/ceipbellpuig\/wp-content\/uploads\/usu1575\/2022\/09\/dita.jpg 1377w\" sizes=\"auto, (max-width: 300px) 100vw, 300px\" \/><\/a><\/p>\n<p>A P4 hem comen\u00e7at el curs amb moltes ganes i hem comen\u00e7at a treballar les dites dels mesos. Cada mes treballarem la seva dita, que ens ajudar\u00e0 a con\u00e8ixer caracter\u00edstiques t\u00edpiques del mes, ens ajudar\u00e0 a treballar la mem\u00f2ria i aprofitarem el treball de la dita per anar aprenent lletres, paraules i vocabulari.<\/p>\n<p>La que hem treballat \u00e9s molt adient per aquests primers dies de curs:<\/p>\n<p>&#8220;<em>SETEMBRE HA ARRIBAT I L&#8217;ESCOLA HA COMEN\u00c7AT<\/em>&#8220;.<\/p>\n<p>Voleu veure quin goig que fem quan arribem a l&#8217;escola?\u00a0<a href=\"https:\/\/photos.app.goo.gl\/pqDWdK9sjTTcUNqq6\" target=\"_blank\" rel=\"noopener\">Mireu, mireu!!<\/a><\/p>\n<p>&nbsp;<\/p>\n","protected":false},"excerpt":{"rendered":"<p>A P4 hem comen\u00e7at el curs amb moltes ganes i hem comen\u00e7at a treballar les dites dels mesos. Cada mes treballarem la seva dita, que ens ajudar\u00e0 a con\u00e8ixer caracter\u00edstiques t\u00edpiques del mes, ens ajudar\u00e0 a treballar la mem\u00f2ria i aprofitarem el treball de la dita per anar aprenent lletres, paraules i vocabulari. La que [&hellip;]<\/p>\n","protected":false},"author":1,"featured_media":0,"comment_status":"open","ping_status":"closed","sticky":false,"template":"","format":"standard","meta":{"_bbp_topic_count":0,"_bbp_reply_count":0,"_bbp_total_topic_count":0,"_bbp_total_reply_count":0,"_bbp_voice_count":0,"_bbp_anonymous_reply_count":0,"_bbp_topic_count_hidden":0,"_bbp_reply_count_hidden":0,"_bbp_forum_subforum_count":0,"site-sidebar-layout":"default","site-content-layout":"","ast-site-content-layout":"","site-content-style":"default","site-sidebar-style":"default","ast-global-header-display":"","ast-banner-title-visibility":"","ast-main-header-display":"","ast-hfb-above-header-display":"","ast-hfb-below-header-display":"","ast-hfb-mobile-header-display":"","site-post-title":"","ast-breadcrumbs-content":"","ast-featured-img":"","footer-sml-layout":"","theme-transparent-header-meta":"","adv-header-id-meta":"","stick-header-meta":"","header-above-stick-meta":"","header-main-stick-meta":"","header-below-stick-meta":"","astra-migrate-meta-layouts":"default","ast-page-background-enabled":"default","ast-page-background-meta":{"desktop":{"background-color":"var(--ast-global-color-4)","background-image":"","background-repeat":"repeat","background-position":"center center","background-size":"auto","background-attachment":"scroll","background-type":"","background-media":"","overlay-type":"","overlay-color":"","overlay-opacity":"","overlay-gradient":""},"tablet":{"background-color":"","background-image":"","background-repeat":"repeat","background-position":"center center","background-size":"auto","background-attachment":"scroll","background-type":"","background-media":"","overlay-type":"","overlay-color":"","overlay-opacity":"","overlay-gradient":""},"mobile":{"background-color":"","background-image":"","background-repeat":"repeat","background-position":"center center","background-size":"auto","background-attachment":"scroll","background-type":"","background-media":"","overlay-type":"","overlay-color":"","overlay-opacity":"","overlay-gradient":""}},"ast-content-background-meta":{"desktop":{"background-color":"var(--ast-global-color-5)","background-image":"","background-repeat":"repeat","background-position":"center center","background-size":"auto","background-attachment":"scroll","background-type":"","background-media":"","overlay-type":"","overlay-color":"","overlay-opacity":"","overlay-gradient":""},"tablet":{"background-color":"var(--ast-global-color-5)","background-image":"","background-repeat":"repeat","background-position":"center center","background-size":"auto","background-attachment":"scroll","background-type":"","background-media":"","overlay-type":"","overlay-color":"","overlay-opacity":"","overlay-gradient":""},"mobile":{"background-color":"var(--ast-global-color-5)","background-image":"","background-repeat":"repeat","background-position":"center center","background-size":"auto","background-attachment":"scroll","background-type":"","background-media":"","overlay-type":"","overlay-color":"","overlay-opacity":"","overlay-gradient":""}},"footnotes":""},"categories":[1,2,4],"tags":[82],"class_list":["post-5827","post","type-post","status-publish","format-standard","hentry","category-general","category-petits","category-portada","tag-p4"],"post_mailing_queue_ids":[],"_links":{"self":[{"href":"https:\/\/agora.xtec.cat\/ceipbellpuig\/wp-json\/wp\/v2\/posts\/5827","targetHints":{"allow":["GET"]}}],"collection":[{"href":"https:\/\/agora.xtec.cat\/ceipbellpuig\/wp-json\/wp\/v2\/posts"}],"about":[{"href":"https:\/\/agora.xtec.cat\/ceipbellpuig\/wp-json\/wp\/v2\/types\/post"}],"author":[{"embeddable":true,"href":"https:\/\/agora.xtec.cat\/ceipbellpuig\/wp-json\/wp\/v2\/users\/1"}],"replies":[{"embeddable":true,"href":"https:\/\/agora.xtec.cat\/ceipbellpuig\/wp-json\/wp\/v2\/comments?post=5827"}],"version-history":[{"count":2,"href":"https:\/\/agora.xtec.cat\/ceipbellpuig\/wp-json\/wp\/v2\/posts\/5827\/revisions"}],"predecessor-version":[{"id":5859,"href":"https:\/\/agora.xtec.cat\/ceipbellpuig\/wp-json\/wp\/v2\/posts\/5827\/revisions\/5859"}],"wp:attachment":[{"href":"https:\/\/agora.xtec.cat\/ceipbellpuig\/wp-json\/wp\/v2\/media?parent=5827"}],"wp:term":[{"taxonomy":"category","embeddable":true,"href":"https:\/\/agora.xtec.cat\/ceipbellpuig\/wp-json\/wp\/v2\/categories?post=5827"},{"taxonomy":"post_tag","embeddable":true,"href":"https:\/\/agora.xtec.cat\/ceipbellpuig\/wp-json\/wp\/v2\/tags?post=5827"}],"curies":[{"name":"wp","href":"https:\/\/api.w.org\/{rel}","templated":true}]}}