{"id":5824,"date":"2022-09-29T12:32:31","date_gmt":"2022-09-29T10:32:31","guid":{"rendered":"https:\/\/agora.xtec.cat\/ceipbellpuig\/?p=5824"},"modified":"2022-09-30T14:39:20","modified_gmt":"2022-09-30T12:39:20","slug":"a-lestiu-tota-cuca-viu-i3","status":"publish","type":"post","link":"https:\/\/agora.xtec.cat\/ceipbellpuig\/general\/a-lestiu-tota-cuca-viu-i3\/","title":{"rendered":"A L&#8217;ESTIU TOTA CUCA VIU.I3"},"content":{"rendered":"<p>L&#8217;alumna de I3 hem treballat la dita de l&#8217;estiu &#8220;A L&#8217;ESTIU TOTA CUCA VIU&#8221;. Hem fet diferents activitats a partir de microespais.<\/p>\n<p>Cucs de terra: Havien d&#8217;agafar amb les pinces ,els cucs (espaguetis bullits) de la sorra ,amb l&#8217;objectiu de treballar la motricitat fina.<\/p>\n<p>Estampaci\u00f3 d&#8217;animalons: havien d&#8217;estampar cuques de diferents formes i colors. Treballaven la t\u00e8cnica de l&#8217;estampaci\u00f3<\/p>\n<p>Animalons a la sorra: jugaven a pales petites i animalons amb safates de sorra, amb l&#8217;objectiu de manipular, crear i imaginar.<\/p>\n<p>Mural d&#8217;animalons: cada infant escollia un animal\u00f3 que despr\u00e9s reprodu\u00edem utilitzant diferents t\u00e8cniques. Amb l&#8217;objectiu de treballar diverses t\u00e8cniques pl\u00e0stiques.<\/p>\n<p>Caixa d&#8217;animalons: amb les pinces havien de treure les cuques de dins la caixa tot treballant la motricitat fina.<\/p>\n<p>Aquests microespais els ha ensenyat a treballar una nova metodologia que anirem utilitzant en for\u00e7a moments del curs.<\/p>\n<p><a href=\"https:\/\/photos.app.goo.gl\/H5ZtkzJDLvCCMkiv8\">MIREU, MIREU<\/a><\/p>\n<p>Per tal d&#8217;entendre millor la dita tamb\u00e9 <a href=\"https:\/\/photos.app.goo.gl\/hyK83hjHSXWRfRVD6\">vam sortir<\/a> a buscar &#8220;cuques&#8221; i al dia seg\u00fcent\u00a0 les <a href=\"https:\/\/photos.app.goo.gl\/8W1Xxc9K97qTGHCp8\">v\u00e0rem observar<\/a> detingudament al microscopi digital.<\/p>\n<p>&nbsp;<\/p>\n","protected":false},"excerpt":{"rendered":"<p>L&#8217;alumna de I3 hem treballat la dita de l&#8217;estiu &#8220;A L&#8217;ESTIU TOTA CUCA VIU&#8221;. Hem fet diferents activitats a partir de microespais. Cucs de terra: Havien d&#8217;agafar amb les pinces ,els cucs (espaguetis bullits) de la sorra ,amb l&#8217;objectiu de treballar la motricitat fina. Estampaci\u00f3 d&#8217;animalons: havien d&#8217;estampar cuques de diferents formes i colors. Treballaven [&hellip;]<\/p>\n","protected":false},"author":1,"featured_media":0,"comment_status":"open","ping_status":"closed","sticky":false,"template":"","format":"standard","meta":{"_bbp_topic_count":0,"_bbp_reply_count":0,"_bbp_total_topic_count":0,"_bbp_total_reply_count":0,"_bbp_voice_count":0,"_bbp_anonymous_reply_count":0,"_bbp_topic_count_hidden":0,"_bbp_reply_count_hidden":0,"_bbp_forum_subforum_count":0,"site-sidebar-layout":"default","site-content-layout":"","ast-site-content-layout":"","site-content-style":"default","site-sidebar-style":"default","ast-global-header-display":"","ast-banner-title-visibility":"","ast-main-header-display":"","ast-hfb-above-header-display":"","ast-hfb-below-header-display":"","ast-hfb-mobile-header-display":"","site-post-title":"","ast-breadcrumbs-content":"","ast-featured-img":"","footer-sml-layout":"","theme-transparent-header-meta":"","adv-header-id-meta":"","stick-header-meta":"","header-above-stick-meta":"","header-main-stick-meta":"","header-below-stick-meta":"","astra-migrate-meta-layouts":"default","ast-page-background-enabled":"default","ast-page-background-meta":{"desktop":{"background-color":"var(--ast-global-color-4)","background-image":"","background-repeat":"repeat","background-position":"center center","background-size":"auto","background-attachment":"scroll","background-type":"","background-media":"","overlay-type":"","overlay-color":"","overlay-opacity":"","overlay-gradient":""},"tablet":{"background-color":"","background-image":"","background-repeat":"repeat","background-position":"center center","background-size":"auto","background-attachment":"scroll","background-type":"","background-media":"","overlay-type":"","overlay-color":"","overlay-opacity":"","overlay-gradient":""},"mobile":{"background-color":"","background-image":"","background-repeat":"repeat","background-position":"center center","background-size":"auto","background-attachment":"scroll","background-type":"","background-media":"","overlay-type":"","overlay-color":"","overlay-opacity":"","overlay-gradient":""}},"ast-content-background-meta":{"desktop":{"background-color":"var(--ast-global-color-5)","background-image":"","background-repeat":"repeat","background-position":"center center","background-size":"auto","background-attachment":"scroll","background-type":"","background-media":"","overlay-type":"","overlay-color":"","overlay-opacity":"","overlay-gradient":""},"tablet":{"background-color":"var(--ast-global-color-5)","background-image":"","background-repeat":"repeat","background-position":"center center","background-size":"auto","background-attachment":"scroll","background-type":"","background-media":"","overlay-type":"","overlay-color":"","overlay-opacity":"","overlay-gradient":""},"mobile":{"background-color":"var(--ast-global-color-5)","background-image":"","background-repeat":"repeat","background-position":"center center","background-size":"auto","background-attachment":"scroll","background-type":"","background-media":"","overlay-type":"","overlay-color":"","overlay-opacity":"","overlay-gradient":""}},"footnotes":""},"categories":[74,1,2,4],"tags":[486,487],"class_list":["post-5824","post","type-post","status-publish","format-standard","hentry","category-activitats","category-general","category-petits","category-portada","tag-dites-i3","tag-estiu"],"post_mailing_queue_ids":[],"_links":{"self":[{"href":"https:\/\/agora.xtec.cat\/ceipbellpuig\/wp-json\/wp\/v2\/posts\/5824","targetHints":{"allow":["GET"]}}],"collection":[{"href":"https:\/\/agora.xtec.cat\/ceipbellpuig\/wp-json\/wp\/v2\/posts"}],"about":[{"href":"https:\/\/agora.xtec.cat\/ceipbellpuig\/wp-json\/wp\/v2\/types\/post"}],"author":[{"embeddable":true,"href":"https:\/\/agora.xtec.cat\/ceipbellpuig\/wp-json\/wp\/v2\/users\/1"}],"replies":[{"embeddable":true,"href":"https:\/\/agora.xtec.cat\/ceipbellpuig\/wp-json\/wp\/v2\/comments?post=5824"}],"version-history":[{"count":1,"href":"https:\/\/agora.xtec.cat\/ceipbellpuig\/wp-json\/wp\/v2\/posts\/5824\/revisions"}],"predecessor-version":[{"id":5825,"href":"https:\/\/agora.xtec.cat\/ceipbellpuig\/wp-json\/wp\/v2\/posts\/5824\/revisions\/5825"}],"wp:attachment":[{"href":"https:\/\/agora.xtec.cat\/ceipbellpuig\/wp-json\/wp\/v2\/media?parent=5824"}],"wp:term":[{"taxonomy":"category","embeddable":true,"href":"https:\/\/agora.xtec.cat\/ceipbellpuig\/wp-json\/wp\/v2\/categories?post=5824"},{"taxonomy":"post_tag","embeddable":true,"href":"https:\/\/agora.xtec.cat\/ceipbellpuig\/wp-json\/wp\/v2\/tags?post=5824"}],"curies":[{"name":"wp","href":"https:\/\/api.w.org\/{rel}","templated":true}]}}