{"id":5723,"date":"2022-06-09T16:54:47","date_gmt":"2022-06-09T14:54:47","guid":{"rendered":"https:\/\/agora.xtec.cat\/ceipbellpuig\/?p=5723"},"modified":"2022-06-09T16:58:41","modified_gmt":"2022-06-09T14:58:41","slug":"pla-de-treball-ultims-dies-de-curs-p4","status":"publish","type":"post","link":"https:\/\/agora.xtec.cat\/ceipbellpuig\/general\/pla-de-treball-ultims-dies-de-curs-p4\/","title":{"rendered":"PLA DE TREBALL \u00daLTIMS DIES DE CURS. P4"},"content":{"rendered":"<p>L&#8217;alumnat de P4 aquesta setmana hem fet un pla de treball amb diferents propostes on treball\u00e0vem alguns conceptes per repassar-los per\u00f2 l&#8217;objectiu m\u00e9s important d&#8217;aquesta tasca era la de organitzar-nos a l&#8217;hora de treballar.<\/p>\n<p>Durant el curs quan f\u00e8iem els plans de treball cada sessi\u00f3 n&#8217;escoll\u00edem i en realitz\u00e0vem un . Aquest cop la mestra va explicar totes les activitats que formaven el pla de treball per\u00f2 amb la diferencia que aquesta vegada havien de fer les tasques en dues sessions per tant havien de saber administrar molt b\u00e9 el temps, saber quines havien fet, quines no, on es feien i que es necessitava en cada activitat perqu\u00e8 un cop finalitzada la temporitzaci\u00f3 donada estiguessin totes acabades.<\/p>\n<p>Va ser un \u00e8xit perqu\u00e8 un tant per cent molt elevat de nens i nens no van necessitar ajuda, ni se&#8217;ls va haver de guiar per fer les activitats.<\/p>\n<p>ENHORABONA!<\/p>\n<p>Les activitats treballades van ser:<\/p>\n<ul>\n<li>Beeboots: amb l&#8217;objectiu de aprendre a utilitzar les beeboots, a part de treballar orientaci\u00f3 espaial i recordar conceptes apresos en el projecte de les torxes viatgeres<\/li>\n<li>Pintura: amb l&#8217;objectiu de treballar el tra\u00e7 dels n\u00fameros<\/li>\n<li>Comptem amb legos: amb l&#8217;objectiu de treballar la quantitat grafia dels n\u00fameros.<\/li>\n<li>Dita de juny: amb l&#8217;objectiu de memoritzar i entendre la dita de juny, pensar i dibuixar coses que fan llum<\/li>\n<li>Domino: amb l&#8217;objectiu d&#8217;entendre una mica la descomposici\u00f3 dels n\u00fameros i comen\u00e7ar a treballar el concepte de suma<\/li>\n<\/ul>\n<p><a href=\"https:\/\/photos.app.goo.gl\/Y1xJUx5ehbDaTHcq9\">FOTOS<\/a><\/p>\n<p>&nbsp;<\/p>\n","protected":false},"excerpt":{"rendered":"<p>L&#8217;alumnat de P4 aquesta setmana hem fet un pla de treball amb diferents propostes on treball\u00e0vem alguns conceptes per repassar-los per\u00f2 l&#8217;objectiu m\u00e9s important d&#8217;aquesta tasca era la de organitzar-nos a l&#8217;hora de treballar. Durant el curs quan f\u00e8iem els plans de treball cada sessi\u00f3 n&#8217;escoll\u00edem i en realitz\u00e0vem un . Aquest cop la mestra [&hellip;]<\/p>\n","protected":false},"author":1,"featured_media":0,"comment_status":"open","ping_status":"closed","sticky":false,"template":"","format":"standard","meta":{"_bbp_topic_count":0,"_bbp_reply_count":0,"_bbp_total_topic_count":0,"_bbp_total_reply_count":0,"_bbp_voice_count":0,"_bbp_anonymous_reply_count":0,"_bbp_topic_count_hidden":0,"_bbp_reply_count_hidden":0,"_bbp_forum_subforum_count":0,"site-sidebar-layout":"default","site-content-layout":"","ast-site-content-layout":"","site-content-style":"default","site-sidebar-style":"default","ast-global-header-display":"","ast-banner-title-visibility":"","ast-main-header-display":"","ast-hfb-above-header-display":"","ast-hfb-below-header-display":"","ast-hfb-mobile-header-display":"","site-post-title":"","ast-breadcrumbs-content":"","ast-featured-img":"","footer-sml-layout":"","theme-transparent-header-meta":"","adv-header-id-meta":"","stick-header-meta":"","header-above-stick-meta":"","header-main-stick-meta":"","header-below-stick-meta":"","astra-migrate-meta-layouts":"default","ast-page-background-enabled":"default","ast-page-background-meta":{"desktop":{"background-color":"var(--ast-global-color-4)","background-image":"","background-repeat":"repeat","background-position":"center center","background-size":"auto","background-attachment":"scroll","background-type":"","background-media":"","overlay-type":"","overlay-color":"","overlay-opacity":"","overlay-gradient":""},"tablet":{"background-color":"","background-image":"","background-repeat":"repeat","background-position":"center center","background-size":"auto","background-attachment":"scroll","background-type":"","background-media":"","overlay-type":"","overlay-color":"","overlay-opacity":"","overlay-gradient":""},"mobile":{"background-color":"","background-image":"","background-repeat":"repeat","background-position":"center center","background-size":"auto","background-attachment":"scroll","background-type":"","background-media":"","overlay-type":"","overlay-color":"","overlay-opacity":"","overlay-gradient":""}},"ast-content-background-meta":{"desktop":{"background-color":"var(--ast-global-color-5)","background-image":"","background-repeat":"repeat","background-position":"center center","background-size":"auto","background-attachment":"scroll","background-type":"","background-media":"","overlay-type":"","overlay-color":"","overlay-opacity":"","overlay-gradient":""},"tablet":{"background-color":"var(--ast-global-color-5)","background-image":"","background-repeat":"repeat","background-position":"center center","background-size":"auto","background-attachment":"scroll","background-type":"","background-media":"","overlay-type":"","overlay-color":"","overlay-opacity":"","overlay-gradient":""},"mobile":{"background-color":"var(--ast-global-color-5)","background-image":"","background-repeat":"repeat","background-position":"center center","background-size":"auto","background-attachment":"scroll","background-type":"","background-media":"","overlay-type":"","overlay-color":"","overlay-opacity":"","overlay-gradient":""}},"footnotes":""},"categories":[74,1,2,4],"tags":[82,320],"class_list":["post-5723","post","type-post","status-publish","format-standard","hentry","category-activitats","category-general","category-petits","category-portada","tag-p4","tag-petits"],"post_mailing_queue_ids":[],"_links":{"self":[{"href":"https:\/\/agora.xtec.cat\/ceipbellpuig\/wp-json\/wp\/v2\/posts\/5723","targetHints":{"allow":["GET"]}}],"collection":[{"href":"https:\/\/agora.xtec.cat\/ceipbellpuig\/wp-json\/wp\/v2\/posts"}],"about":[{"href":"https:\/\/agora.xtec.cat\/ceipbellpuig\/wp-json\/wp\/v2\/types\/post"}],"author":[{"embeddable":true,"href":"https:\/\/agora.xtec.cat\/ceipbellpuig\/wp-json\/wp\/v2\/users\/1"}],"replies":[{"embeddable":true,"href":"https:\/\/agora.xtec.cat\/ceipbellpuig\/wp-json\/wp\/v2\/comments?post=5723"}],"version-history":[{"count":2,"href":"https:\/\/agora.xtec.cat\/ceipbellpuig\/wp-json\/wp\/v2\/posts\/5723\/revisions"}],"predecessor-version":[{"id":5725,"href":"https:\/\/agora.xtec.cat\/ceipbellpuig\/wp-json\/wp\/v2\/posts\/5723\/revisions\/5725"}],"wp:attachment":[{"href":"https:\/\/agora.xtec.cat\/ceipbellpuig\/wp-json\/wp\/v2\/media?parent=5723"}],"wp:term":[{"taxonomy":"category","embeddable":true,"href":"https:\/\/agora.xtec.cat\/ceipbellpuig\/wp-json\/wp\/v2\/categories?post=5723"},{"taxonomy":"post_tag","embeddable":true,"href":"https:\/\/agora.xtec.cat\/ceipbellpuig\/wp-json\/wp\/v2\/tags?post=5723"}],"curies":[{"name":"wp","href":"https:\/\/api.w.org\/{rel}","templated":true}]}}