{"id":5613,"date":"2022-05-17T12:38:19","date_gmt":"2022-05-17T10:38:19","guid":{"rendered":"https:\/\/agora.xtec.cat\/ceipbellpuig\/?p=5613"},"modified":"2022-05-23T13:15:28","modified_gmt":"2022-05-23T11:15:28","slug":"caminem-junts","status":"publish","type":"post","link":"https:\/\/agora.xtec.cat\/ceipbellpuig\/portada\/caminem-junts\/","title":{"rendered":"CAMINEM JUNTS"},"content":{"rendered":"<p align=\"justify\"><a href=\"https:\/\/agora.xtec.cat\/ceipbellpuig\/wp-content\/uploads\/usu1575\/2022\/05\/CARTELL-CAMINADA-SOLIDARIA-ESCOLA-BELLPUIG.jpg\" target=\"_blank\" rel=\"noopener\"><img loading=\"lazy\" decoding=\"async\" class=\"aligncenter wp-image-5614\" src=\"https:\/\/agora.xtec.cat\/ceipbellpuig\/wp-content\/uploads\/usu1575\/2022\/05\/CARTELL-CAMINADA-SOLIDARIA-ESCOLA-BELLPUIG-212x300.jpg\" alt=\"\" width=\"175\" height=\"248\" srcset=\"https:\/\/agora.xtec.cat\/ceipbellpuig\/wp-content\/uploads\/usu1575\/2022\/05\/CARTELL-CAMINADA-SOLIDARIA-ESCOLA-BELLPUIG-212x300.jpg 212w, https:\/\/agora.xtec.cat\/ceipbellpuig\/wp-content\/uploads\/usu1575\/2022\/05\/CARTELL-CAMINADA-SOLIDARIA-ESCOLA-BELLPUIG-724x1024.jpg 724w, https:\/\/agora.xtec.cat\/ceipbellpuig\/wp-content\/uploads\/usu1575\/2022\/05\/CARTELL-CAMINADA-SOLIDARIA-ESCOLA-BELLPUIG-768x1087.jpg 768w, https:\/\/agora.xtec.cat\/ceipbellpuig\/wp-content\/uploads\/usu1575\/2022\/05\/CARTELL-CAMINADA-SOLIDARIA-ESCOLA-BELLPUIG-1085x1536.jpg 1085w, https:\/\/agora.xtec.cat\/ceipbellpuig\/wp-content\/uploads\/usu1575\/2022\/05\/CARTELL-CAMINADA-SOLIDARIA-ESCOLA-BELLPUIG.jpg 1447w\" sizes=\"auto, (max-width: 175px) 100vw, 175px\" \/><\/a><\/p>\n<p class=\"western\" align=\"justify\"><span style=\"font-size: small;\"><span style=\"color: #000000;\"><span style=\"font-size: large;\"><span style=\"font-size: medium;\"><span lang=\"ca-ES\"><b>Aquest divendres 20 de maig, des de l\u2019escola organitzem una caminada solid\u00e0ria, totalment inclusiva, per recaptar diners que es destinaran al Servei Resid\u00e8ncia Riudeperes (Sant Tom\u00e0s). Un centre que actualment at\u00e9n a m\u00e9s de 60 persones amb discapacitat intel\u00b7lectual que requereixen suport generalitzat. Usuaris del centre de Riudeperes tamb\u00e9 participaran a la caminada.<\/b><\/span><\/span><\/span><\/span><\/span><\/p>\n<p class=\"western\" align=\"justify\"><span style=\"font-size: small;\"><span style=\"color: #000000;\"><span style=\"font-size: large;\"><span style=\"font-size: medium;\"><span lang=\"ca-ES\">L\u2019activitat s\u2019iniciar\u00e0 a les 5 de la tarda, al parc del costat de l\u2019escola. Una caminada amb una mirada d\u2019inclusi\u00f3 social, de car\u00e0cter no competitiu, cooperativa, festiva i intergeneracional (des de nadons fins a persones grans). Que pret\u00e9n transmetre valors solidaris des de la diversitat i el voluntariat de tota la comunitat educativa. <\/span><\/span><\/span><\/span><\/span><\/p>\n<p class=\"western\" align=\"justify\"><a name=\"_GoBack\"><\/a> <span style=\"font-size: small;\"><span style=\"color: #000000;\"><span style=\"font-size: large;\"><span style=\"font-size: medium;\"><span lang=\"ca-ES\">Ser\u00e0 gestionada \u00edntegrament per tot l\u2019alumnat donant resposta al projecte interdisciplinari del centre \u201c<\/span><\/span><\/span><\/span><span style=\"color: #000000;\"><span style=\"font-size: large;\"><span style=\"font-size: medium;\"><span lang=\"ca-ES\"><b>Jocs Ol\u00edmpics Bellpuig 2022<\/b><\/span><\/span><\/span><\/span><span style=\"color: #000000;\"><span style=\"font-size: large;\"><span style=\"font-size: medium;\"><span lang=\"ca-ES\">\u201d.\u00a0Cada curs t\u00e9 assignades unes tasques concretes pel desenvolupament de la caminada:<\/span><\/span><\/span><\/span><\/span><\/p>\n<p class=\"western\" align=\"justify\"><span style=\"font-size: small;\"><span style=\"color: #000000;\"><span style=\"font-size: large;\"><span style=\"font-size: medium;\"><span lang=\"ca-ES\"><b>P3<\/b><\/span><\/span><\/span><\/span><span style=\"color: #000000;\"><span style=\"font-size: large;\"><span style=\"font-size: medium;\"><span lang=\"ca-ES\">: Disseny de la medalla de participaci\u00f3.\u00a0<\/span><\/span><\/span><\/span><\/span><\/p>\n<p class=\"western\" align=\"justify\"><span style=\"font-size: small;\"><span style=\"color: #000000;\"><span style=\"font-size: large;\"><span style=\"font-size: medium;\"><span lang=\"ca-ES\"><b>P4:<\/b><\/span><\/span><\/span><\/span><span style=\"color: #000000;\"><span style=\"font-size: large;\"><span style=\"font-size: medium;\"><span lang=\"ca-ES\"> Disseny i elaboraci\u00f3 d\u2019un <\/span><\/span><\/span><\/span><span style=\"color: #000000;\"><span style=\"font-size: large;\"><span style=\"font-size: medium;\"><span lang=\"ca-ES\"><i>photocall<\/i><\/span><\/span><\/span><\/span><span style=\"color: #000000;\"><span style=\"font-size: large;\"><span style=\"font-size: medium;\"><span lang=\"ca-ES\"> incloent-hi les imatges dels <\/span><\/span><\/span><\/span><span style=\"font-size: medium;\">esp\u00f2nsors.<\/span><\/span><\/p>\n<p class=\"western\" align=\"justify\"><span style=\"font-size: small;\"><span style=\"color: #000000;\"><span style=\"font-size: large;\"><span style=\"font-size: medium;\"><span lang=\"ca-ES\"><b>P5:<\/b><\/span><\/span><\/span><\/span><span style=\"color: #000000;\"><span style=\"font-size: large;\"><span style=\"font-size: medium;\"><span lang=\"ca-ES\"> Disseny i elaboraci\u00f3 de la b\u00fastia de les donacions.<\/span><\/span><\/span><\/span><\/span><\/p>\n<p class=\"western\" align=\"justify\"><span style=\"font-size: small;\"><span style=\"color: #000000;\"><span style=\"font-size: large;\"><span style=\"font-size: medium;\"><span lang=\"ca-ES\"><b>1r:<\/b><\/span><\/span><\/span><\/span><span style=\"color: #000000;\"><span style=\"font-size: large;\"><span style=\"font-size: medium;\"><span lang=\"ca-ES\"> Disseny i elaboraci\u00f3 de les frases i bafarades per fer el <\/span><\/span><\/span><\/span><span style=\"color: #000000;\"><span style=\"font-size: large;\"><span style=\"font-size: medium;\"><span lang=\"ca-ES\"><i>photocall<\/i><\/span><\/span><\/span><\/span><span style=\"color: #000000;\"><span style=\"font-size: large;\"><span style=\"font-size: medium;\"><span lang=\"ca-ES\">. <\/span><\/span><\/span><\/span><\/span><\/p>\n<p class=\"western\" align=\"justify\"><span style=\"font-size: small;\"><span style=\"color: #000000;\"><span style=\"font-size: large;\"><span style=\"font-size: medium;\"><span lang=\"ca-ES\"><b>2n:<\/b><\/span><\/span><\/span><\/span><span style=\"color: #000000;\"><span style=\"font-size: large;\"><span style=\"font-size: medium;\"><span lang=\"ca-ES\"> Pensar un esl\u00f2gan de la caminada i elaboraci\u00f3 dels cartells informatius de la cursa (taula d\u2019inscripcions, <\/span><\/span><\/span><\/span><span style=\"color: #000000;\"><span style=\"font-size: large;\"><span style=\"font-size: medium;\"><span lang=\"ca-ES\"><i>photocall<\/i><\/span><\/span><\/span><\/span><span style=\"color: #000000;\"><span style=\"font-size: large;\"><span style=\"font-size: medium;\"><span lang=\"ca-ES\">, begudes i fruita, inici de la cursa, &#8230;)<\/span><\/span><\/span><\/span><\/span><\/p>\n<p class=\"western\" align=\"justify\"><span style=\"font-size: small;\"><span style=\"color: #000000;\"><span style=\"font-size: large;\"><span style=\"font-size: medium;\"><span lang=\"ca-ES\"><b>3er: <\/b><\/span><\/span><\/span><\/span><span style=\"color: #000000;\"><span style=\"font-size: large;\"><span style=\"font-size: medium;\"><span lang=\"ca-ES\">Elecci\u00f3 de la m\u00fasica (relacionada amb l\u2019esport) per posar d\u2019ambientaci\u00f3 i traducci\u00f3 de les frases.<\/span><\/span><\/span><\/span><\/span><\/p>\n<p class=\"western\" align=\"justify\"><span style=\"font-size: small;\"><span style=\"color: #000000;\"><span style=\"font-size: large;\"><span style=\"font-size: medium;\"><span lang=\"ca-ES\"><b>4rt:<\/b><\/span><\/span><\/span><\/span><span style=\"color: #000000;\"><span style=\"font-size: large;\"><span style=\"font-size: medium;\"><span lang=\"ca-ES\"> Elaboraci\u00f3 del mapa i itinerari en format paper i tamb\u00e9 en format digital accedint-hi a trav\u00e9s d\u2019un codi QR.\u00a0<\/span><\/span><\/span><\/span><\/span><\/p>\n<p class=\"western\" align=\"justify\"><span style=\"font-size: small;\"><span style=\"color: #000000;\"><span style=\"font-size: large;\"><span style=\"font-size: medium;\"><span lang=\"ca-ES\"><b>5\u00e8:<\/b><\/span><\/span><\/span><\/span><span style=\"color: #000000;\"><span style=\"font-size: large;\"><span style=\"font-size: medium;\"><span lang=\"ca-ES\"> Cerca d\u2019<\/span><\/span><\/span><\/span><span style=\"font-size: medium;\"><span lang=\"es-ES\">esp\u00f2nsors<\/span><\/span><span style=\"color: #000000;\"><span style=\"font-size: large;\"><span style=\"font-size: medium;\"><span lang=\"ca-ES\"> a empreses i establiments del poble. <\/span><\/span><\/span><\/span><\/span><\/p>\n<p class=\"western\" align=\"justify\"><span style=\"font-size: small;\"><span style=\"color: #000000;\"><span style=\"font-size: large;\"><span style=\"font-size: medium;\"><span lang=\"ca-ES\"><b>6\u00e8:<\/b><\/span><\/span><\/span><\/span><span style=\"color: #000000;\"><span style=\"font-size: large;\"><span style=\"font-size: medium;\"><span lang=\"ca-ES\"> Elaboraci\u00f3 del formulari de les inscripcions i els cartells publicitaris.<\/span><\/span><\/span><\/span><\/span><\/p>\n<p class=\"western\" align=\"justify\"><span style=\"font-size: small;\"><span style=\"color: #000000;\"><span style=\"font-size: large;\"><span style=\"font-size: medium;\"><span lang=\"ca-ES\">L\u2019itinerari de la caminada consta de tres recorreguts adaptats a les necessitats de cada usuari. El recorregut 1 t\u00e9 una llargada de 600 metres, el recorregut 2 \u00e9s de 1.5 km i el tercer \u00e9s de 2 Km aproximadament. Tothom podr\u00e0 escollir a quin itinerari fa la seva inscripci\u00f3 i tots els participants s\u2019emportaran un record de la caminada amb l\u2019esl\u00f2gan <\/span><\/span><\/span><\/span><span style=\"color: #000000;\"><span style=\"font-size: large;\"><span style=\"font-size: medium;\"><span lang=\"ca-ES\"><b>\u201cCaminem Junts\u201d<\/b><\/span><\/span><\/span><\/span><span style=\"color: #000000;\"><span style=\"font-size: large;\"><span style=\"font-size: medium;\"><span lang=\"ca-ES\"> Escola Bellpuig.<\/span><\/span><\/span><\/span><\/span><\/p>\n<p class=\"western\" align=\"justify\"><a name=\"_heading=h.gjdgxs\"><\/a> <span style=\"font-size: small;\"><span style=\"color: #000000;\"><span style=\"font-size: large;\"><span style=\"font-size: medium;\"><span lang=\"ca-ES\">Des de la direcci\u00f3 del centre agra\u00efm l\u2019ajuda en les tasques d\u2019organitzaci\u00f3 a l\u2019Ajuntament i l\u2019AFA del Bellpuig i a les empreses i comer\u00e7os que han col\u00b7laborat amb una aportaci\u00f3 econ\u00f2mica: Bon Preu Esclat, Triposona, Crossandra la Botiga dels Canelons, Casa Gallart Artesans \u201cCan Puig\u201d, Enguixats Velasco i Farm\u00e0cia Comas.<\/span><\/span><\/span><\/span><\/span><\/p>\n<p class=\"western\" align=\"justify\"><span style=\"font-size: small;\"><span style=\"color: #000000;\"><span style=\"font-size: large;\"><span style=\"font-size: medium;\"><span lang=\"ca-ES\"><b>La caminada t\u2019espera, no hi faltis!<\/b><\/span><\/span><\/span><\/span><\/span><\/p>\n","protected":false},"excerpt":{"rendered":"<p>Aquest divendres 20 de maig, des de l\u2019escola organitzem una caminada solid\u00e0ria, totalment inclusiva, per recaptar diners que es destinaran al Servei Resid\u00e8ncia Riudeperes (Sant Tom\u00e0s). Un centre que actualment at\u00e9n a m\u00e9s de 60 persones amb discapacitat intel\u00b7lectual que requereixen suport generalitzat. Usuaris del centre de Riudeperes tamb\u00e9 participaran a la caminada. L\u2019activitat s\u2019iniciar\u00e0 [&hellip;]<\/p>\n","protected":false},"author":1,"featured_media":5614,"comment_status":"open","ping_status":"closed","sticky":false,"template":"","format":"standard","meta":{"_bbp_topic_count":0,"_bbp_reply_count":0,"_bbp_total_topic_count":0,"_bbp_total_reply_count":0,"_bbp_voice_count":0,"_bbp_anonymous_reply_count":0,"_bbp_topic_count_hidden":0,"_bbp_reply_count_hidden":0,"_bbp_forum_subforum_count":0,"site-sidebar-layout":"default","site-content-layout":"","ast-site-content-layout":"","site-content-style":"default","site-sidebar-style":"default","ast-global-header-display":"","ast-banner-title-visibility":"","ast-main-header-display":"","ast-hfb-above-header-display":"","ast-hfb-below-header-display":"","ast-hfb-mobile-header-display":"","site-post-title":"","ast-breadcrumbs-content":"","ast-featured-img":"","footer-sml-layout":"","theme-transparent-header-meta":"","adv-header-id-meta":"","stick-header-meta":"","header-above-stick-meta":"","header-main-stick-meta":"","header-below-stick-meta":"","astra-migrate-meta-layouts":"default","ast-page-background-enabled":"default","ast-page-background-meta":{"desktop":{"background-color":"var(--ast-global-color-4)","background-image":"","background-repeat":"repeat","background-position":"center center","background-size":"auto","background-attachment":"scroll","background-type":"","background-media":"","overlay-type":"","overlay-color":"","overlay-opacity":"","overlay-gradient":""},"tablet":{"background-color":"","background-image":"","background-repeat":"repeat","background-position":"center center","background-size":"auto","background-attachment":"scroll","background-type":"","background-media":"","overlay-type":"","overlay-color":"","overlay-opacity":"","overlay-gradient":""},"mobile":{"background-color":"","background-image":"","background-repeat":"repeat","background-position":"center center","background-size":"auto","background-attachment":"scroll","background-type":"","background-media":"","overlay-type":"","overlay-color":"","overlay-opacity":"","overlay-gradient":""}},"ast-content-background-meta":{"desktop":{"background-color":"var(--ast-global-color-5)","background-image":"","background-repeat":"repeat","background-position":"center center","background-size":"auto","background-attachment":"scroll","background-type":"","background-media":"","overlay-type":"","overlay-color":"","overlay-opacity":"","overlay-gradient":""},"tablet":{"background-color":"var(--ast-global-color-5)","background-image":"","background-repeat":"repeat","background-position":"center center","background-size":"auto","background-attachment":"scroll","background-type":"","background-media":"","overlay-type":"","overlay-color":"","overlay-opacity":"","overlay-gradient":""},"mobile":{"background-color":"var(--ast-global-color-5)","background-image":"","background-repeat":"repeat","background-position":"center center","background-size":"auto","background-attachment":"scroll","background-type":"","background-media":"","overlay-type":"","overlay-color":"","overlay-opacity":"","overlay-gradient":""}},"footnotes":""},"categories":[4],"tags":[],"class_list":["post-5613","post","type-post","status-publish","format-standard","has-post-thumbnail","hentry","category-portada"],"post_mailing_queue_ids":[],"_links":{"self":[{"href":"https:\/\/agora.xtec.cat\/ceipbellpuig\/wp-json\/wp\/v2\/posts\/5613","targetHints":{"allow":["GET"]}}],"collection":[{"href":"https:\/\/agora.xtec.cat\/ceipbellpuig\/wp-json\/wp\/v2\/posts"}],"about":[{"href":"https:\/\/agora.xtec.cat\/ceipbellpuig\/wp-json\/wp\/v2\/types\/post"}],"author":[{"embeddable":true,"href":"https:\/\/agora.xtec.cat\/ceipbellpuig\/wp-json\/wp\/v2\/users\/1"}],"replies":[{"embeddable":true,"href":"https:\/\/agora.xtec.cat\/ceipbellpuig\/wp-json\/wp\/v2\/comments?post=5613"}],"version-history":[{"count":2,"href":"https:\/\/agora.xtec.cat\/ceipbellpuig\/wp-json\/wp\/v2\/posts\/5613\/revisions"}],"predecessor-version":[{"id":5616,"href":"https:\/\/agora.xtec.cat\/ceipbellpuig\/wp-json\/wp\/v2\/posts\/5613\/revisions\/5616"}],"wp:featuredmedia":[{"embeddable":true,"href":"https:\/\/agora.xtec.cat\/ceipbellpuig\/wp-json\/wp\/v2\/media\/5614"}],"wp:attachment":[{"href":"https:\/\/agora.xtec.cat\/ceipbellpuig\/wp-json\/wp\/v2\/media?parent=5613"}],"wp:term":[{"taxonomy":"category","embeddable":true,"href":"https:\/\/agora.xtec.cat\/ceipbellpuig\/wp-json\/wp\/v2\/categories?post=5613"},{"taxonomy":"post_tag","embeddable":true,"href":"https:\/\/agora.xtec.cat\/ceipbellpuig\/wp-json\/wp\/v2\/tags?post=5613"}],"curies":[{"name":"wp","href":"https:\/\/api.w.org\/{rel}","templated":true}]}}