{"id":5534,"date":"2022-04-22T17:18:54","date_gmt":"2022-04-22T15:18:54","guid":{"rendered":"https:\/\/agora.xtec.cat\/ceipbellpuig\/?p=5534"},"modified":"2022-04-22T17:55:51","modified_gmt":"2022-04-22T15:55:51","slug":"celebrem-sant-jordi-a-lescola","status":"publish","type":"post","link":"https:\/\/agora.xtec.cat\/ceipbellpuig\/nivells\/petits\/celebrem-sant-jordi-a-lescola\/","title":{"rendered":"CELEBREM SANT JORDI A L&#8217;ESCOLA!"},"content":{"rendered":"<p><a href=\"https:\/\/agora.xtec.cat\/ceipbellpuig\/wp-content\/uploads\/usu1575\/2022\/04\/Drac.jpg\"><img loading=\"lazy\" decoding=\"async\" class=\"aligncenter size-medium wp-image-5550\" src=\"https:\/\/agora.xtec.cat\/ceipbellpuig\/wp-content\/uploads\/usu1575\/2022\/04\/Drac-300x225.jpg\" alt=\"\" width=\"300\" height=\"225\" srcset=\"https:\/\/agora.xtec.cat\/ceipbellpuig\/wp-content\/uploads\/usu1575\/2022\/04\/Drac-300x225.jpg 300w, https:\/\/agora.xtec.cat\/ceipbellpuig\/wp-content\/uploads\/usu1575\/2022\/04\/Drac-1024x767.jpg 1024w, https:\/\/agora.xtec.cat\/ceipbellpuig\/wp-content\/uploads\/usu1575\/2022\/04\/Drac-768x575.jpg 768w, https:\/\/agora.xtec.cat\/ceipbellpuig\/wp-content\/uploads\/usu1575\/2022\/04\/Drac-200x150.jpg 200w, https:\/\/agora.xtec.cat\/ceipbellpuig\/wp-content\/uploads\/usu1575\/2022\/04\/Drac.jpg 1105w\" sizes=\"auto, (max-width: 300px) 100vw, 300px\" \/><\/a><\/p>\n<p>Aquest mat\u00ed hem celebrat Sant Jordi tot fent una <a href=\"https:\/\/photos.app.goo.gl\/XJZMPimJezmPiz3Z7\" target=\"_blank\" rel=\"noopener\"><strong>GIMCANA LITERARIA<\/strong><\/a> amb grups internivells. Despr\u00e9s hem fet patis oberts tots junts i hem ballat amb el drac. Finalment hem gaudit al rac\u00f3 de lectura del pati.<\/p>\n<p>A la tarda hem celebrat els <strong><a href=\"https:\/\/photos.app.goo.gl\/9SGrBWbGCTuvs5QT6\" target=\"_blank\" rel=\"noopener\">JOCS FLORALS 2022<\/a>. <\/strong>Hi havia un primer i un segon premi per cada classe i tamb\u00e9 hem realitzat l&#8217;entrega de premis art\u00edstics als autors i autores del punt de llibre literari.<\/p>\n<p>Ah! I per comen\u00e7ar els Jocs Florals hem cantat, tots junts, la can\u00e7\u00f3 de Sant Jordi i per acabar &#8220;Som Vilatortins&#8221;. I despr\u00e9s un xic de ballaruca per acabar-ho de celebrar! \ud83d\ude09<\/p>\n<p>Durant la setmana hem creat les nostres pr\u00f2pies roses a partir de materials molt diversos. Mireu quines creacions tan originals!<\/p>\n<p><a href=\"https:\/\/photos.app.goo.gl\/dPmfbrR1vwgNXN6Q8\" target=\"_blank\" rel=\"noopener\">PETITS<\/a><\/p>\n<p><a href=\"https:\/\/photos.app.goo.gl\/s3uYwf9aXaev6UFk7\" target=\"_blank\" rel=\"noopener\">MITJANS<\/a><\/p>\n<p><a href=\"https:\/\/photos.app.goo.gl\/5SF6YhXT3eMmfzDw8\" target=\"_blank\" rel=\"noopener\">GRANS\u00a0<\/a><\/p>\n<p>Que passeu una feli\u00e7 diada de Sant Jordi!<\/p>\n","protected":false},"excerpt":{"rendered":"<p>Aquest mat\u00ed hem celebrat Sant Jordi tot fent una GIMCANA LITERARIA amb grups internivells. Despr\u00e9s hem fet patis oberts tots junts i hem ballat amb el drac. Finalment hem gaudit al rac\u00f3 de lectura del pati. A la tarda hem celebrat els JOCS FLORALS 2022. Hi havia un primer i un segon premi per cada [&hellip;]<\/p>\n","protected":false},"author":1,"featured_media":0,"comment_status":"open","ping_status":"closed","sticky":false,"template":"","format":"standard","meta":{"_bbp_topic_count":0,"_bbp_reply_count":0,"_bbp_total_topic_count":0,"_bbp_total_reply_count":0,"_bbp_voice_count":0,"_bbp_anonymous_reply_count":0,"_bbp_topic_count_hidden":0,"_bbp_reply_count_hidden":0,"_bbp_forum_subforum_count":0,"site-sidebar-layout":"default","site-content-layout":"","ast-site-content-layout":"","site-content-style":"default","site-sidebar-style":"default","ast-global-header-display":"","ast-banner-title-visibility":"","ast-main-header-display":"","ast-hfb-above-header-display":"","ast-hfb-below-header-display":"","ast-hfb-mobile-header-display":"","site-post-title":"","ast-breadcrumbs-content":"","ast-featured-img":"","footer-sml-layout":"","theme-transparent-header-meta":"","adv-header-id-meta":"","stick-header-meta":"","header-above-stick-meta":"","header-main-stick-meta":"","header-below-stick-meta":"","astra-migrate-meta-layouts":"default","ast-page-background-enabled":"default","ast-page-background-meta":{"desktop":{"background-color":"var(--ast-global-color-4)","background-image":"","background-repeat":"repeat","background-position":"center center","background-size":"auto","background-attachment":"scroll","background-type":"","background-media":"","overlay-type":"","overlay-color":"","overlay-opacity":"","overlay-gradient":""},"tablet":{"background-color":"","background-image":"","background-repeat":"repeat","background-position":"center center","background-size":"auto","background-attachment":"scroll","background-type":"","background-media":"","overlay-type":"","overlay-color":"","overlay-opacity":"","overlay-gradient":""},"mobile":{"background-color":"","background-image":"","background-repeat":"repeat","background-position":"center center","background-size":"auto","background-attachment":"scroll","background-type":"","background-media":"","overlay-type":"","overlay-color":"","overlay-opacity":"","overlay-gradient":""}},"ast-content-background-meta":{"desktop":{"background-color":"var(--ast-global-color-5)","background-image":"","background-repeat":"repeat","background-position":"center center","background-size":"auto","background-attachment":"scroll","background-type":"","background-media":"","overlay-type":"","overlay-color":"","overlay-opacity":"","overlay-gradient":""},"tablet":{"background-color":"var(--ast-global-color-5)","background-image":"","background-repeat":"repeat","background-position":"center center","background-size":"auto","background-attachment":"scroll","background-type":"","background-media":"","overlay-type":"","overlay-color":"","overlay-opacity":"","overlay-gradient":""},"mobile":{"background-color":"var(--ast-global-color-5)","background-image":"","background-repeat":"repeat","background-position":"center center","background-size":"auto","background-attachment":"scroll","background-type":"","background-media":"","overlay-type":"","overlay-color":"","overlay-opacity":"","overlay-gradient":""}},"footnotes":""},"categories":[288,2,287,4,5],"tags":[],"class_list":["post-5534","post","type-post","status-publish","format-standard","hentry","category-grans","category-petits","category-mitjans","category-portada","category-primaria"],"post_mailing_queue_ids":[],"_links":{"self":[{"href":"https:\/\/agora.xtec.cat\/ceipbellpuig\/wp-json\/wp\/v2\/posts\/5534","targetHints":{"allow":["GET"]}}],"collection":[{"href":"https:\/\/agora.xtec.cat\/ceipbellpuig\/wp-json\/wp\/v2\/posts"}],"about":[{"href":"https:\/\/agora.xtec.cat\/ceipbellpuig\/wp-json\/wp\/v2\/types\/post"}],"author":[{"embeddable":true,"href":"https:\/\/agora.xtec.cat\/ceipbellpuig\/wp-json\/wp\/v2\/users\/1"}],"replies":[{"embeddable":true,"href":"https:\/\/agora.xtec.cat\/ceipbellpuig\/wp-json\/wp\/v2\/comments?post=5534"}],"version-history":[{"count":3,"href":"https:\/\/agora.xtec.cat\/ceipbellpuig\/wp-json\/wp\/v2\/posts\/5534\/revisions"}],"predecessor-version":[{"id":5556,"href":"https:\/\/agora.xtec.cat\/ceipbellpuig\/wp-json\/wp\/v2\/posts\/5534\/revisions\/5556"}],"wp:attachment":[{"href":"https:\/\/agora.xtec.cat\/ceipbellpuig\/wp-json\/wp\/v2\/media?parent=5534"}],"wp:term":[{"taxonomy":"category","embeddable":true,"href":"https:\/\/agora.xtec.cat\/ceipbellpuig\/wp-json\/wp\/v2\/categories?post=5534"},{"taxonomy":"post_tag","embeddable":true,"href":"https:\/\/agora.xtec.cat\/ceipbellpuig\/wp-json\/wp\/v2\/tags?post=5534"}],"curies":[{"name":"wp","href":"https:\/\/api.w.org\/{rel}","templated":true}]}}