{"id":5502,"date":"2022-04-11T15:29:39","date_gmt":"2022-04-11T13:29:39","guid":{"rendered":"https:\/\/agora.xtec.cat\/ceipbellpuig\/?p=5502"},"modified":"2022-04-11T15:29:39","modified_gmt":"2022-04-11T13:29:39","slug":"art-i-escola-a-primer","status":"publish","type":"post","link":"https:\/\/agora.xtec.cat\/ceipbellpuig\/general\/art-i-escola-a-primer\/","title":{"rendered":"Art i Escola a primer"},"content":{"rendered":"<p>Els surfistes de primer hem treballat al llarg de dos trimestres amb el projecte d&#8217;Art i Escola.<\/p>\n<p><a href=\"https:\/\/www.acvic.org\/ca\/art-i-escola\">https:\/\/www.acvic.org\/ca\/art-i-escola<\/a><\/p>\n<p>La tem\u00e0tica proposada d&#8217;aquest any era &#8220;La cura&#8221;.<\/p>\n<p>Les primeres sessions de treball vam generar idees sobre la cura i en van sortir moltes d&#8217;interessants: els hospitals, la cura d&#8217;animals dom\u00e8stics, respectar les normes dels jocs, la fam\u00edlia&#8230;M\u00e9s endavant, a partir d&#8217;un conte, vam parar-nos a reflexionar sobre com ens tract\u00e0vem dins el grup. A vegades ens parl\u00e0vem malament, deix\u00e0vem de banda a alguns companys, ens f\u00e8iem mal&#8230;i partir d&#8217;aqu\u00ed va n\u00e9ixer la idea dels pots de cura i tot el que ha vingut despr\u00e9s que ha estat un proc\u00e9s molt ric..<\/p>\n<p>Us deixem un recull de fotografies.<\/p>\n<p><a href=\"https:\/\/photos.app.goo.gl\/BwKSF1sQsqZsSpg26\" target=\"_blank\" rel=\"noopener\">FOTOS PROJECTE CURA<\/a><\/p>\n<p>Un cop finalitzat el projecte (que esperem que no acabi amb els moments bonics de cura), s&#8217;han avaluat ells\/es mateixos i ho hem anat a explicar a l&#8217;aula magna de la UVIC juntament amb dues escoles m\u00e9s de la comarca.<\/p>\n<p>Us adjuntem la presentaci\u00f3 que vam explicar i que recull tota la feina feta.<\/p>\n<p><a href=\"https:\/\/drive.google.com\/file\/d\/1-ZEziEDMynA8gEfOedaGmsQnhjvwnA3B\/view?usp=drivesdk\" target=\"_blank\" rel=\"noopener\">ENS TRACTEM AMB CURA<\/a><\/p>\n","protected":false},"excerpt":{"rendered":"<p>Els surfistes de primer hem treballat al llarg de dos trimestres amb el projecte d&#8217;Art i Escola. https:\/\/www.acvic.org\/ca\/art-i-escola La tem\u00e0tica proposada d&#8217;aquest any era &#8220;La cura&#8221;. Les primeres sessions de treball vam generar idees sobre la cura i en van sortir moltes d&#8217;interessants: els hospitals, la cura d&#8217;animals dom\u00e8stics, respectar les normes dels jocs, la [&hellip;]<\/p>\n","protected":false},"author":1,"featured_media":0,"comment_status":"open","ping_status":"closed","sticky":false,"template":"","format":"standard","meta":{"_bbp_topic_count":0,"_bbp_reply_count":0,"_bbp_total_topic_count":0,"_bbp_total_reply_count":0,"_bbp_voice_count":0,"_bbp_anonymous_reply_count":0,"_bbp_topic_count_hidden":0,"_bbp_reply_count_hidden":0,"_bbp_forum_subforum_count":0,"site-sidebar-layout":"default","site-content-layout":"","ast-site-content-layout":"","site-content-style":"default","site-sidebar-style":"default","ast-global-header-display":"","ast-banner-title-visibility":"","ast-main-header-display":"","ast-hfb-above-header-display":"","ast-hfb-below-header-display":"","ast-hfb-mobile-header-display":"","site-post-title":"","ast-breadcrumbs-content":"","ast-featured-img":"","footer-sml-layout":"","theme-transparent-header-meta":"","adv-header-id-meta":"","stick-header-meta":"","header-above-stick-meta":"","header-main-stick-meta":"","header-below-stick-meta":"","astra-migrate-meta-layouts":"default","ast-page-background-enabled":"default","ast-page-background-meta":{"desktop":{"background-color":"var(--ast-global-color-4)","background-image":"","background-repeat":"repeat","background-position":"center center","background-size":"auto","background-attachment":"scroll","background-type":"","background-media":"","overlay-type":"","overlay-color":"","overlay-opacity":"","overlay-gradient":""},"tablet":{"background-color":"","background-image":"","background-repeat":"repeat","background-position":"center center","background-size":"auto","background-attachment":"scroll","background-type":"","background-media":"","overlay-type":"","overlay-color":"","overlay-opacity":"","overlay-gradient":""},"mobile":{"background-color":"","background-image":"","background-repeat":"repeat","background-position":"center center","background-size":"auto","background-attachment":"scroll","background-type":"","background-media":"","overlay-type":"","overlay-color":"","overlay-opacity":"","overlay-gradient":""}},"ast-content-background-meta":{"desktop":{"background-color":"var(--ast-global-color-5)","background-image":"","background-repeat":"repeat","background-position":"center center","background-size":"auto","background-attachment":"scroll","background-type":"","background-media":"","overlay-type":"","overlay-color":"","overlay-opacity":"","overlay-gradient":""},"tablet":{"background-color":"var(--ast-global-color-5)","background-image":"","background-repeat":"repeat","background-position":"center center","background-size":"auto","background-attachment":"scroll","background-type":"","background-media":"","overlay-type":"","overlay-color":"","overlay-opacity":"","overlay-gradient":""},"mobile":{"background-color":"var(--ast-global-color-5)","background-image":"","background-repeat":"repeat","background-position":"center center","background-size":"auto","background-attachment":"scroll","background-type":"","background-media":"","overlay-type":"","overlay-color":"","overlay-opacity":"","overlay-gradient":""}},"footnotes":""},"categories":[68,59,1,287,4,5],"tags":[205,339],"class_list":["post-5502","post","type-post","status-publish","format-standard","hentry","category-pedagogic","category-cicle-inicial","category-general","category-mitjans","category-portada","category-primaria","tag-art","tag-art-i-escola"],"post_mailing_queue_ids":[],"_links":{"self":[{"href":"https:\/\/agora.xtec.cat\/ceipbellpuig\/wp-json\/wp\/v2\/posts\/5502","targetHints":{"allow":["GET"]}}],"collection":[{"href":"https:\/\/agora.xtec.cat\/ceipbellpuig\/wp-json\/wp\/v2\/posts"}],"about":[{"href":"https:\/\/agora.xtec.cat\/ceipbellpuig\/wp-json\/wp\/v2\/types\/post"}],"author":[{"embeddable":true,"href":"https:\/\/agora.xtec.cat\/ceipbellpuig\/wp-json\/wp\/v2\/users\/1"}],"replies":[{"embeddable":true,"href":"https:\/\/agora.xtec.cat\/ceipbellpuig\/wp-json\/wp\/v2\/comments?post=5502"}],"version-history":[{"count":1,"href":"https:\/\/agora.xtec.cat\/ceipbellpuig\/wp-json\/wp\/v2\/posts\/5502\/revisions"}],"predecessor-version":[{"id":5503,"href":"https:\/\/agora.xtec.cat\/ceipbellpuig\/wp-json\/wp\/v2\/posts\/5502\/revisions\/5503"}],"wp:attachment":[{"href":"https:\/\/agora.xtec.cat\/ceipbellpuig\/wp-json\/wp\/v2\/media?parent=5502"}],"wp:term":[{"taxonomy":"category","embeddable":true,"href":"https:\/\/agora.xtec.cat\/ceipbellpuig\/wp-json\/wp\/v2\/categories?post=5502"},{"taxonomy":"post_tag","embeddable":true,"href":"https:\/\/agora.xtec.cat\/ceipbellpuig\/wp-json\/wp\/v2\/tags?post=5502"}],"curies":[{"name":"wp","href":"https:\/\/api.w.org\/{rel}","templated":true}]}}