{"id":5474,"date":"2022-05-05T13:34:50","date_gmt":"2022-05-05T11:34:50","guid":{"rendered":"https:\/\/agora.xtec.cat\/ceipbellpuig\/?p=5474"},"modified":"2022-05-05T13:34:50","modified_gmt":"2022-05-05T11:34:50","slug":"lelmer-p4","status":"publish","type":"post","link":"https:\/\/agora.xtec.cat\/ceipbellpuig\/general\/lelmer-p4\/","title":{"rendered":"L&#8217;ELMER .P4"},"content":{"rendered":"<p>Els \u00faltims dies del segon trimestre els nens i nenes de P4 hem explicat el conte de l&#8217;Elmer i a partir d&#8217;aquest personatge hem treballat diferents continguts utilitzant diverses metodologies.<\/p>\n<p>PLA DE TREBALL.<\/p>\n<p>En el pla de treball hem realitzat les seg\u00fcents activitats:<\/p>\n<p><a href=\"https:\/\/agora.xtec.cat\/ceipbellpuig\/wp-content\/uploads\/usu1575\/2022\/05\/IMG_20220405_093111-e1651614252347.jpg\"><img loading=\"lazy\" decoding=\"async\" class=\"aligncenter size-medium wp-image-5577\" src=\"https:\/\/agora.xtec.cat\/ceipbellpuig\/wp-content\/uploads\/usu1575\/2022\/05\/IMG_20220405_093111-300x135.jpg\" alt=\"\" width=\"300\" height=\"135\" \/><\/a><\/p>\n<ul>\n<li>Composici\u00f3 amb papers de l&#8217;Elemer: amb quadres de folies de colors havien de reproduir la imatge de l&#8217;Elmer que havia acordat fer el grup. Amb l&#8217;objectiu de\u00a0 potenciar el treball en equip (posar-se d&#8217;acord, respectar el torn&#8230;) i treballar l&#8217;orientaci\u00f3 espaial<\/li>\n<li>Elmer transparent: en grup feien un Elmer\u00a0 per penjar al vidre. Retallant\u00a0 papers de cel\u00b7lofana de colorins , posteriorment posant-se d&#8217;acord amb com es diria el seu elefant i per \u00faltim entre tots\/es li escrivien el nom . Amb l&#8217;objectiu de treballar la creativitat i el treball en equip.<\/li>\n<li>L&#8217;Elmer i els daus: tenien un Elmer que havien de pintar per\u00f2 per fer-ho havien de seguir el que els indicaven els daus. Un dau els deia el color i l&#8217;altre la quantitat de quadres que havien de pintar d&#8217;aquell color. Amb aquest activitat es treballava la motricitat fina, els colors , la quantitat i la numeraci\u00f3.<\/li>\n<li>l&#8217;Elmer de colors: tenien un Elmer en blanc i havien d&#8217;acolorir els quadres o b\u00e9 enganxant gomets de quadrats de colors o retallant\u00a0 i enganxant quadrats de colorins.<\/li>\n<li>Les lletres de l&#8217;Elmer: tenien les lletres de l&#8217;Elmer i havien de buscar imatges que tinguessin el so de les lletres de l&#8217;Elmer un cop ho havien fet amb el nom de l&#8217;elefant llavors o feien amb les lletres del seu nom. Amb aquesta activitat treball\u00e0vem la discriminaci\u00f3 del so de les lletres i relaci\u00f3 so- grafia.<\/li>\n<\/ul>\n<p><a href=\"https:\/\/photos.app.goo.gl\/1DfQc4YZN4XHcsDX9\">MIREU com treballem!<\/a><\/p>\n<p>RACONS MATEM\u00c0TICS<\/p>\n<p>En els racons matem\u00e0tics hem treballat els seg\u00fcents aspectes:<\/p>\n<p><a href=\"https:\/\/agora.xtec.cat\/ceipbellpuig\/wp-content\/uploads\/usu1575\/2022\/03\/IMG_20220325_153044.jpg\"><img loading=\"lazy\" decoding=\"async\" class=\"aligncenter size-medium wp-image-5475\" src=\"https:\/\/agora.xtec.cat\/ceipbellpuig\/wp-content\/uploads\/usu1575\/2022\/03\/IMG_20220325_153044-300x135.jpg\" alt=\"\" width=\"300\" height=\"135\" srcset=\"https:\/\/agora.xtec.cat\/ceipbellpuig\/wp-content\/uploads\/usu1575\/2022\/03\/IMG_20220325_153044-300x135.jpg 300w, https:\/\/agora.xtec.cat\/ceipbellpuig\/wp-content\/uploads\/usu1575\/2022\/03\/IMG_20220325_153044-1024x461.jpg 1024w, https:\/\/agora.xtec.cat\/ceipbellpuig\/wp-content\/uploads\/usu1575\/2022\/03\/IMG_20220325_153044-768x346.jpg 768w, https:\/\/agora.xtec.cat\/ceipbellpuig\/wp-content\/uploads\/usu1575\/2022\/03\/IMG_20220325_153044-1536x691.jpg 1536w, https:\/\/agora.xtec.cat\/ceipbellpuig\/wp-content\/uploads\/usu1575\/2022\/03\/IMG_20220325_153044.jpg 1920w\" sizes=\"auto, (max-width: 300px) 100vw, 300px\" \/><\/a><\/p>\n<ul>\n<li>Ordenar de petit a gran i\/o a la inversa diferents materials: llapis de colors, animals, botons&#8230; Despr\u00e9s, hem fet la mateixa activitat per\u00f2 sobre paper, amb uns Elmer de diferents mides.<\/li>\n<li>Fer seriacions de 2 i 3 elements utilitzant unes imatges d&#8217;elefants de diferents colors.<\/li>\n<li>Relacionar quantitat i grafia, enganxant tants gomets com ens indica el n\u00famero en un dibuix de l&#8217;Elmer.<\/li>\n<li>Completar el dibuix de l&#8217;Elmer utilitzant multicubs o peces de Lego amb equip cooperatiu.<\/li>\n<li>Practicar el concepte de gran i petit amb el Chromebook. <a href=\"https:\/\/clic.xtec.cat\/projects\/midesmf\/jclic.js\/index.html\">Aqu\u00ed<\/a> teniu el recurs, per si voleu practicar tamb\u00e9 des de casa.<\/li>\n<\/ul>\n<p><a href=\"https:\/\/photos.app.goo.gl\/Ck3Bkuzy3H2LySZL7\">MIREU<\/a> que b\u00e9 ens ho hem passat!<\/p>\n<p>EXPERIMENTACI\u00d3<\/p>\n<p>Despr\u00e8s de veure que l&#8217;Elmer era de molts colors hem treballat els colors. Hem presentat els colors a partir del conte &#8220;COLORS&#8221;<\/p>\n<p><a href=\"https:\/\/agora.xtec.cat\/ceipbellpuig\/wp-content\/uploads\/usu1575\/2022\/05\/IMG_20220505_125526-1-scaled.jpg\"><img loading=\"lazy\" decoding=\"async\" class=\"aligncenter size-medium wp-image-5584\" src=\"https:\/\/agora.xtec.cat\/ceipbellpuig\/wp-content\/uploads\/usu1575\/2022\/05\/IMG_20220505_125526-1-300x135.jpg\" alt=\"\" width=\"300\" height=\"135\" srcset=\"https:\/\/agora.xtec.cat\/ceipbellpuig\/wp-content\/uploads\/usu1575\/2022\/05\/IMG_20220505_125526-1-300x135.jpg 300w, https:\/\/agora.xtec.cat\/ceipbellpuig\/wp-content\/uploads\/usu1575\/2022\/05\/IMG_20220505_125526-1-1024x461.jpg 1024w, https:\/\/agora.xtec.cat\/ceipbellpuig\/wp-content\/uploads\/usu1575\/2022\/05\/IMG_20220505_125526-1-768x346.jpg 768w, https:\/\/agora.xtec.cat\/ceipbellpuig\/wp-content\/uploads\/usu1575\/2022\/05\/IMG_20220505_125526-1-1536x691.jpg 1536w, https:\/\/agora.xtec.cat\/ceipbellpuig\/wp-content\/uploads\/usu1575\/2022\/05\/IMG_20220505_125526-1-2048x922.jpg 2048w\" sizes=\"auto, (max-width: 300px) 100vw, 300px\" \/><\/a><\/p>\n<p>i despr\u00e9s hem experimentat tot fent barreges i comprovacions i algunes activitats.<\/p>\n<p><a href=\"https:\/\/agora.xtec.cat\/ceipbellpuig\/wp-content\/uploads\/usu1575\/2022\/05\/IMG_20220426_115702-scaled-e1651614375737.jpg\"><img loading=\"lazy\" decoding=\"async\" class=\"aligncenter size-medium wp-image-5578\" src=\"https:\/\/agora.xtec.cat\/ceipbellpuig\/wp-content\/uploads\/usu1575\/2022\/05\/IMG_20220426_115702-300x135.jpg\" alt=\"\" width=\"300\" height=\"135\" \/><\/a><\/p>\n<p><a href=\"https:\/\/photos.app.goo.gl\/xiZBoh7yEm4Jb1sr9\">AIX\u00d2 \u00c9S EL QUE HEM FET I DESCOBERT<\/a><\/p>\n<p><a href=\"https:\/\/photos.app.goo.gl\/hFtfgeznPFFJ2Cwf7\">I AQUESTES S\u00d3N LES NOSTRES OBRES D&#8217;ART &#8220;BARREGES&#8221;<\/a><\/p>\n<p><a href=\"https:\/\/agora.xtec.cat\/ceipbellpuig\/wp-content\/uploads\/usu1575\/2022\/05\/colors.jpg\"><img loading=\"lazy\" decoding=\"async\" class=\"aligncenter size-medium wp-image-5581\" src=\"https:\/\/agora.xtec.cat\/ceipbellpuig\/wp-content\/uploads\/usu1575\/2022\/05\/colors-300x135.jpg\" alt=\"\" width=\"300\" height=\"135\" srcset=\"https:\/\/agora.xtec.cat\/ceipbellpuig\/wp-content\/uploads\/usu1575\/2022\/05\/colors-300x135.jpg 300w, https:\/\/agora.xtec.cat\/ceipbellpuig\/wp-content\/uploads\/usu1575\/2022\/05\/colors-768x346.jpg 768w, https:\/\/agora.xtec.cat\/ceipbellpuig\/wp-content\/uploads\/usu1575\/2022\/05\/colors.jpg 1000w\" sizes=\"auto, (max-width: 300px) 100vw, 300px\" \/><\/a><\/p>\n<p>L&#8217;Elmer cada dia ens ha conquistat m\u00e9s \u00e9s per aquest motiu que l&#8217;Esquirol Rol ens ha portat tot de llibres de l&#8217;Elmer per poder explicar i descobrir noves aventures.<\/p>\n<p><a href=\"https:\/\/agora.xtec.cat\/ceipbellpuig\/wp-content\/uploads\/usu1575\/2022\/05\/IMG_20220505_125557-scaled.jpg\"><img loading=\"lazy\" decoding=\"async\" class=\"aligncenter size-medium wp-image-5582\" src=\"https:\/\/agora.xtec.cat\/ceipbellpuig\/wp-content\/uploads\/usu1575\/2022\/05\/IMG_20220505_125557-300x135.jpg\" alt=\"\" width=\"300\" height=\"135\" srcset=\"https:\/\/agora.xtec.cat\/ceipbellpuig\/wp-content\/uploads\/usu1575\/2022\/05\/IMG_20220505_125557-300x135.jpg 300w, https:\/\/agora.xtec.cat\/ceipbellpuig\/wp-content\/uploads\/usu1575\/2022\/05\/IMG_20220505_125557-1024x461.jpg 1024w, https:\/\/agora.xtec.cat\/ceipbellpuig\/wp-content\/uploads\/usu1575\/2022\/05\/IMG_20220505_125557-768x346.jpg 768w, https:\/\/agora.xtec.cat\/ceipbellpuig\/wp-content\/uploads\/usu1575\/2022\/05\/IMG_20220505_125557-1536x691.jpg 1536w, https:\/\/agora.xtec.cat\/ceipbellpuig\/wp-content\/uploads\/usu1575\/2022\/05\/IMG_20220505_125557-2048x922.jpg 2048w\" sizes=\"auto, (max-width: 300px) 100vw, 300px\" \/><\/a><\/p>\n<p>Tot aix\u00f2 \u00e9s el que hem pogut aprendre amb el nostre amic Elmer!<\/p>\n<p><a href=\"https:\/\/agora.xtec.cat\/ceipbellpuig\/wp-content\/uploads\/usu1575\/2022\/05\/IMG_20220505_125621-scaled.jpg\"><img loading=\"lazy\" decoding=\"async\" class=\"aligncenter size-medium wp-image-5583\" src=\"https:\/\/agora.xtec.cat\/ceipbellpuig\/wp-content\/uploads\/usu1575\/2022\/05\/IMG_20220505_125621-300x135.jpg\" alt=\"\" width=\"300\" height=\"135\" srcset=\"https:\/\/agora.xtec.cat\/ceipbellpuig\/wp-content\/uploads\/usu1575\/2022\/05\/IMG_20220505_125621-300x135.jpg 300w, https:\/\/agora.xtec.cat\/ceipbellpuig\/wp-content\/uploads\/usu1575\/2022\/05\/IMG_20220505_125621-1024x461.jpg 1024w, https:\/\/agora.xtec.cat\/ceipbellpuig\/wp-content\/uploads\/usu1575\/2022\/05\/IMG_20220505_125621-768x346.jpg 768w, https:\/\/agora.xtec.cat\/ceipbellpuig\/wp-content\/uploads\/usu1575\/2022\/05\/IMG_20220505_125621-1536x691.jpg 1536w, https:\/\/agora.xtec.cat\/ceipbellpuig\/wp-content\/uploads\/usu1575\/2022\/05\/IMG_20220505_125621-2048x922.jpg 2048w\" sizes=\"auto, (max-width: 300px) 100vw, 300px\" \/><\/a><\/p>\n","protected":false},"excerpt":{"rendered":"<p>Els \u00faltims dies del segon trimestre els nens i nenes de P4 hem explicat el conte de l&#8217;Elmer i a partir d&#8217;aquest personatge hem treballat diferents continguts utilitzant diverses metodologies. PLA DE TREBALL. En el pla de treball hem realitzat les seg\u00fcents activitats: Composici\u00f3 amb papers de l&#8217;Elemer: amb quadres de folies de colors havien [&hellip;]<\/p>\n","protected":false},"author":1,"featured_media":0,"comment_status":"open","ping_status":"closed","sticky":false,"template":"","format":"standard","meta":{"_bbp_topic_count":0,"_bbp_reply_count":0,"_bbp_total_topic_count":0,"_bbp_total_reply_count":0,"_bbp_voice_count":0,"_bbp_anonymous_reply_count":0,"_bbp_topic_count_hidden":0,"_bbp_reply_count_hidden":0,"_bbp_forum_subforum_count":0,"site-sidebar-layout":"default","site-content-layout":"","ast-site-content-layout":"","site-content-style":"default","site-sidebar-style":"default","ast-global-header-display":"","ast-banner-title-visibility":"","ast-main-header-display":"","ast-hfb-above-header-display":"","ast-hfb-below-header-display":"","ast-hfb-mobile-header-display":"","site-post-title":"","ast-breadcrumbs-content":"","ast-featured-img":"","footer-sml-layout":"","theme-transparent-header-meta":"","adv-header-id-meta":"","stick-header-meta":"","header-above-stick-meta":"","header-main-stick-meta":"","header-below-stick-meta":"","astra-migrate-meta-layouts":"default","ast-page-background-enabled":"default","ast-page-background-meta":{"desktop":{"background-color":"var(--ast-global-color-4)","background-image":"","background-repeat":"repeat","background-position":"center center","background-size":"auto","background-attachment":"scroll","background-type":"","background-media":"","overlay-type":"","overlay-color":"","overlay-opacity":"","overlay-gradient":""},"tablet":{"background-color":"","background-image":"","background-repeat":"repeat","background-position":"center center","background-size":"auto","background-attachment":"scroll","background-type":"","background-media":"","overlay-type":"","overlay-color":"","overlay-opacity":"","overlay-gradient":""},"mobile":{"background-color":"","background-image":"","background-repeat":"repeat","background-position":"center center","background-size":"auto","background-attachment":"scroll","background-type":"","background-media":"","overlay-type":"","overlay-color":"","overlay-opacity":"","overlay-gradient":""}},"ast-content-background-meta":{"desktop":{"background-color":"var(--ast-global-color-5)","background-image":"","background-repeat":"repeat","background-position":"center center","background-size":"auto","background-attachment":"scroll","background-type":"","background-media":"","overlay-type":"","overlay-color":"","overlay-opacity":"","overlay-gradient":""},"tablet":{"background-color":"var(--ast-global-color-5)","background-image":"","background-repeat":"repeat","background-position":"center center","background-size":"auto","background-attachment":"scroll","background-type":"","background-media":"","overlay-type":"","overlay-color":"","overlay-opacity":"","overlay-gradient":""},"mobile":{"background-color":"var(--ast-global-color-5)","background-image":"","background-repeat":"repeat","background-position":"center center","background-size":"auto","background-attachment":"scroll","background-type":"","background-media":"","overlay-type":"","overlay-color":"","overlay-opacity":"","overlay-gradient":""}},"footnotes":""},"categories":[74,1,2,4],"tags":[480],"class_list":["post-5474","post","type-post","status-publish","format-standard","hentry","category-activitats","category-general","category-petits","category-portada","tag-elmer-p4"],"post_mailing_queue_ids":[],"_links":{"self":[{"href":"https:\/\/agora.xtec.cat\/ceipbellpuig\/wp-json\/wp\/v2\/posts\/5474","targetHints":{"allow":["GET"]}}],"collection":[{"href":"https:\/\/agora.xtec.cat\/ceipbellpuig\/wp-json\/wp\/v2\/posts"}],"about":[{"href":"https:\/\/agora.xtec.cat\/ceipbellpuig\/wp-json\/wp\/v2\/types\/post"}],"author":[{"embeddable":true,"href":"https:\/\/agora.xtec.cat\/ceipbellpuig\/wp-json\/wp\/v2\/users\/1"}],"replies":[{"embeddable":true,"href":"https:\/\/agora.xtec.cat\/ceipbellpuig\/wp-json\/wp\/v2\/comments?post=5474"}],"version-history":[{"count":3,"href":"https:\/\/agora.xtec.cat\/ceipbellpuig\/wp-json\/wp\/v2\/posts\/5474\/revisions"}],"predecessor-version":[{"id":5585,"href":"https:\/\/agora.xtec.cat\/ceipbellpuig\/wp-json\/wp\/v2\/posts\/5474\/revisions\/5585"}],"wp:attachment":[{"href":"https:\/\/agora.xtec.cat\/ceipbellpuig\/wp-json\/wp\/v2\/media?parent=5474"}],"wp:term":[{"taxonomy":"category","embeddable":true,"href":"https:\/\/agora.xtec.cat\/ceipbellpuig\/wp-json\/wp\/v2\/categories?post=5474"},{"taxonomy":"post_tag","embeddable":true,"href":"https:\/\/agora.xtec.cat\/ceipbellpuig\/wp-json\/wp\/v2\/tags?post=5474"}],"curies":[{"name":"wp","href":"https:\/\/api.w.org\/{rel}","templated":true}]}}