{"id":5388,"date":"2022-03-08T23:34:49","date_gmt":"2022-03-08T22:34:49","guid":{"rendered":"https:\/\/agora.xtec.cat\/ceipbellpuig\/?p=5388"},"modified":"2022-03-08T23:34:49","modified_gmt":"2022-03-08T22:34:49","slug":"pla-de-treball-de-carnestoltes","status":"publish","type":"post","link":"https:\/\/agora.xtec.cat\/ceipbellpuig\/general\/pla-de-treball-de-carnestoltes\/","title":{"rendered":"PLA DE TREBALL DE CARNESTOLTES"},"content":{"rendered":"<p>Durant els dies anteriors al carnestoltes els nens i nenes de P4 vam fer un pla de treball relacionat amb aquesta celebraci\u00f3.<\/p>\n<p>Les activitats que es van plantejar van ser:<\/p>\n<ul>\n<li>Decoraci\u00f3 de la seva cara: a partir d&#8217;una foto de la seva cara ells\/es hi posaven complements.<\/li>\n<li>Careta: a partir d&#8217;una tapa de sabates realitzaven una careta tot enganxant-hi diferents elements.<\/li>\n<li>Disfressa: tenien la seva cara i els alumnes havien de dibuixar una disfressa.<\/li>\n<li>Disfressa: anaven al rac\u00f3 de les disfresses i es disfressaven.<\/li>\n<li>Antifa\u00e7: a partir de parelles cooperatives feien l&#8217;antifa\u00e7. Un membre posava les dues mans mentre l&#8217;altre les resseguia. Un cop fet cadasc\u00fa es decorava el seu.<\/li>\n<\/ul>\n<p>Tot i les baixes durant aquells dies hem pogut acabar gaudint d&#8217;aquestes activitats.<\/p>\n<p><a href=\"https:\/\/agora.xtec.cat\/ceipbellpuig\/wp-content\/uploads\/usu1575\/2022\/03\/IMG_20220211_102211.jpg\"><img loading=\"lazy\" decoding=\"async\" class=\"wp-image-5389 alignleft\" src=\"https:\/\/agora.xtec.cat\/ceipbellpuig\/wp-content\/uploads\/usu1575\/2022\/03\/IMG_20220211_102211-300x135.jpg\" alt=\"\" width=\"349\" height=\"157\" srcset=\"https:\/\/agora.xtec.cat\/ceipbellpuig\/wp-content\/uploads\/usu1575\/2022\/03\/IMG_20220211_102211-300x135.jpg 300w, https:\/\/agora.xtec.cat\/ceipbellpuig\/wp-content\/uploads\/usu1575\/2022\/03\/IMG_20220211_102211.jpg 763w\" sizes=\"auto, (max-width: 349px) 100vw, 349px\" \/><\/a><\/p>\n<p>&nbsp;<\/p>\n<p>&nbsp;<\/p>\n<p><a href=\"https:\/\/photos.app.goo.gl\/zaZYTQPPF6iChMGp6\">MIREU!<\/a><\/p>\n","protected":false},"excerpt":{"rendered":"<p>Durant els dies anteriors al carnestoltes els nens i nenes de P4 vam fer un pla de treball relacionat amb aquesta celebraci\u00f3. Les activitats que es van plantejar van ser: Decoraci\u00f3 de la seva cara: a partir d&#8217;una foto de la seva cara ells\/es hi posaven complements. Careta: a partir d&#8217;una tapa de sabates realitzaven [&hellip;]<\/p>\n","protected":false},"author":1,"featured_media":0,"comment_status":"open","ping_status":"closed","sticky":false,"template":"","format":"standard","meta":{"_bbp_topic_count":0,"_bbp_reply_count":0,"_bbp_total_topic_count":0,"_bbp_total_reply_count":0,"_bbp_voice_count":0,"_bbp_anonymous_reply_count":0,"_bbp_topic_count_hidden":0,"_bbp_reply_count_hidden":0,"_bbp_forum_subforum_count":0,"site-sidebar-layout":"default","site-content-layout":"","ast-site-content-layout":"","site-content-style":"default","site-sidebar-style":"default","ast-global-header-display":"","ast-banner-title-visibility":"","ast-main-header-display":"","ast-hfb-above-header-display":"","ast-hfb-below-header-display":"","ast-hfb-mobile-header-display":"","site-post-title":"","ast-breadcrumbs-content":"","ast-featured-img":"","footer-sml-layout":"","theme-transparent-header-meta":"","adv-header-id-meta":"","stick-header-meta":"","header-above-stick-meta":"","header-main-stick-meta":"","header-below-stick-meta":"","astra-migrate-meta-layouts":"default","ast-page-background-enabled":"default","ast-page-background-meta":{"desktop":{"background-color":"var(--ast-global-color-4)","background-image":"","background-repeat":"repeat","background-position":"center center","background-size":"auto","background-attachment":"scroll","background-type":"","background-media":"","overlay-type":"","overlay-color":"","overlay-opacity":"","overlay-gradient":""},"tablet":{"background-color":"","background-image":"","background-repeat":"repeat","background-position":"center center","background-size":"auto","background-attachment":"scroll","background-type":"","background-media":"","overlay-type":"","overlay-color":"","overlay-opacity":"","overlay-gradient":""},"mobile":{"background-color":"","background-image":"","background-repeat":"repeat","background-position":"center center","background-size":"auto","background-attachment":"scroll","background-type":"","background-media":"","overlay-type":"","overlay-color":"","overlay-opacity":"","overlay-gradient":""}},"ast-content-background-meta":{"desktop":{"background-color":"var(--ast-global-color-5)","background-image":"","background-repeat":"repeat","background-position":"center center","background-size":"auto","background-attachment":"scroll","background-type":"","background-media":"","overlay-type":"","overlay-color":"","overlay-opacity":"","overlay-gradient":""},"tablet":{"background-color":"var(--ast-global-color-5)","background-image":"","background-repeat":"repeat","background-position":"center center","background-size":"auto","background-attachment":"scroll","background-type":"","background-media":"","overlay-type":"","overlay-color":"","overlay-opacity":"","overlay-gradient":""},"mobile":{"background-color":"var(--ast-global-color-5)","background-image":"","background-repeat":"repeat","background-position":"center center","background-size":"auto","background-attachment":"scroll","background-type":"","background-media":"","overlay-type":"","overlay-color":"","overlay-opacity":"","overlay-gradient":""}},"footnotes":""},"categories":[74,69,1,2,4],"tags":[82,465],"class_list":["post-5388","post","type-post","status-publish","format-standard","hentry","category-activitats","category-treballem","category-general","category-petits","category-portada","tag-p4","tag-pla-de-treball-carnestoltes"],"post_mailing_queue_ids":[],"_links":{"self":[{"href":"https:\/\/agora.xtec.cat\/ceipbellpuig\/wp-json\/wp\/v2\/posts\/5388","targetHints":{"allow":["GET"]}}],"collection":[{"href":"https:\/\/agora.xtec.cat\/ceipbellpuig\/wp-json\/wp\/v2\/posts"}],"about":[{"href":"https:\/\/agora.xtec.cat\/ceipbellpuig\/wp-json\/wp\/v2\/types\/post"}],"author":[{"embeddable":true,"href":"https:\/\/agora.xtec.cat\/ceipbellpuig\/wp-json\/wp\/v2\/users\/1"}],"replies":[{"embeddable":true,"href":"https:\/\/agora.xtec.cat\/ceipbellpuig\/wp-json\/wp\/v2\/comments?post=5388"}],"version-history":[{"count":1,"href":"https:\/\/agora.xtec.cat\/ceipbellpuig\/wp-json\/wp\/v2\/posts\/5388\/revisions"}],"predecessor-version":[{"id":5390,"href":"https:\/\/agora.xtec.cat\/ceipbellpuig\/wp-json\/wp\/v2\/posts\/5388\/revisions\/5390"}],"wp:attachment":[{"href":"https:\/\/agora.xtec.cat\/ceipbellpuig\/wp-json\/wp\/v2\/media?parent=5388"}],"wp:term":[{"taxonomy":"category","embeddable":true,"href":"https:\/\/agora.xtec.cat\/ceipbellpuig\/wp-json\/wp\/v2\/categories?post=5388"},{"taxonomy":"post_tag","embeddable":true,"href":"https:\/\/agora.xtec.cat\/ceipbellpuig\/wp-json\/wp\/v2\/tags?post=5388"}],"curies":[{"name":"wp","href":"https:\/\/api.w.org\/{rel}","templated":true}]}}