{"id":5304,"date":"2022-02-24T20:32:05","date_gmt":"2022-02-24T19:32:05","guid":{"rendered":"https:\/\/agora.xtec.cat\/ceipbellpuig\/?p=5304"},"modified":"2022-03-09T06:14:52","modified_gmt":"2022-03-09T05:14:52","slug":"carnaval-olimpic","status":"publish","type":"post","link":"https:\/\/agora.xtec.cat\/ceipbellpuig\/general\/carnaval-olimpic\/","title":{"rendered":"CARNAVAL OL\u00cdMPIC"},"content":{"rendered":"<p>Aquesta setmana ha estat diferent. Una setmana de sorpreses, m\u00fasica, disfresses i disbauxa!<\/p>\n<p>Dilluns ja vam engegar a primera hora del mat\u00ed rebent al pati a la reina Carnestoltes, que no \u00e9s altra que la nostra mascota Flaix que van elaborar els nens i nenes de P5.<\/p>\n<p><a href=\"https:\/\/photos.app.goo.gl\/3XgayndvjksAFkPq5\">FOTOS ARRIBADA CARNESTOLTES<\/a><\/p>\n<p>Vam ballar tots junts la coreografia que farem divendres a la Pla\u00e7a i ens van anunciar la primera consigna: anar vestits amb els colors ol\u00edmpics!<\/p>\n<p>Dimecres vam trobar-nos al pati per veure totes les disfresses esportives. El pati es va omplir de patinadores, futbolistes, sticks, banyadors i ulleres de nedar, pales i raquetes&#8230;<\/p>\n<p><a href=\"https:\/\/photos.app.goo.gl\/WhoGA8DnhYYwZR4W9\" target=\"_blank\" rel=\"noopener\">FOTOS CONSIGNES<\/a><\/p>\n<p>Avui, amb les medalles penjades, hem anat d&#8217;excursi\u00f3 a celebrar el dijous llarder.<\/p>\n<p>Els petits ens hem apropat al Parc de l&#8217;Albareda i hem pogut gaudir d&#8217;un mat\u00ed tranquil jugant amb tots els nostres companys\/es.<\/p>\n<p><a href=\"https:\/\/photos.app.goo.gl\/1dhjKj4fQp2LvGgK6\" target=\"_blank\" rel=\"noopener\">FOTOS PETITS<\/a><\/p>\n<p>Primer i segon hem anat caminant fins a la Font Trobada, on hem gaudit molt fent cabanes i compartint jocs en un espai espl\u00e8ndid.<\/p>\n<p><a href=\"https:\/\/photos.app.goo.gl\/ggf77ebT9WxbWzDe8\">FOTOS 1R I 2N<\/a><\/p>\n<p>Tercer i quart hem fet una sortida pel poble per tal de con\u00e8ixer el circuit de l&#8217;aigua del nostre municipi i hem acabat jugant al Castell del Bellpuig i al Parc de les Set Fonts.<\/p>\n<p><a href=\"https:\/\/photos.app.goo.gl\/o9ShkKcfhpH9wKW39\">FOTOS 3R I 4T<\/a><\/p>\n<p>Cinqu\u00e8 i sis\u00e8 hem anat a passar tot el dia a Puig-l&#8217;agulla. Una bona caminada que ha valgut la pena!<\/p>\n<p><a href=\"https:\/\/photos.app.goo.gl\/zaJaadcXGcCaf2Ew5\">FOTOS 5\u00c8 I 6\u00c8<\/a><\/p>\n<p>QUINA RUA M\u00c9S XULAAAA!!!<\/p>\n<p><a href=\"https:\/\/photos.app.goo.gl\/E3M63TeFg2TfZzg2A\" target=\"_blank\" rel=\"noopener\">RUA<\/a><\/p>\n","protected":false},"excerpt":{"rendered":"<p>Aquesta setmana ha estat diferent. Una setmana de sorpreses, m\u00fasica, disfresses i disbauxa! Dilluns ja vam engegar a primera hora del mat\u00ed rebent al pati a la reina Carnestoltes, que no \u00e9s altra que la nostra mascota Flaix que van elaborar els nens i nenes de P5. FOTOS ARRIBADA CARNESTOLTES Vam ballar tots junts la [&hellip;]<\/p>\n","protected":false},"author":1,"featured_media":5310,"comment_status":"open","ping_status":"closed","sticky":false,"template":"","format":"standard","meta":{"_bbp_topic_count":0,"_bbp_reply_count":0,"_bbp_total_topic_count":0,"_bbp_total_reply_count":0,"_bbp_voice_count":0,"_bbp_anonymous_reply_count":0,"_bbp_topic_count_hidden":0,"_bbp_reply_count_hidden":0,"_bbp_forum_subforum_count":0,"site-sidebar-layout":"default","site-content-layout":"","ast-site-content-layout":"","site-content-style":"default","site-sidebar-style":"default","ast-global-header-display":"","ast-banner-title-visibility":"","ast-main-header-display":"","ast-hfb-above-header-display":"","ast-hfb-below-header-display":"","ast-hfb-mobile-header-display":"","site-post-title":"","ast-breadcrumbs-content":"","ast-featured-img":"","footer-sml-layout":"","theme-transparent-header-meta":"","adv-header-id-meta":"","stick-header-meta":"","header-above-stick-meta":"","header-main-stick-meta":"","header-below-stick-meta":"","astra-migrate-meta-layouts":"default","ast-page-background-enabled":"default","ast-page-background-meta":{"desktop":{"background-color":"var(--ast-global-color-4)","background-image":"","background-repeat":"repeat","background-position":"center center","background-size":"auto","background-attachment":"scroll","background-type":"","background-media":"","overlay-type":"","overlay-color":"","overlay-opacity":"","overlay-gradient":""},"tablet":{"background-color":"","background-image":"","background-repeat":"repeat","background-position":"center center","background-size":"auto","background-attachment":"scroll","background-type":"","background-media":"","overlay-type":"","overlay-color":"","overlay-opacity":"","overlay-gradient":""},"mobile":{"background-color":"","background-image":"","background-repeat":"repeat","background-position":"center center","background-size":"auto","background-attachment":"scroll","background-type":"","background-media":"","overlay-type":"","overlay-color":"","overlay-opacity":"","overlay-gradient":""}},"ast-content-background-meta":{"desktop":{"background-color":"var(--ast-global-color-5)","background-image":"","background-repeat":"repeat","background-position":"center center","background-size":"auto","background-attachment":"scroll","background-type":"","background-media":"","overlay-type":"","overlay-color":"","overlay-opacity":"","overlay-gradient":""},"tablet":{"background-color":"var(--ast-global-color-5)","background-image":"","background-repeat":"repeat","background-position":"center center","background-size":"auto","background-attachment":"scroll","background-type":"","background-media":"","overlay-type":"","overlay-color":"","overlay-opacity":"","overlay-gradient":""},"mobile":{"background-color":"var(--ast-global-color-5)","background-image":"","background-repeat":"repeat","background-position":"center center","background-size":"auto","background-attachment":"scroll","background-type":"","background-media":"","overlay-type":"","overlay-color":"","overlay-opacity":"","overlay-gradient":""}},"footnotes":""},"categories":[64,1,2,4,5],"tags":[],"class_list":["post-5304","post","type-post","status-publish","format-standard","has-post-thumbnail","hentry","category-escola-bellpuig","category-general","category-petits","category-portada","category-primaria"],"post_mailing_queue_ids":[],"_links":{"self":[{"href":"https:\/\/agora.xtec.cat\/ceipbellpuig\/wp-json\/wp\/v2\/posts\/5304","targetHints":{"allow":["GET"]}}],"collection":[{"href":"https:\/\/agora.xtec.cat\/ceipbellpuig\/wp-json\/wp\/v2\/posts"}],"about":[{"href":"https:\/\/agora.xtec.cat\/ceipbellpuig\/wp-json\/wp\/v2\/types\/post"}],"author":[{"embeddable":true,"href":"https:\/\/agora.xtec.cat\/ceipbellpuig\/wp-json\/wp\/v2\/users\/1"}],"replies":[{"embeddable":true,"href":"https:\/\/agora.xtec.cat\/ceipbellpuig\/wp-json\/wp\/v2\/comments?post=5304"}],"version-history":[{"count":4,"href":"https:\/\/agora.xtec.cat\/ceipbellpuig\/wp-json\/wp\/v2\/posts\/5304\/revisions"}],"predecessor-version":[{"id":5323,"href":"https:\/\/agora.xtec.cat\/ceipbellpuig\/wp-json\/wp\/v2\/posts\/5304\/revisions\/5323"}],"wp:featuredmedia":[{"embeddable":true,"href":"https:\/\/agora.xtec.cat\/ceipbellpuig\/wp-json\/wp\/v2\/media\/5310"}],"wp:attachment":[{"href":"https:\/\/agora.xtec.cat\/ceipbellpuig\/wp-json\/wp\/v2\/media?parent=5304"}],"wp:term":[{"taxonomy":"category","embeddable":true,"href":"https:\/\/agora.xtec.cat\/ceipbellpuig\/wp-json\/wp\/v2\/categories?post=5304"},{"taxonomy":"post_tag","embeddable":true,"href":"https:\/\/agora.xtec.cat\/ceipbellpuig\/wp-json\/wp\/v2\/tags?post=5304"}],"curies":[{"name":"wp","href":"https:\/\/api.w.org\/{rel}","templated":true}]}}