{"id":5259,"date":"2022-03-03T15:00:44","date_gmt":"2022-03-03T14:00:44","guid":{"rendered":"https:\/\/agora.xtec.cat\/ceipbellpuig\/?p=5259"},"modified":"2022-03-26T11:35:34","modified_gmt":"2022-03-26T10:35:34","slug":"portes-obertes-dissabte-19-de-febrer","status":"publish","type":"post","link":"https:\/\/agora.xtec.cat\/ceipbellpuig\/general\/portes-obertes-dissabte-19-de-febrer\/","title":{"rendered":"JORNADA PORTES OBERTES I PREINSCRIPCI\u00d3"},"content":{"rendered":"<h3><\/h3>\n<h3><img loading=\"lazy\" decoding=\"async\" class=\"aligncenter\" src=\"https:\/\/agora.xtec.cat\/ceipbellpuig\/wp-content\/uploads\/usu1575\/2022\/03\/titol.jpg\" width=\"651\" height=\"322\" \/><\/h3>\n<h3><strong><span style=\"color: #33cccc;\">JORNADA PORTES OBERTES<\/span><\/strong><\/h3>\n<h5><strong>Dimecres, 9 de mar\u00e7 a les 17:15h<\/strong><\/h5>\n<p>Cliqueu la imatge per veure el fullet\u00f3 informatiu.<a href=\"https:\/\/tinyurl.com\/yb9kvo4j\"><br \/>\n<img loading=\"lazy\" decoding=\"async\" class=\"size-medium wp-image-5263 aligncenter\" src=\"https:\/\/agora.xtec.cat\/ceipbellpuig\/wp-content\/uploads\/usu1575\/2022\/02\/F402AC11-CC15-43B1-BB9D-BF8A35650805-212x300.jpeg\" alt=\"\" width=\"212\" height=\"300\" srcset=\"https:\/\/agora.xtec.cat\/ceipbellpuig\/wp-content\/uploads\/usu1575\/2022\/02\/F402AC11-CC15-43B1-BB9D-BF8A35650805-212x300.jpeg 212w, https:\/\/agora.xtec.cat\/ceipbellpuig\/wp-content\/uploads\/usu1575\/2022\/02\/F402AC11-CC15-43B1-BB9D-BF8A35650805-724x1024.jpeg 724w, https:\/\/agora.xtec.cat\/ceipbellpuig\/wp-content\/uploads\/usu1575\/2022\/02\/F402AC11-CC15-43B1-BB9D-BF8A35650805-768x1086.jpeg 768w, https:\/\/agora.xtec.cat\/ceipbellpuig\/wp-content\/uploads\/usu1575\/2022\/02\/F402AC11-CC15-43B1-BB9D-BF8A35650805.jpeg 905w\" sizes=\"auto, (max-width: 212px) 100vw, 212px\" \/><\/a><\/p>\n<hr \/>\n<p><span style=\"font-family: inherit; font-size: 1em;\">Voleu con\u00e8ixer la nostra escola? <\/span><span style=\"font-family: inherit; font-size: 1em;\">Per fer una visita virtual cliqueu <\/span><strong style=\"font-family: inherit; font-size: 1em;\"><a href=\"https:\/\/www.thinglink.com\/card\/1546552855605805059\">AQU\u00cd<\/a><\/strong><\/p>\n<p>Mirant el <a href=\"https:\/\/www.flipbookpdf.net\/web\/site\/edcf194865050a020f86376ec68ec265dbddf380202202.pdf.html\" target=\"_blank\" rel=\"noopener\"><strong>FULLET\u00d3<\/strong> <strong>INFORMATIU<\/strong><\/a> podeu veure com treballem.<\/p>\n<p>El <strong>dimecres <\/strong>a les <strong>17:15h<\/strong>, farem una xerrada i un recorregut pel centre en petits grups.<\/p>\n<p>En aquest <a href=\"https:\/\/drive.google.com\/file\/d\/1ZF0KVC97qbhl24cLM5VUVo4LHnbHPjhK\/view?usp=sharing\" target=\"_blank\" rel=\"noopener\"><strong>V\u00cdDEO<\/strong><\/a> podeu veure com treballem, i una pinzellada del nostre <a href=\"https:\/\/drive.google.com\/file\/d\/1E1LDty_RNfo91jwNrC-wAw_Dv2LRj4lv\/view?usp=sharing\" target=\"_blank\" rel=\"noopener\"><strong>DIA A DIA<\/strong><\/a><\/p>\n<p style=\"text-align: center;\"><iframe loading=\"lazy\" src=\"https:\/\/drive.google.com\/file\/d\/1ZF0KVC97qbhl24cLM5VUVo4LHnbHPjhK\/preview\" width=\"440\" height=\"280\"><\/iframe><\/p>\n<p style=\"text-align: center;\"><iframe loading=\"lazy\" src=\"https:\/\/drive.google.com\/file\/d\/1E1LDty_RNfo91jwNrC-wAw_Dv2LRj4lv\/preview\" width=\"440\" height=\"280\"><\/iframe><\/p>\n<p>Si aquest dia no us va b\u00e9 us poseu en contacte amb el centre.<\/p>\n<p>&nbsp;<\/p>\n<h3><strong><span style=\"color: #33cccc;\">PREINSCRIPCI\u00d3 2022-2023<\/span><\/strong><\/h3>\n<p><span style=\"color: #000000;\"><strong>Del 7 de mar\u00e7 a 21 de mar\u00e7\u00a0<\/strong> <\/span><\/p>\n<p><span style=\"color: #000000;\">(l&#8217;ordre d&#8217;entrada de la sol\u00b7licitud no \u00e9s vinculant)\u00a0<\/span><\/p>\n<p><a href=\"https:\/\/agora.xtec.cat\/ceipbellpuig\/wp-content\/uploads\/usu1575\/2022\/03\/titol.jpg\"><img loading=\"lazy\" decoding=\"async\" class=\" wp-image-5331 alignleft\" src=\"https:\/\/agora.xtec.cat\/ceipbellpuig\/wp-content\/uploads\/usu1575\/2022\/03\/titol-300x148.jpg\" alt=\"\" width=\"300\" height=\"148\" srcset=\"https:\/\/agora.xtec.cat\/ceipbellpuig\/wp-content\/uploads\/usu1575\/2022\/03\/titol-300x148.jpg 300w, https:\/\/agora.xtec.cat\/ceipbellpuig\/wp-content\/uploads\/usu1575\/2022\/03\/titol-768x379.jpg 768w, https:\/\/agora.xtec.cat\/ceipbellpuig\/wp-content\/uploads\/usu1575\/2022\/03\/titol.jpg 784w\" sizes=\"auto, (max-width: 300px) 100vw, 300px\" \/><\/a><\/p>\n<p>&nbsp;<\/p>\n<p>&nbsp;<\/p>\n<p>&nbsp;<\/p>\n<p>&nbsp;<\/p>\n<p>Les preinscripcions es fan telem\u00e0ticament a la web de <strong><a href=\"https:\/\/preinscripcio.gencat.cat\/ca\/inici\/\" target=\"_blank\" rel=\"noopener\" data-saferedirecturl=\"https:\/\/www.google.com\/url?q=https:\/\/preinscripcio.gencat.cat\/ca\/inici\/&amp;source=gmail&amp;ust=1646392054121000&amp;usg=AOvVaw0K7v9pI5mN-aDr2Vcms_1U\">PREINSCRIPCI\u00d3<\/a><\/strong>.\u00a0 Cal escollir la franja d&#8217;edat del vostre fill\/a i seguir els passos que es van indicant.<\/p>\n<p>Al final d&#8217;aquesta p\u00e0gina hi ha uns v\u00eddeos explicatius de com fer la preinscripci\u00f3. <strong><a href=\"https:\/\/preinscripcio.gencat.cat\/ca\/estudis\/infantil-3-6\/ajuda\/pindoles-multimedia\/\" target=\"_blank\" rel=\"noopener\">INFANTIL<\/a><\/strong> i\u00a0 <strong><a href=\"https:\/\/preinscripcio.gencat.cat\/ca\/estudis\/primaria\/ajuda\/pindoles-multimedia\/\" target=\"_blank\" rel=\"noopener\">PRIM\u00c0RIA<\/a><\/strong><\/p>\n<p>El Departament ha elaborat un butllet\u00ed <strong><a href=\"http:\/\/educacio.gencat.cat\/ca\/departament\/publicacions\/butlletins\/infoescola\/butlleti-29\/index.html\" target=\"_blank\" rel=\"noopener\" data-saferedirecturl=\"https:\/\/www.google.com\/url?q=http:\/\/educacio.gencat.cat\/ca\/departament\/publicacions\/butlletins\/infoescola\/butlleti-29\/index.html&amp;source=gmail&amp;ust=1646392054121000&amp;usg=AOvVaw2rtugXZBVaUmxvobJgveP8\">Infoescola<\/a><\/strong> on hi ha tot d&#8217;informaci\u00f3 espec\u00edfica per a la preinscripci\u00f3 2022-23.<\/p>\n<p>El codi de l&#8217;Escola Bellpuig \u00e9s <strong>08026786<\/strong><\/p>\n<p>&nbsp;<\/p>\n<p><strong>Si teniu qualsevol dubte i\/o problema ens ho comuniqueu i us ajudarem amb tot all\u00f2 que faci falta.\u00a0<\/strong><\/p>\n<ul>\n<li>ceipbellpuig@xtec.cat<\/li>\n<li>938887701<\/li>\n<\/ul>\n<p>&nbsp;<\/p>\n<hr \/>\n<p>&nbsp;<\/p>\n<p>&nbsp;<\/p>\n","protected":false},"excerpt":{"rendered":"<p>JORNADA PORTES OBERTES Dimecres, 9 de mar\u00e7 a les 17:15h Cliqueu la imatge per veure el fullet\u00f3 informatiu. Voleu con\u00e8ixer la nostra escola? Per fer una visita virtual cliqueu AQU\u00cd Mirant el FULLET\u00d3 INFORMATIU podeu veure com treballem. El dimecres a les 17:15h, farem una xerrada i un recorregut pel centre en petits grups. En [&hellip;]<\/p>\n","protected":false},"author":1,"featured_media":5327,"comment_status":"open","ping_status":"closed","sticky":false,"template":"","format":"standard","meta":{"_bbp_topic_count":0,"_bbp_reply_count":0,"_bbp_total_topic_count":0,"_bbp_total_reply_count":0,"_bbp_voice_count":0,"_bbp_anonymous_reply_count":0,"_bbp_topic_count_hidden":0,"_bbp_reply_count_hidden":0,"_bbp_forum_subforum_count":0,"site-sidebar-layout":"default","site-content-layout":"","ast-site-content-layout":"","site-content-style":"default","site-sidebar-style":"default","ast-global-header-display":"","ast-banner-title-visibility":"","ast-main-header-display":"","ast-hfb-above-header-display":"","ast-hfb-below-header-display":"","ast-hfb-mobile-header-display":"","site-post-title":"","ast-breadcrumbs-content":"","ast-featured-img":"","footer-sml-layout":"","theme-transparent-header-meta":"","adv-header-id-meta":"","stick-header-meta":"","header-above-stick-meta":"","header-main-stick-meta":"","header-below-stick-meta":"","astra-migrate-meta-layouts":"default","ast-page-background-enabled":"default","ast-page-background-meta":{"desktop":{"background-color":"var(--ast-global-color-4)","background-image":"","background-repeat":"repeat","background-position":"center center","background-size":"auto","background-attachment":"scroll","background-type":"","background-media":"","overlay-type":"","overlay-color":"","overlay-opacity":"","overlay-gradient":""},"tablet":{"background-color":"","background-image":"","background-repeat":"repeat","background-position":"center center","background-size":"auto","background-attachment":"scroll","background-type":"","background-media":"","overlay-type":"","overlay-color":"","overlay-opacity":"","overlay-gradient":""},"mobile":{"background-color":"","background-image":"","background-repeat":"repeat","background-position":"center center","background-size":"auto","background-attachment":"scroll","background-type":"","background-media":"","overlay-type":"","overlay-color":"","overlay-opacity":"","overlay-gradient":""}},"ast-content-background-meta":{"desktop":{"background-color":"var(--ast-global-color-5)","background-image":"","background-repeat":"repeat","background-position":"center center","background-size":"auto","background-attachment":"scroll","background-type":"","background-media":"","overlay-type":"","overlay-color":"","overlay-opacity":"","overlay-gradient":""},"tablet":{"background-color":"var(--ast-global-color-5)","background-image":"","background-repeat":"repeat","background-position":"center center","background-size":"auto","background-attachment":"scroll","background-type":"","background-media":"","overlay-type":"","overlay-color":"","overlay-opacity":"","overlay-gradient":""},"mobile":{"background-color":"var(--ast-global-color-5)","background-image":"","background-repeat":"repeat","background-position":"center center","background-size":"auto","background-attachment":"scroll","background-type":"","background-media":"","overlay-type":"","overlay-color":"","overlay-opacity":"","overlay-gradient":""}},"footnotes":""},"categories":[64,1,4,330,67],"tags":[],"class_list":["post-5259","post","type-post","status-publish","format-standard","has-post-thumbnail","hentry","category-escola-bellpuig","category-general","category-portada","category-preinscripcio-2","category-preinscripcio"],"post_mailing_queue_ids":[],"_links":{"self":[{"href":"https:\/\/agora.xtec.cat\/ceipbellpuig\/wp-json\/wp\/v2\/posts\/5259","targetHints":{"allow":["GET"]}}],"collection":[{"href":"https:\/\/agora.xtec.cat\/ceipbellpuig\/wp-json\/wp\/v2\/posts"}],"about":[{"href":"https:\/\/agora.xtec.cat\/ceipbellpuig\/wp-json\/wp\/v2\/types\/post"}],"author":[{"embeddable":true,"href":"https:\/\/agora.xtec.cat\/ceipbellpuig\/wp-json\/wp\/v2\/users\/1"}],"replies":[{"embeddable":true,"href":"https:\/\/agora.xtec.cat\/ceipbellpuig\/wp-json\/wp\/v2\/comments?post=5259"}],"version-history":[{"count":4,"href":"https:\/\/agora.xtec.cat\/ceipbellpuig\/wp-json\/wp\/v2\/posts\/5259\/revisions"}],"predecessor-version":[{"id":5396,"href":"https:\/\/agora.xtec.cat\/ceipbellpuig\/wp-json\/wp\/v2\/posts\/5259\/revisions\/5396"}],"wp:featuredmedia":[{"embeddable":true,"href":"https:\/\/agora.xtec.cat\/ceipbellpuig\/wp-json\/wp\/v2\/media\/5327"}],"wp:attachment":[{"href":"https:\/\/agora.xtec.cat\/ceipbellpuig\/wp-json\/wp\/v2\/media?parent=5259"}],"wp:term":[{"taxonomy":"category","embeddable":true,"href":"https:\/\/agora.xtec.cat\/ceipbellpuig\/wp-json\/wp\/v2\/categories?post=5259"},{"taxonomy":"post_tag","embeddable":true,"href":"https:\/\/agora.xtec.cat\/ceipbellpuig\/wp-json\/wp\/v2\/tags?post=5259"}],"curies":[{"name":"wp","href":"https:\/\/api.w.org\/{rel}","templated":true}]}}