{"id":5247,"date":"2022-02-05T14:47:15","date_gmt":"2022-02-05T13:47:15","guid":{"rendered":"https:\/\/agora.xtec.cat\/ceipbellpuig\/?p=5247"},"modified":"2022-02-05T14:47:15","modified_gmt":"2022-02-05T13:47:15","slug":"la-dinamica-del-pont-a-primer","status":"publish","type":"post","link":"https:\/\/agora.xtec.cat\/ceipbellpuig\/portada\/la-dinamica-del-pont-a-primer\/","title":{"rendered":"LA DIN\u00c0MICA DEL PONT  A PRIMER"},"content":{"rendered":"<p>Dins el treball de educaci\u00f3 en valors que realitzem a partir del material &#8220;El Bosc de Lem&#8221;, els de primer estem treballant la resoluci\u00f3 de conflictes.<\/p>\n<p>Aprendre a posar-se al lloc de l&#8217;altre, buscar sol.lucions conjuntes, mostrar-se flexible&#8230;eren alguns dels objectius a treballar a partir de la din\u00e0mica del pont.<\/p>\n<p>El repte era travessar alhora el pont un grup per cada costat. La primera proposta, drets, va ser for\u00e7a f\u00e0cil, tot i que ja van haver disputes per qui era el primer, per alg\u00fa que passava sense deixar lloc&#8230;<\/p>\n<p>La segona passada ho havien de fer ajupits i va costar m\u00e9s; for\u00e7a caigudes i disputes de les que parl\u00e0vem cada vegada que ho prov\u00e0vem.<\/p>\n<p>Finalment, vam deixar llibertat d&#8217;anar canviant de postura segons an\u00e9s millor per passar. Tots \u00e9rem un \u00fanic equip.<\/p>\n<p>Aquesta din\u00e0mica ens va donar peu a reflexionar sobre moltes coses: qui ha pensat en els de l&#8217;altra costat? Qui ha adaptat la seva postura als companys? Qui s&#8217;ha ajudat? Quan ens hem enfadat ho hem pogut solucionar?<\/p>\n<p>Us deixem un recull d&#8217;imatges i v\u00eddeos de l&#8217;experi\u00e8ncia.<\/p>\n<p><a href=\"https:\/\/photos.app.goo.gl\/rLX4XBtVNwAp4pjJ9\">FOTOS DE LA DIN\u00c0MICA<\/a><\/p>\n","protected":false},"excerpt":{"rendered":"<p>Dins el treball de educaci\u00f3 en valors que realitzem a partir del material &#8220;El Bosc de Lem&#8221;, els de primer estem treballant la resoluci\u00f3 de conflictes. Aprendre a posar-se al lloc de l&#8217;altre, buscar sol.lucions conjuntes, mostrar-se flexible&#8230;eren alguns dels objectius a treballar a partir de la din\u00e0mica del pont. El repte era travessar alhora [&hellip;]<\/p>\n","protected":false},"author":1,"featured_media":0,"comment_status":"open","ping_status":"closed","sticky":false,"template":"","format":"standard","meta":{"_bbp_topic_count":0,"_bbp_reply_count":0,"_bbp_total_topic_count":0,"_bbp_total_reply_count":0,"_bbp_voice_count":0,"_bbp_anonymous_reply_count":0,"_bbp_topic_count_hidden":0,"_bbp_reply_count_hidden":0,"_bbp_forum_subforum_count":0,"site-sidebar-layout":"default","site-content-layout":"","ast-site-content-layout":"","site-content-style":"default","site-sidebar-style":"default","ast-global-header-display":"","ast-banner-title-visibility":"","ast-main-header-display":"","ast-hfb-above-header-display":"","ast-hfb-below-header-display":"","ast-hfb-mobile-header-display":"","site-post-title":"","ast-breadcrumbs-content":"","ast-featured-img":"","footer-sml-layout":"","theme-transparent-header-meta":"","adv-header-id-meta":"","stick-header-meta":"","header-above-stick-meta":"","header-main-stick-meta":"","header-below-stick-meta":"","astra-migrate-meta-layouts":"default","ast-page-background-enabled":"default","ast-page-background-meta":{"desktop":{"background-color":"var(--ast-global-color-4)","background-image":"","background-repeat":"repeat","background-position":"center center","background-size":"auto","background-attachment":"scroll","background-type":"","background-media":"","overlay-type":"","overlay-color":"","overlay-opacity":"","overlay-gradient":""},"tablet":{"background-color":"","background-image":"","background-repeat":"repeat","background-position":"center center","background-size":"auto","background-attachment":"scroll","background-type":"","background-media":"","overlay-type":"","overlay-color":"","overlay-opacity":"","overlay-gradient":""},"mobile":{"background-color":"","background-image":"","background-repeat":"repeat","background-position":"center center","background-size":"auto","background-attachment":"scroll","background-type":"","background-media":"","overlay-type":"","overlay-color":"","overlay-opacity":"","overlay-gradient":""}},"ast-content-background-meta":{"desktop":{"background-color":"var(--ast-global-color-5)","background-image":"","background-repeat":"repeat","background-position":"center center","background-size":"auto","background-attachment":"scroll","background-type":"","background-media":"","overlay-type":"","overlay-color":"","overlay-opacity":"","overlay-gradient":""},"tablet":{"background-color":"var(--ast-global-color-5)","background-image":"","background-repeat":"repeat","background-position":"center center","background-size":"auto","background-attachment":"scroll","background-type":"","background-media":"","overlay-type":"","overlay-color":"","overlay-opacity":"","overlay-gradient":""},"mobile":{"background-color":"var(--ast-global-color-5)","background-image":"","background-repeat":"repeat","background-position":"center center","background-size":"auto","background-attachment":"scroll","background-type":"","background-media":"","overlay-type":"","overlay-color":"","overlay-opacity":"","overlay-gradient":""}},"footnotes":""},"categories":[69,460,287,4,5],"tags":[],"class_list":["post-5247","post","type-post","status-publish","format-standard","hentry","category-treballem","category-educacio-en-valors","category-mitjans","category-portada","category-primaria"],"post_mailing_queue_ids":[],"_links":{"self":[{"href":"https:\/\/agora.xtec.cat\/ceipbellpuig\/wp-json\/wp\/v2\/posts\/5247","targetHints":{"allow":["GET"]}}],"collection":[{"href":"https:\/\/agora.xtec.cat\/ceipbellpuig\/wp-json\/wp\/v2\/posts"}],"about":[{"href":"https:\/\/agora.xtec.cat\/ceipbellpuig\/wp-json\/wp\/v2\/types\/post"}],"author":[{"embeddable":true,"href":"https:\/\/agora.xtec.cat\/ceipbellpuig\/wp-json\/wp\/v2\/users\/1"}],"replies":[{"embeddable":true,"href":"https:\/\/agora.xtec.cat\/ceipbellpuig\/wp-json\/wp\/v2\/comments?post=5247"}],"version-history":[{"count":1,"href":"https:\/\/agora.xtec.cat\/ceipbellpuig\/wp-json\/wp\/v2\/posts\/5247\/revisions"}],"predecessor-version":[{"id":5248,"href":"https:\/\/agora.xtec.cat\/ceipbellpuig\/wp-json\/wp\/v2\/posts\/5247\/revisions\/5248"}],"wp:attachment":[{"href":"https:\/\/agora.xtec.cat\/ceipbellpuig\/wp-json\/wp\/v2\/media?parent=5247"}],"wp:term":[{"taxonomy":"category","embeddable":true,"href":"https:\/\/agora.xtec.cat\/ceipbellpuig\/wp-json\/wp\/v2\/categories?post=5247"},{"taxonomy":"post_tag","embeddable":true,"href":"https:\/\/agora.xtec.cat\/ceipbellpuig\/wp-json\/wp\/v2\/tags?post=5247"}],"curies":[{"name":"wp","href":"https:\/\/api.w.org\/{rel}","templated":true}]}}