{"id":5236,"date":"2022-02-07T18:50:48","date_gmt":"2022-02-07T17:50:48","guid":{"rendered":"https:\/\/agora.xtec.cat\/ceipbellpuig\/?p=5236"},"modified":"2022-02-07T18:50:48","modified_gmt":"2022-02-07T17:50:48","slug":"setmana-de-la-pau-i-cooperacio-mitjans","status":"publish","type":"post","link":"https:\/\/agora.xtec.cat\/ceipbellpuig\/general\/setmana-de-la-pau-i-cooperacio-mitjans\/","title":{"rendered":"SETMANA DE LA PAU I COOPERACI\u00d3 MITJANS"},"content":{"rendered":"<p>Aquesta setmana a les aules, hem estat treballant la pau i la cooperaci\u00f3. Hem explicat i comentat contes sobre els drets i els deures dels infants. Tamb\u00e9 hem vist uns v\u00eddeos molt explicatius de l&#8217;InfoK que ens han fet veure que hi ha moltes injust\u00edcies al m\u00f3n i que molts infants no tenen els drets que es mereixen.<\/p>\n<p>Cada classe ha treballat un dret diferent que hem posat en com\u00fa tots plegats al pati de l&#8217;escola.\u00a0 Els nens i nenes de 1r, 2n i 3r tamb\u00e9 hem parlat dels refugiats, persones que com nosaltres han de marxar del seu pa\u00eds en busca d&#8217;una vida millor per culpa de la pobresa, de guerres, persecucions,&#8230; que viuen a casa seva.<\/p>\n<p>Ens ha visitat, en Carlos, un voluntari d&#8217;Open Arms, una organitzaci\u00f3 humanit\u00e0ria de gran renom, per explicar-nos la tasca de salvament mar\u00edtim que fan en aig\u00fces internacionals.<\/p>\n<p>El nostre desig \u00e9s que tots els nens i\u00a0 nenes del m\u00f3n tinguin els drets que es mereixen i tothom pugui aspirar a tenir una vida millor!<\/p>\n<p>Des de l&#8217;escola i el claustre de mestres, farem un donatiu per agra\u00efr la xerrada i col\u00b7laborar amb el nostre granet de sorra a una causa tant important.<\/p>\n<p>Us deixem la p\u00e0gina web de la ONG i l&#8217;enlla\u00e7 per si alguna fam\u00edlia vol per alguna aportaci\u00f3 econ\u00f2mica. Tamb\u00e9 adjuntem les fotografies de la trobada i d&#8217;activitats realitzades durant la setmana de la pau i la cooperaci\u00f3.<\/p>\n<p><a href=\"https:\/\/www.openarms.es\/es\">P\u00c0GINA WEB OPEN ARMS<\/a><\/p>\n<p><a href=\"https:\/\/www.openarms.es\/es\/dona\">VULL FER UN DONATIU<\/a><\/p>\n<p><a href=\"https:\/\/photos.app.goo.gl\/rxY4rSBikCRBjz1q9\">FOTOS DEL TREBALL A MITJANS<\/a><\/p>\n<p>&nbsp;<\/p>\n<p>&nbsp;<\/p>\n<p>&nbsp;<\/p>\n","protected":false},"excerpt":{"rendered":"<p>Aquesta setmana a les aules, hem estat treballant la pau i la cooperaci\u00f3. Hem explicat i comentat contes sobre els drets i els deures dels infants. Tamb\u00e9 hem vist uns v\u00eddeos molt explicatius de l&#8217;InfoK que ens han fet veure que hi ha moltes injust\u00edcies al m\u00f3n i que molts infants no tenen els drets [&hellip;]<\/p>\n","protected":false},"author":1,"featured_media":0,"comment_status":"open","ping_status":"closed","sticky":false,"template":"","format":"standard","meta":{"_bbp_topic_count":0,"_bbp_reply_count":0,"_bbp_total_topic_count":0,"_bbp_total_reply_count":0,"_bbp_voice_count":0,"_bbp_anonymous_reply_count":0,"_bbp_topic_count_hidden":0,"_bbp_reply_count_hidden":0,"_bbp_forum_subforum_count":0,"site-sidebar-layout":"default","site-content-layout":"","ast-site-content-layout":"","site-content-style":"default","site-sidebar-style":"default","ast-global-header-display":"","ast-banner-title-visibility":"","ast-main-header-display":"","ast-hfb-above-header-display":"","ast-hfb-below-header-display":"","ast-hfb-mobile-header-display":"","site-post-title":"","ast-breadcrumbs-content":"","ast-featured-img":"","footer-sml-layout":"","theme-transparent-header-meta":"","adv-header-id-meta":"","stick-header-meta":"","header-above-stick-meta":"","header-main-stick-meta":"","header-below-stick-meta":"","astra-migrate-meta-layouts":"default","ast-page-background-enabled":"default","ast-page-background-meta":{"desktop":{"background-color":"var(--ast-global-color-4)","background-image":"","background-repeat":"repeat","background-position":"center center","background-size":"auto","background-attachment":"scroll","background-type":"","background-media":"","overlay-type":"","overlay-color":"","overlay-opacity":"","overlay-gradient":""},"tablet":{"background-color":"","background-image":"","background-repeat":"repeat","background-position":"center center","background-size":"auto","background-attachment":"scroll","background-type":"","background-media":"","overlay-type":"","overlay-color":"","overlay-opacity":"","overlay-gradient":""},"mobile":{"background-color":"","background-image":"","background-repeat":"repeat","background-position":"center center","background-size":"auto","background-attachment":"scroll","background-type":"","background-media":"","overlay-type":"","overlay-color":"","overlay-opacity":"","overlay-gradient":""}},"ast-content-background-meta":{"desktop":{"background-color":"var(--ast-global-color-5)","background-image":"","background-repeat":"repeat","background-position":"center center","background-size":"auto","background-attachment":"scroll","background-type":"","background-media":"","overlay-type":"","overlay-color":"","overlay-opacity":"","overlay-gradient":""},"tablet":{"background-color":"var(--ast-global-color-5)","background-image":"","background-repeat":"repeat","background-position":"center center","background-size":"auto","background-attachment":"scroll","background-type":"","background-media":"","overlay-type":"","overlay-color":"","overlay-opacity":"","overlay-gradient":""},"mobile":{"background-color":"var(--ast-global-color-5)","background-image":"","background-repeat":"repeat","background-position":"center center","background-size":"auto","background-attachment":"scroll","background-type":"","background-media":"","overlay-type":"","overlay-color":"","overlay-opacity":"","overlay-gradient":""}},"footnotes":""},"categories":[68,69,460,1,287,4],"tags":[],"class_list":["post-5236","post","type-post","status-publish","format-standard","hentry","category-pedagogic","category-treballem","category-educacio-en-valors","category-general","category-mitjans","category-portada"],"post_mailing_queue_ids":[],"_links":{"self":[{"href":"https:\/\/agora.xtec.cat\/ceipbellpuig\/wp-json\/wp\/v2\/posts\/5236","targetHints":{"allow":["GET"]}}],"collection":[{"href":"https:\/\/agora.xtec.cat\/ceipbellpuig\/wp-json\/wp\/v2\/posts"}],"about":[{"href":"https:\/\/agora.xtec.cat\/ceipbellpuig\/wp-json\/wp\/v2\/types\/post"}],"author":[{"embeddable":true,"href":"https:\/\/agora.xtec.cat\/ceipbellpuig\/wp-json\/wp\/v2\/users\/1"}],"replies":[{"embeddable":true,"href":"https:\/\/agora.xtec.cat\/ceipbellpuig\/wp-json\/wp\/v2\/comments?post=5236"}],"version-history":[{"count":3,"href":"https:\/\/agora.xtec.cat\/ceipbellpuig\/wp-json\/wp\/v2\/posts\/5236\/revisions"}],"predecessor-version":[{"id":5252,"href":"https:\/\/agora.xtec.cat\/ceipbellpuig\/wp-json\/wp\/v2\/posts\/5236\/revisions\/5252"}],"wp:attachment":[{"href":"https:\/\/agora.xtec.cat\/ceipbellpuig\/wp-json\/wp\/v2\/media?parent=5236"}],"wp:term":[{"taxonomy":"category","embeddable":true,"href":"https:\/\/agora.xtec.cat\/ceipbellpuig\/wp-json\/wp\/v2\/categories?post=5236"},{"taxonomy":"post_tag","embeddable":true,"href":"https:\/\/agora.xtec.cat\/ceipbellpuig\/wp-json\/wp\/v2\/tags?post=5236"}],"curies":[{"name":"wp","href":"https:\/\/api.w.org\/{rel}","templated":true}]}}