{"id":5227,"date":"2022-02-07T22:46:54","date_gmt":"2022-02-07T21:46:54","guid":{"rendered":"https:\/\/agora.xtec.cat\/ceipbellpuig\/?p=5227"},"modified":"2022-02-07T22:46:54","modified_gmt":"2022-02-07T21:46:54","slug":"racons-matematics-a-p4-2","status":"publish","type":"post","link":"https:\/\/agora.xtec.cat\/ceipbellpuig\/nivells\/petits\/racons-matematics-a-p4-2\/","title":{"rendered":"Racons matem\u00e0tics a P4"},"content":{"rendered":"<p>Els nens i nenes de P4 hem continuat fent racons de matem\u00e0tiques. En aquesta ocasi\u00f3, hem dedicat les sessions a treballar els seg\u00fcents aspectes:<\/p>\n<ul>\n<li>Associar n\u00famero amb quantitat i a la inversa, amb uns plafons de cartr\u00f3 i col\u00b7locant la pin\u00e7a al seu lloc corresponent.<\/li>\n<li>Reproduir una seriaci\u00f3 de colors seguint el model amb unes anelles de cartr\u00f3.<\/li>\n<li>Experimentar de forma lliure amb els reglets, un material matem\u00e0tic amb el qual ens anem familiaritzant a trav\u00e9s de diferents activitats.<\/li>\n<li>Reproduir, amb pals de fusta, unes figures seguint el model.<\/li>\n<li>Col\u00b7locar tantes gomes com ens indica el n\u00famero en un pal de fusta.<\/li>\n<li>Fer lliscar un cotxe per un tub de cartr\u00f3 i observar fins on arriba.<\/li>\n<\/ul>\n<p><a href=\"https:\/\/agora.xtec.cat\/ceipbellpuig\/wp-content\/uploads\/usu1575\/2022\/01\/IMG_20220128_154115.jpg\"><img loading=\"lazy\" decoding=\"async\" class=\"aligncenter size-medium wp-image-5228\" src=\"https:\/\/agora.xtec.cat\/ceipbellpuig\/wp-content\/uploads\/usu1575\/2022\/01\/IMG_20220128_154115-300x135.jpg\" alt=\"\" width=\"300\" height=\"135\" srcset=\"https:\/\/agora.xtec.cat\/ceipbellpuig\/wp-content\/uploads\/usu1575\/2022\/01\/IMG_20220128_154115-300x135.jpg 300w, https:\/\/agora.xtec.cat\/ceipbellpuig\/wp-content\/uploads\/usu1575\/2022\/01\/IMG_20220128_154115-1024x461.jpg 1024w, https:\/\/agora.xtec.cat\/ceipbellpuig\/wp-content\/uploads\/usu1575\/2022\/01\/IMG_20220128_154115-768x346.jpg 768w, https:\/\/agora.xtec.cat\/ceipbellpuig\/wp-content\/uploads\/usu1575\/2022\/01\/IMG_20220128_154115-1536x691.jpg 1536w, https:\/\/agora.xtec.cat\/ceipbellpuig\/wp-content\/uploads\/usu1575\/2022\/01\/IMG_20220128_154115.jpg 1920w\" sizes=\"auto, (max-width: 300px) 100vw, 300px\" \/><\/a><\/p>\n<p>Aqu\u00ed podeu veure les <a href=\"https:\/\/photos.app.goo.gl\/C24QKNX2f5uygqGs9\">FOTOS<\/a><\/p>\n","protected":false},"excerpt":{"rendered":"<p>Els nens i nenes de P4 hem continuat fent racons de matem\u00e0tiques. En aquesta ocasi\u00f3, hem dedicat les sessions a treballar els seg\u00fcents aspectes: Associar n\u00famero amb quantitat i a la inversa, amb uns plafons de cartr\u00f3 i col\u00b7locant la pin\u00e7a al seu lloc corresponent. Reproduir una seriaci\u00f3 de colors seguint el model amb unes [&hellip;]<\/p>\n","protected":false},"author":1,"featured_media":0,"comment_status":"open","ping_status":"closed","sticky":false,"template":"","format":"standard","meta":{"_bbp_topic_count":0,"_bbp_reply_count":0,"_bbp_total_topic_count":0,"_bbp_total_reply_count":0,"_bbp_voice_count":0,"_bbp_anonymous_reply_count":0,"_bbp_topic_count_hidden":0,"_bbp_reply_count_hidden":0,"_bbp_forum_subforum_count":0,"site-sidebar-layout":"default","site-content-layout":"","ast-site-content-layout":"","site-content-style":"default","site-sidebar-style":"default","ast-global-header-display":"","ast-banner-title-visibility":"","ast-main-header-display":"","ast-hfb-above-header-display":"","ast-hfb-below-header-display":"","ast-hfb-mobile-header-display":"","site-post-title":"","ast-breadcrumbs-content":"","ast-featured-img":"","footer-sml-layout":"","theme-transparent-header-meta":"","adv-header-id-meta":"","stick-header-meta":"","header-above-stick-meta":"","header-main-stick-meta":"","header-below-stick-meta":"","astra-migrate-meta-layouts":"default","ast-page-background-enabled":"default","ast-page-background-meta":{"desktop":{"background-color":"var(--ast-global-color-4)","background-image":"","background-repeat":"repeat","background-position":"center center","background-size":"auto","background-attachment":"scroll","background-type":"","background-media":"","overlay-type":"","overlay-color":"","overlay-opacity":"","overlay-gradient":""},"tablet":{"background-color":"","background-image":"","background-repeat":"repeat","background-position":"center center","background-size":"auto","background-attachment":"scroll","background-type":"","background-media":"","overlay-type":"","overlay-color":"","overlay-opacity":"","overlay-gradient":""},"mobile":{"background-color":"","background-image":"","background-repeat":"repeat","background-position":"center center","background-size":"auto","background-attachment":"scroll","background-type":"","background-media":"","overlay-type":"","overlay-color":"","overlay-opacity":"","overlay-gradient":""}},"ast-content-background-meta":{"desktop":{"background-color":"var(--ast-global-color-5)","background-image":"","background-repeat":"repeat","background-position":"center center","background-size":"auto","background-attachment":"scroll","background-type":"","background-media":"","overlay-type":"","overlay-color":"","overlay-opacity":"","overlay-gradient":""},"tablet":{"background-color":"var(--ast-global-color-5)","background-image":"","background-repeat":"repeat","background-position":"center center","background-size":"auto","background-attachment":"scroll","background-type":"","background-media":"","overlay-type":"","overlay-color":"","overlay-opacity":"","overlay-gradient":""},"mobile":{"background-color":"var(--ast-global-color-5)","background-image":"","background-repeat":"repeat","background-position":"center center","background-size":"auto","background-attachment":"scroll","background-type":"","background-media":"","overlay-type":"","overlay-color":"","overlay-opacity":"","overlay-gradient":""}},"footnotes":""},"categories":[2,4],"tags":[],"class_list":["post-5227","post","type-post","status-publish","format-standard","hentry","category-petits","category-portada"],"post_mailing_queue_ids":[],"_links":{"self":[{"href":"https:\/\/agora.xtec.cat\/ceipbellpuig\/wp-json\/wp\/v2\/posts\/5227","targetHints":{"allow":["GET"]}}],"collection":[{"href":"https:\/\/agora.xtec.cat\/ceipbellpuig\/wp-json\/wp\/v2\/posts"}],"about":[{"href":"https:\/\/agora.xtec.cat\/ceipbellpuig\/wp-json\/wp\/v2\/types\/post"}],"author":[{"embeddable":true,"href":"https:\/\/agora.xtec.cat\/ceipbellpuig\/wp-json\/wp\/v2\/users\/1"}],"replies":[{"embeddable":true,"href":"https:\/\/agora.xtec.cat\/ceipbellpuig\/wp-json\/wp\/v2\/comments?post=5227"}],"version-history":[{"count":1,"href":"https:\/\/agora.xtec.cat\/ceipbellpuig\/wp-json\/wp\/v2\/posts\/5227\/revisions"}],"predecessor-version":[{"id":5229,"href":"https:\/\/agora.xtec.cat\/ceipbellpuig\/wp-json\/wp\/v2\/posts\/5227\/revisions\/5229"}],"wp:attachment":[{"href":"https:\/\/agora.xtec.cat\/ceipbellpuig\/wp-json\/wp\/v2\/media?parent=5227"}],"wp:term":[{"taxonomy":"category","embeddable":true,"href":"https:\/\/agora.xtec.cat\/ceipbellpuig\/wp-json\/wp\/v2\/categories?post=5227"},{"taxonomy":"post_tag","embeddable":true,"href":"https:\/\/agora.xtec.cat\/ceipbellpuig\/wp-json\/wp\/v2\/tags?post=5227"}],"curies":[{"name":"wp","href":"https:\/\/api.w.org\/{rel}","templated":true}]}}