{"id":5213,"date":"2022-01-24T12:41:44","date_gmt":"2022-01-24T11:41:44","guid":{"rendered":"https:\/\/agora.xtec.cat\/ceipbellpuig\/?p=5213"},"modified":"2022-01-24T12:50:44","modified_gmt":"2022-01-24T11:50:44","slug":"pla-de-treball-de-lhivern-p4","status":"publish","type":"post","link":"https:\/\/agora.xtec.cat\/ceipbellpuig\/general\/pla-de-treball-de-lhivern-p4\/","title":{"rendered":"PLA DE TREBALL DE L&#8217;HIVERN. P4"},"content":{"rendered":"<p>Els\/les alumnes de P4 aquesta setmana el pla de treball que han fet ha anat relacionat amb l&#8217;hivern.<\/p>\n<p>Han fet les seg\u00fcents activitats:<\/p>\n<ul>\n<li><strong>Dibuix de la LLuna:<\/strong> Amb l&#8217;objectiu de treballar la creativitat, la motricitat fina , el treball en grup cooperatiu i treballar la dita del Gener. En aquesta activitat s&#8217;han posat d&#8217;acord\u00a0 en dibuixar\u00a0 la forma la lluna\u00a0 i com es diria. Seguidament s&#8217;han organitzat per dibuixar-la pintar-la amb pintura i sal i fer-li els craters amb rotllos de paper de wc Despr\u00e8s cada membres que formaven part del grup ha escrit el seu nom i entre tots han escrit\u00a0 el nom de la lluna que havien decidit.<\/li>\n<li><strong>Taula de minimons d&#8217;hivern<\/strong>: Amb l&#8217;objectiu de relacionar-se amb els companys crear, imaginar i jugar. En aquesta taula tenen sucre en pols i amb terrossos per simular la neu i diferents animals que viuen en aquest h\u00e0bitat.<\/li>\n<li><strong>La roda de la I:<\/strong> amb l&#8217;objectiu de treballar la consciencia fonol\u00f3gica aprenent a discriminar el so de la i. A la taula tenen rodes amb diferents dibuixos i han de buscar els que quan els pronunciem senten\u00a0 la lletra i i marcar-loa amb una pin\u00e7a.<\/li>\n<li><strong>Taula de llum amb flocs de neu:<\/strong> Amb l&#8217;objectiu de treballar la motricitat fina. A la taula de llum tenen diferents imatges de flocs de neu que ells pode representar amb pedretes de vidre de diferents colors.<\/li>\n<li><strong>Floc de neu:<\/strong> amb l&#8217;objectiu de treballar la motricitat fina . Anteriorment amb tires hav\u00edem constru\u00eft un floc de neu, en el pla de treball el que fan \u00e9s decorar les tires amb diferents tipus de tra\u00e7. Per fer el tra\u00e7 de cada tira el que fan \u00e9s tirar el tra\u00e7 i representar al que els surt al dau.<\/li>\n<\/ul>\n<p><a href=\"https:\/\/photos.app.goo.gl\/vv4oeitYLZL4akg68\">MIREU COM TREBALLEM<\/a><\/p>\n","protected":false},"excerpt":{"rendered":"<p>Els\/les alumnes de P4 aquesta setmana el pla de treball que han fet ha anat relacionat amb l&#8217;hivern. Han fet les seg\u00fcents activitats: Dibuix de la LLuna: Amb l&#8217;objectiu de treballar la creativitat, la motricitat fina , el treball en grup cooperatiu i treballar la dita del Gener. En aquesta activitat s&#8217;han posat d&#8217;acord\u00a0 en [&hellip;]<\/p>\n","protected":false},"author":1,"featured_media":0,"comment_status":"open","ping_status":"closed","sticky":false,"template":"","format":"standard","meta":{"_bbp_topic_count":0,"_bbp_reply_count":0,"_bbp_total_topic_count":0,"_bbp_total_reply_count":0,"_bbp_voice_count":0,"_bbp_anonymous_reply_count":0,"_bbp_topic_count_hidden":0,"_bbp_reply_count_hidden":0,"_bbp_forum_subforum_count":0,"site-sidebar-layout":"default","site-content-layout":"","ast-site-content-layout":"","site-content-style":"default","site-sidebar-style":"default","ast-global-header-display":"","ast-banner-title-visibility":"","ast-main-header-display":"","ast-hfb-above-header-display":"","ast-hfb-below-header-display":"","ast-hfb-mobile-header-display":"","site-post-title":"","ast-breadcrumbs-content":"","ast-featured-img":"","footer-sml-layout":"","theme-transparent-header-meta":"","adv-header-id-meta":"","stick-header-meta":"","header-above-stick-meta":"","header-main-stick-meta":"","header-below-stick-meta":"","astra-migrate-meta-layouts":"default","ast-page-background-enabled":"default","ast-page-background-meta":{"desktop":{"background-color":"var(--ast-global-color-4)","background-image":"","background-repeat":"repeat","background-position":"center center","background-size":"auto","background-attachment":"scroll","background-type":"","background-media":"","overlay-type":"","overlay-color":"","overlay-opacity":"","overlay-gradient":""},"tablet":{"background-color":"","background-image":"","background-repeat":"repeat","background-position":"center center","background-size":"auto","background-attachment":"scroll","background-type":"","background-media":"","overlay-type":"","overlay-color":"","overlay-opacity":"","overlay-gradient":""},"mobile":{"background-color":"","background-image":"","background-repeat":"repeat","background-position":"center center","background-size":"auto","background-attachment":"scroll","background-type":"","background-media":"","overlay-type":"","overlay-color":"","overlay-opacity":"","overlay-gradient":""}},"ast-content-background-meta":{"desktop":{"background-color":"var(--ast-global-color-5)","background-image":"","background-repeat":"repeat","background-position":"center center","background-size":"auto","background-attachment":"scroll","background-type":"","background-media":"","overlay-type":"","overlay-color":"","overlay-opacity":"","overlay-gradient":""},"tablet":{"background-color":"var(--ast-global-color-5)","background-image":"","background-repeat":"repeat","background-position":"center center","background-size":"auto","background-attachment":"scroll","background-type":"","background-media":"","overlay-type":"","overlay-color":"","overlay-opacity":"","overlay-gradient":""},"mobile":{"background-color":"var(--ast-global-color-5)","background-image":"","background-repeat":"repeat","background-position":"center center","background-size":"auto","background-attachment":"scroll","background-type":"","background-media":"","overlay-type":"","overlay-color":"","overlay-opacity":"","overlay-gradient":""}},"footnotes":""},"categories":[74,1,2,76,4],"tags":[228,82,450],"class_list":["post-5213","post","type-post","status-publish","format-standard","hentry","category-activitats","category-general","category-petits","category-nivells","category-portada","tag-hivern","tag-p4","tag-petits-pla-de-treball-p4"],"post_mailing_queue_ids":[],"_links":{"self":[{"href":"https:\/\/agora.xtec.cat\/ceipbellpuig\/wp-json\/wp\/v2\/posts\/5213","targetHints":{"allow":["GET"]}}],"collection":[{"href":"https:\/\/agora.xtec.cat\/ceipbellpuig\/wp-json\/wp\/v2\/posts"}],"about":[{"href":"https:\/\/agora.xtec.cat\/ceipbellpuig\/wp-json\/wp\/v2\/types\/post"}],"author":[{"embeddable":true,"href":"https:\/\/agora.xtec.cat\/ceipbellpuig\/wp-json\/wp\/v2\/users\/1"}],"replies":[{"embeddable":true,"href":"https:\/\/agora.xtec.cat\/ceipbellpuig\/wp-json\/wp\/v2\/comments?post=5213"}],"version-history":[{"count":1,"href":"https:\/\/agora.xtec.cat\/ceipbellpuig\/wp-json\/wp\/v2\/posts\/5213\/revisions"}],"predecessor-version":[{"id":5214,"href":"https:\/\/agora.xtec.cat\/ceipbellpuig\/wp-json\/wp\/v2\/posts\/5213\/revisions\/5214"}],"wp:attachment":[{"href":"https:\/\/agora.xtec.cat\/ceipbellpuig\/wp-json\/wp\/v2\/media?parent=5213"}],"wp:term":[{"taxonomy":"category","embeddable":true,"href":"https:\/\/agora.xtec.cat\/ceipbellpuig\/wp-json\/wp\/v2\/categories?post=5213"},{"taxonomy":"post_tag","embeddable":true,"href":"https:\/\/agora.xtec.cat\/ceipbellpuig\/wp-json\/wp\/v2\/tags?post=5213"}],"curies":[{"name":"wp","href":"https:\/\/api.w.org\/{rel}","templated":true}]}}