{"id":5176,"date":"2021-12-18T16:06:29","date_gmt":"2021-12-18T15:06:29","guid":{"rendered":"https:\/\/agora.xtec.cat\/ceipbellpuig\/?p=5176"},"modified":"2021-12-18T16:08:39","modified_gmt":"2021-12-18T15:08:39","slug":"les-fruites-matematiques-a-primer","status":"publish","type":"post","link":"https:\/\/agora.xtec.cat\/ceipbellpuig\/nivells\/petits\/les-fruites-matematiques-a-primer\/","title":{"rendered":"LES FRUITES MATEM\u00c0TIQUES  A P5 I PRIMER"},"content":{"rendered":"<p>Com ja sabeu, fa anys que l&#8217;escola est\u00e0 adherida al programa &#8220;Pla de consum de fruita a les escoles&#8221;.<\/p>\n<p><a href=\"http:\/\/agricultura.gencat.cat\/ca\/ambits\/alimentacio\/promocio-agroalimentaria\/fruita-llet-escoles\/fruita-escoles\/\">PLA DE FRUITA.<\/a><\/p>\n<p>Una setmana al mes rebem fruita de temporada que repartim als infants ja sigui per esmorzar o per berenar.<\/p>\n<p>A finals de novembre, ens van arribar ra\u00efm i mandarines. A P5 i primer, Vam aprofitar l&#8217;ocasi\u00f3 per a treballar matem\u00e0tiques.<\/p>\n<p>Amb el ra\u00efm, vam fer una estimaci\u00f3 de quants grans de ra\u00efm hi havia en un gotim i quants\u00a0 ens tocarien si ens el repart\u00edem. Un inici del concepte de la divisi\u00f3 amb un cas pr\u00e0ctic i real. Naturalment, despr\u00e9s, ens vam menjar les racions m\u00e9s ben repartides que mai.<\/p>\n<p>A P5 van aprofitar per fer grups de deu per refor\u00e7ar el concepte de desena i el comptatge.<\/p>\n<p>Amb les mandarines, cada nen\/a va intentar endevinar quants grills tenia la seva. Vam comprovar que les mandraines acostumen a tenir entre 8 i 11 grills.<\/p>\n<p>A continuaci\u00f3 cadasc\u00fa va representar amb les reglets el seu nombre de grills i vam anar sumant els de tota la taula per veure quants en ten\u00edem en total. Aix\u00ed doncs, vam passar de parlar de nombres petits a la centena d&#8217;una manera molt visual.<\/p>\n<p>La fruita \u00e9s sana, bona i amaga molts conceptes matem\u00e0tics!<\/p>\n<p><a href=\"https:\/\/photos.app.goo.gl\/C5FMYzWPSRQSdLwM7\">FOTOS MATES AMB FRUITA<\/a><\/p>\n<p>&nbsp;<\/p>\n<p>&nbsp;<\/p>\n<p>&nbsp;<\/p>\n","protected":false},"excerpt":{"rendered":"<p>Com ja sabeu, fa anys que l&#8217;escola est\u00e0 adherida al programa &#8220;Pla de consum de fruita a les escoles&#8221;. PLA DE FRUITA. Una setmana al mes rebem fruita de temporada que repartim als infants ja sigui per esmorzar o per berenar. A finals de novembre, ens van arribar ra\u00efm i mandarines. A P5 i primer, [&hellip;]<\/p>\n","protected":false},"author":1,"featured_media":0,"comment_status":"open","ping_status":"closed","sticky":false,"template":"","format":"standard","meta":{"_bbp_topic_count":0,"_bbp_reply_count":0,"_bbp_total_topic_count":0,"_bbp_total_reply_count":0,"_bbp_voice_count":0,"_bbp_anonymous_reply_count":0,"_bbp_topic_count_hidden":0,"_bbp_reply_count_hidden":0,"_bbp_forum_subforum_count":0,"site-sidebar-layout":"default","site-content-layout":"","ast-site-content-layout":"","site-content-style":"default","site-sidebar-style":"default","ast-global-header-display":"","ast-banner-title-visibility":"","ast-main-header-display":"","ast-hfb-above-header-display":"","ast-hfb-below-header-display":"","ast-hfb-mobile-header-display":"","site-post-title":"","ast-breadcrumbs-content":"","ast-featured-img":"","footer-sml-layout":"","theme-transparent-header-meta":"","adv-header-id-meta":"","stick-header-meta":"","header-above-stick-meta":"","header-main-stick-meta":"","header-below-stick-meta":"","astra-migrate-meta-layouts":"default","ast-page-background-enabled":"default","ast-page-background-meta":{"desktop":{"background-color":"var(--ast-global-color-4)","background-image":"","background-repeat":"repeat","background-position":"center center","background-size":"auto","background-attachment":"scroll","background-type":"","background-media":"","overlay-type":"","overlay-color":"","overlay-opacity":"","overlay-gradient":""},"tablet":{"background-color":"","background-image":"","background-repeat":"repeat","background-position":"center center","background-size":"auto","background-attachment":"scroll","background-type":"","background-media":"","overlay-type":"","overlay-color":"","overlay-opacity":"","overlay-gradient":""},"mobile":{"background-color":"","background-image":"","background-repeat":"repeat","background-position":"center center","background-size":"auto","background-attachment":"scroll","background-type":"","background-media":"","overlay-type":"","overlay-color":"","overlay-opacity":"","overlay-gradient":""}},"ast-content-background-meta":{"desktop":{"background-color":"var(--ast-global-color-5)","background-image":"","background-repeat":"repeat","background-position":"center center","background-size":"auto","background-attachment":"scroll","background-type":"","background-media":"","overlay-type":"","overlay-color":"","overlay-opacity":"","overlay-gradient":""},"tablet":{"background-color":"var(--ast-global-color-5)","background-image":"","background-repeat":"repeat","background-position":"center center","background-size":"auto","background-attachment":"scroll","background-type":"","background-media":"","overlay-type":"","overlay-color":"","overlay-opacity":"","overlay-gradient":""},"mobile":{"background-color":"var(--ast-global-color-5)","background-image":"","background-repeat":"repeat","background-position":"center center","background-size":"auto","background-attachment":"scroll","background-type":"","background-media":"","overlay-type":"","overlay-color":"","overlay-opacity":"","overlay-gradient":""}},"footnotes":""},"categories":[69,64,2,398,287,4],"tags":[],"class_list":["post-5176","post","type-post","status-publish","format-standard","hentry","category-treballem","category-escola-bellpuig","category-petits","category-lalimentacio-escola","category-mitjans","category-portada"],"post_mailing_queue_ids":[],"_links":{"self":[{"href":"https:\/\/agora.xtec.cat\/ceipbellpuig\/wp-json\/wp\/v2\/posts\/5176","targetHints":{"allow":["GET"]}}],"collection":[{"href":"https:\/\/agora.xtec.cat\/ceipbellpuig\/wp-json\/wp\/v2\/posts"}],"about":[{"href":"https:\/\/agora.xtec.cat\/ceipbellpuig\/wp-json\/wp\/v2\/types\/post"}],"author":[{"embeddable":true,"href":"https:\/\/agora.xtec.cat\/ceipbellpuig\/wp-json\/wp\/v2\/users\/1"}],"replies":[{"embeddable":true,"href":"https:\/\/agora.xtec.cat\/ceipbellpuig\/wp-json\/wp\/v2\/comments?post=5176"}],"version-history":[{"count":3,"href":"https:\/\/agora.xtec.cat\/ceipbellpuig\/wp-json\/wp\/v2\/posts\/5176\/revisions"}],"predecessor-version":[{"id":5179,"href":"https:\/\/agora.xtec.cat\/ceipbellpuig\/wp-json\/wp\/v2\/posts\/5176\/revisions\/5179"}],"wp:attachment":[{"href":"https:\/\/agora.xtec.cat\/ceipbellpuig\/wp-json\/wp\/v2\/media?parent=5176"}],"wp:term":[{"taxonomy":"category","embeddable":true,"href":"https:\/\/agora.xtec.cat\/ceipbellpuig\/wp-json\/wp\/v2\/categories?post=5176"},{"taxonomy":"post_tag","embeddable":true,"href":"https:\/\/agora.xtec.cat\/ceipbellpuig\/wp-json\/wp\/v2\/tags?post=5176"}],"curies":[{"name":"wp","href":"https:\/\/api.w.org\/{rel}","templated":true}]}}