{"id":5119,"date":"2021-11-25T18:42:11","date_gmt":"2021-11-25T17:42:11","guid":{"rendered":"https:\/\/agora.xtec.cat\/ceipbellpuig\/?p=5119"},"modified":"2021-11-25T18:42:11","modified_gmt":"2021-11-25T17:42:11","slug":"tardor-a-p3","status":"publish","type":"post","link":"https:\/\/agora.xtec.cat\/ceipbellpuig\/general\/tardor-a-p3\/","title":{"rendered":"TARDOR A P3"},"content":{"rendered":"<p>&#8220;<em><strong>A LA TARDOR, NI FRED NI CALOR<\/strong><\/em>&#8221; (dita treballada a la classe).<\/p>\n<p><img loading=\"lazy\" decoding=\"async\" class=\"\" src=\"https:\/\/img.beteve.cat\/wp-content\/uploads\/2019\/10\/tardor-1024x576.jpg\" alt=\"Quan comen\u00e7a la tardor 2021? A quina hora? | betev\u00e9\" width=\"455\" height=\"256\" \/><\/p>\n<p>Des que va comen\u00e7ar la tardor, a P3 hem posat molta atenci\u00f3 als canvis que hem vist al nostre voltant.<\/p>\n<p>Hem observat els arbres del pati i els del parc i hem vist que les fulles han canviat de color i mica en mica han anat caient. Aix\u00f2 ens ha portat a parlar dels colors de la tardor: el groc, el vermell, el taronja i el marr\u00f3. Hem fet diverses activitats amb pintura i retoladors d&#8217;aquests colors.<\/p>\n<p>Tamb\u00e9 hem tingut un microespai dedicat a la tardor on hem pogut observar algunes de les fruites t\u00edpiques d&#8217;aquesta \u00e8poca. En una sessi\u00f3 de tot el grup, les hem mirat molt b\u00e9, les hem olorat, hem dit els seus colors per fora i hem fet hip\u00f2tesis de com serien per dins! La majoria les hem endevinat&#8230; Els nens i nenes que han volgut, han pogut tastar la magrana!<\/p>\n<p>Hem aprofitat les castanyes que ens va portar l&#8217;A.S. per comptar i fer seriacions! Tamb\u00e9 hem escoltat &#8220;<em>La Tardor<\/em>&#8221; de Vivaldi en un v\u00eddeo ple d&#8217;imatges de tardor. Hem parlat dels dies de pluja i hem fet endevinalles de les peces que ens posem una tarda de pluja per anar a trepitjar bassals. I a m\u00e9s, hem treballat la dita i hem escoltat un bonic poema.<\/p>\n<p>Voleu veure unes quantes imatges? Doncs cliqueu\u00a0<a href=\"https:\/\/photos.app.goo.gl\/vRebv3o54v38tQZXA\" target=\"_blank\" rel=\"noopener\">AQU\u00cd!<\/a><\/p>\n<p>&nbsp;<\/p>\n","protected":false},"excerpt":{"rendered":"<p>&#8220;A LA TARDOR, NI FRED NI CALOR&#8221; (dita treballada a la classe). Des que va comen\u00e7ar la tardor, a P3 hem posat molta atenci\u00f3 als canvis que hem vist al nostre voltant. Hem observat els arbres del pati i els del parc i hem vist que les fulles han canviat de color i mica en [&hellip;]<\/p>\n","protected":false},"author":1,"featured_media":0,"comment_status":"open","ping_status":"closed","sticky":false,"template":"","format":"standard","meta":{"_bbp_topic_count":0,"_bbp_reply_count":0,"_bbp_total_topic_count":0,"_bbp_total_reply_count":0,"_bbp_voice_count":0,"_bbp_anonymous_reply_count":0,"_bbp_topic_count_hidden":0,"_bbp_reply_count_hidden":0,"_bbp_forum_subforum_count":0,"site-sidebar-layout":"default","site-content-layout":"","ast-site-content-layout":"","site-content-style":"default","site-sidebar-style":"default","ast-global-header-display":"","ast-banner-title-visibility":"","ast-main-header-display":"","ast-hfb-above-header-display":"","ast-hfb-below-header-display":"","ast-hfb-mobile-header-display":"","site-post-title":"","ast-breadcrumbs-content":"","ast-featured-img":"","footer-sml-layout":"","theme-transparent-header-meta":"","adv-header-id-meta":"","stick-header-meta":"","header-above-stick-meta":"","header-main-stick-meta":"","header-below-stick-meta":"","astra-migrate-meta-layouts":"default","ast-page-background-enabled":"default","ast-page-background-meta":{"desktop":{"background-color":"var(--ast-global-color-4)","background-image":"","background-repeat":"repeat","background-position":"center center","background-size":"auto","background-attachment":"scroll","background-type":"","background-media":"","overlay-type":"","overlay-color":"","overlay-opacity":"","overlay-gradient":""},"tablet":{"background-color":"","background-image":"","background-repeat":"repeat","background-position":"center center","background-size":"auto","background-attachment":"scroll","background-type":"","background-media":"","overlay-type":"","overlay-color":"","overlay-opacity":"","overlay-gradient":""},"mobile":{"background-color":"","background-image":"","background-repeat":"repeat","background-position":"center center","background-size":"auto","background-attachment":"scroll","background-type":"","background-media":"","overlay-type":"","overlay-color":"","overlay-opacity":"","overlay-gradient":""}},"ast-content-background-meta":{"desktop":{"background-color":"var(--ast-global-color-5)","background-image":"","background-repeat":"repeat","background-position":"center center","background-size":"auto","background-attachment":"scroll","background-type":"","background-media":"","overlay-type":"","overlay-color":"","overlay-opacity":"","overlay-gradient":""},"tablet":{"background-color":"var(--ast-global-color-5)","background-image":"","background-repeat":"repeat","background-position":"center center","background-size":"auto","background-attachment":"scroll","background-type":"","background-media":"","overlay-type":"","overlay-color":"","overlay-opacity":"","overlay-gradient":""},"mobile":{"background-color":"var(--ast-global-color-5)","background-image":"","background-repeat":"repeat","background-position":"center center","background-size":"auto","background-attachment":"scroll","background-type":"","background-media":"","overlay-type":"","overlay-color":"","overlay-opacity":"","overlay-gradient":""}},"footnotes":""},"categories":[1,2,4],"tags":[364],"class_list":["post-5119","post","type-post","status-publish","format-standard","hentry","category-general","category-petits","category-portada","tag-p3"],"post_mailing_queue_ids":[],"_links":{"self":[{"href":"https:\/\/agora.xtec.cat\/ceipbellpuig\/wp-json\/wp\/v2\/posts\/5119","targetHints":{"allow":["GET"]}}],"collection":[{"href":"https:\/\/agora.xtec.cat\/ceipbellpuig\/wp-json\/wp\/v2\/posts"}],"about":[{"href":"https:\/\/agora.xtec.cat\/ceipbellpuig\/wp-json\/wp\/v2\/types\/post"}],"author":[{"embeddable":true,"href":"https:\/\/agora.xtec.cat\/ceipbellpuig\/wp-json\/wp\/v2\/users\/1"}],"replies":[{"embeddable":true,"href":"https:\/\/agora.xtec.cat\/ceipbellpuig\/wp-json\/wp\/v2\/comments?post=5119"}],"version-history":[{"count":1,"href":"https:\/\/agora.xtec.cat\/ceipbellpuig\/wp-json\/wp\/v2\/posts\/5119\/revisions"}],"predecessor-version":[{"id":5120,"href":"https:\/\/agora.xtec.cat\/ceipbellpuig\/wp-json\/wp\/v2\/posts\/5119\/revisions\/5120"}],"wp:attachment":[{"href":"https:\/\/agora.xtec.cat\/ceipbellpuig\/wp-json\/wp\/v2\/media?parent=5119"}],"wp:term":[{"taxonomy":"category","embeddable":true,"href":"https:\/\/agora.xtec.cat\/ceipbellpuig\/wp-json\/wp\/v2\/categories?post=5119"},{"taxonomy":"post_tag","embeddable":true,"href":"https:\/\/agora.xtec.cat\/ceipbellpuig\/wp-json\/wp\/v2\/tags?post=5119"}],"curies":[{"name":"wp","href":"https:\/\/api.w.org\/{rel}","templated":true}]}}