{"id":5076,"date":"2021-11-21T19:03:43","date_gmt":"2021-11-21T18:03:43","guid":{"rendered":"https:\/\/agora.xtec.cat\/ceipbellpuig\/?p=5076"},"modified":"2026-03-02T13:55:52","modified_gmt":"2026-03-02T12:55:52","slug":"esport-en-valors","status":"publish","type":"post","link":"https:\/\/agora.xtec.cat\/ceipbellpuig\/general\/esport-en-valors\/","title":{"rendered":"ESPORT EN VALORS"},"content":{"rendered":"<p>Aquest any a l&#8217;escola Bellpuig ens hem proposat treballar conjuntament amb el punt jove de Sant Juli\u00e0 de Vilatorta i hem portat a terme l&#8217;activitat d&#8217;esports en valors a l&#8217;\u00e0rea d&#8217;educaci\u00f3 f\u00edsica.<\/p>\n<p>L&#8217;activitat s&#8217;estructura en tres parts. De primer a quart hem realitzat la din\u00e0mica de grup, que consisteix en realitzar un primer temps de di\u00e0leg on es potencia la paraula i la participaci\u00f3 de tots i totes. Aquest espai serveix per con\u00e8ixer-nos i tamb\u00e9 per escollir conjuntament l\u2019esport o el joc que volem practicar i les normes que volem seguir.<\/p>\n<p>A continuaci\u00f3, la segona part, consisteix en desenvolupar el joc escollit respectant les normes establertes pel grup.<\/p>\n<p>L\u2019activitat finalitza quan els participants valoren el joc tenint en compte diferents valors: de treball en equip, el joc net i el respecte de les normes acordades.<\/p>\n<p>L&#8217;activitat coordinada per l&#8217;Associaci\u00f3 EVAL es porta a terme cada divendres de 1\/4 de 6 a 3\/4 de 7 de la tarda a la pista del Carrer de Sant Roc i est\u00e0 oberta a tots els nens i nenes del poble a partir de 8 anys.<\/p>\n<p>\u00c9s una extraescolar gratu\u00efta i per poder-hi participar, \u00e9s indispensable fer arribar la inscripci\u00f3 pr\u00e8via a l\u2019Ajuntament o al Punt Jove Tort\u00ed.<\/p>\n<p>Us recomenem l&#8217;experi\u00e8ncia! L&#8217;alumnat de l&#8217;escola ho ha gaudit molt!<\/p>\n<p>Per a m\u00e9s informaci\u00f3, podeu escriure a sjv.pij@vilatorta.cat o trucar al 93.812.21.79 (ext.119) i tamb\u00e9 podeu seguir l\u2019activitat a l\u2019Instagram de l\u2019Associaci\u00f3 EVAL @esport_amb_valors i a @puntjovetorti<\/p>\n","protected":false},"excerpt":{"rendered":"<p>Aquest any a l&#8217;escola Bellpuig ens hem proposat treballar conjuntament amb el punt jove de Sant Juli\u00e0 de Vilatorta i hem portat a terme l&#8217;activitat d&#8217;esports en valors a l&#8217;\u00e0rea d&#8217;educaci\u00f3 f\u00edsica. L&#8217;activitat s&#8217;estructura en tres parts. De primer a quart hem realitzat la din\u00e0mica de grup, que consisteix en realitzar un primer temps de [&hellip;]<\/p>\n","protected":false},"author":1,"featured_media":0,"comment_status":"open","ping_status":"closed","sticky":false,"template":"","format":"standard","meta":{"_bbp_topic_count":0,"_bbp_reply_count":0,"_bbp_total_topic_count":0,"_bbp_total_reply_count":0,"_bbp_voice_count":0,"_bbp_anonymous_reply_count":0,"_bbp_topic_count_hidden":0,"_bbp_reply_count_hidden":0,"_bbp_forum_subforum_count":0,"site-sidebar-layout":"default","site-content-layout":"","ast-site-content-layout":"default","site-content-style":"default","site-sidebar-style":"default","ast-global-header-display":"","ast-banner-title-visibility":"","ast-main-header-display":"","ast-hfb-above-header-display":"","ast-hfb-below-header-display":"","ast-hfb-mobile-header-display":"","site-post-title":"","ast-breadcrumbs-content":"","ast-featured-img":"","footer-sml-layout":"","theme-transparent-header-meta":"","adv-header-id-meta":"","stick-header-meta":"","header-above-stick-meta":"","header-main-stick-meta":"","header-below-stick-meta":"","astra-migrate-meta-layouts":"set","ast-page-background-enabled":"default","ast-page-background-meta":{"desktop":{"background-color":"var(--ast-global-color-4)","background-image":"","background-repeat":"repeat","background-position":"center center","background-size":"auto","background-attachment":"scroll","background-type":"","background-media":"","overlay-type":"","overlay-color":"","overlay-opacity":"","overlay-gradient":""},"tablet":{"background-color":"","background-image":"","background-repeat":"repeat","background-position":"center center","background-size":"auto","background-attachment":"scroll","background-type":"","background-media":"","overlay-type":"","overlay-color":"","overlay-opacity":"","overlay-gradient":""},"mobile":{"background-color":"","background-image":"","background-repeat":"repeat","background-position":"center center","background-size":"auto","background-attachment":"scroll","background-type":"","background-media":"","overlay-type":"","overlay-color":"","overlay-opacity":"","overlay-gradient":""}},"ast-content-background-meta":{"desktop":{"background-color":"var(--ast-global-color-5)","background-image":"","background-repeat":"repeat","background-position":"center center","background-size":"auto","background-attachment":"scroll","background-type":"","background-media":"","overlay-type":"","overlay-color":"","overlay-opacity":"","overlay-gradient":""},"tablet":{"background-color":"var(--ast-global-color-5)","background-image":"","background-repeat":"repeat","background-position":"center center","background-size":"auto","background-attachment":"scroll","background-type":"","background-media":"","overlay-type":"","overlay-color":"","overlay-opacity":"","overlay-gradient":""},"mobile":{"background-color":"var(--ast-global-color-5)","background-image":"","background-repeat":"repeat","background-position":"center center","background-size":"auto","background-attachment":"scroll","background-type":"","background-media":"","overlay-type":"","overlay-color":"","overlay-opacity":"","overlay-gradient":""}},"footnotes":""},"categories":[74,91,1,62,4],"tags":[],"class_list":["post-5076","post","type-post","status-publish","format-standard","hentry","category-activitats","category-educacio-fisica","category-general","category-informacions","category-portada"],"post_mailing_queue_ids":[],"_links":{"self":[{"href":"https:\/\/agora.xtec.cat\/ceipbellpuig\/wp-json\/wp\/v2\/posts\/5076","targetHints":{"allow":["GET"]}}],"collection":[{"href":"https:\/\/agora.xtec.cat\/ceipbellpuig\/wp-json\/wp\/v2\/posts"}],"about":[{"href":"https:\/\/agora.xtec.cat\/ceipbellpuig\/wp-json\/wp\/v2\/types\/post"}],"author":[{"embeddable":true,"href":"https:\/\/agora.xtec.cat\/ceipbellpuig\/wp-json\/wp\/v2\/users\/1"}],"replies":[{"embeddable":true,"href":"https:\/\/agora.xtec.cat\/ceipbellpuig\/wp-json\/wp\/v2\/comments?post=5076"}],"version-history":[{"count":3,"href":"https:\/\/agora.xtec.cat\/ceipbellpuig\/wp-json\/wp\/v2\/posts\/5076\/revisions"}],"predecessor-version":[{"id":7594,"href":"https:\/\/agora.xtec.cat\/ceipbellpuig\/wp-json\/wp\/v2\/posts\/5076\/revisions\/7594"}],"wp:attachment":[{"href":"https:\/\/agora.xtec.cat\/ceipbellpuig\/wp-json\/wp\/v2\/media?parent=5076"}],"wp:term":[{"taxonomy":"category","embeddable":true,"href":"https:\/\/agora.xtec.cat\/ceipbellpuig\/wp-json\/wp\/v2\/categories?post=5076"},{"taxonomy":"post_tag","embeddable":true,"href":"https:\/\/agora.xtec.cat\/ceipbellpuig\/wp-json\/wp\/v2\/tags?post=5076"}],"curies":[{"name":"wp","href":"https:\/\/api.w.org\/{rel}","templated":true}]}}