{"id":5073,"date":"2021-11-21T15:39:19","date_gmt":"2021-11-21T14:39:19","guid":{"rendered":"https:\/\/agora.xtec.cat\/ceipbellpuig\/?p=5073"},"modified":"2021-11-21T15:46:18","modified_gmt":"2021-11-21T14:46:18","slug":"la-visita-artistica-de-la-maria-diez-a-primer","status":"publish","type":"post","link":"https:\/\/agora.xtec.cat\/ceipbellpuig\/portada\/la-visita-artistica-de-la-maria-diez-a-primer\/","title":{"rendered":"La visita art\u00edstica de la Maria Diez a primer"},"content":{"rendered":"<p>Els surfistes de primer fa setmanes que hem iniciat el projecte d&#8217;Art i Escola, que aquest curs gira al voltant de la tem\u00e0tica de &#8220;la cura&#8221;.<\/p>\n<p><a href=\"https:\/\/www.acvic.org\/ca\/art-i-escola\/3623-art-i-escola-11-cura-2021-22\">Art i escola La cura<\/a><\/p>\n<p>Estem treballant sobre la cura entre nosaltres, com ens cuidem dins el grup, detectant moments de cura i moments que podem millorar.<\/p>\n<p>Aquesta setmana, vam rebre la visita de la Maria Diez, germana de la Paula, que \u00e9s joiera i professora d&#8217;Art a l&#8217;escola Massana de Barcelona. L&#8217;objectiu de l&#8217;activitat, aquesta vegada, es va centrar en la cura de nosaltres mateixos i l&#8217;autoconeixement.<\/p>\n<p>A partir de l&#8217;observaci\u00f3 de diferents materials: aigua, pedres, agulles, plastilina, fang, cot\u00f3, esponges i fulles, vam adjudicar a cada element un tret de personalitat o una emoci\u00f3: fortalesa, r\u00e0bia, cariny\u00f3s\/a, adaptable, alegre&#8230;i cadasc\u00fa va dissenyar el seu autorretrat tenint en compte les caracter\u00edstiques que el defineixen.<\/p>\n<p>A la tarda, ens vam centrar el el tret que cr\u00e8iem que ens faltava m\u00e9s i vam dibuixar-lo. A continuaci\u00f3 vam crear un amulet simb\u00f2lic que ens empoder\u00e9s.<\/p>\n<p>A continuaci\u00f3 podeu veure les fotos d&#8217;una jornada plena de reflexions, accions i creacions boniques.<\/p>\n<p><a href=\"https:\/\/photos.app.goo.gl\/Qe6LM3E8MkBJTgXx6\">FOTOS DE LA JORNADA ART\u00cdSTICA<\/a><\/p>\n<p>&nbsp;<\/p>\n<p>&nbsp;<\/p>\n","protected":false},"excerpt":{"rendered":"<p>Els surfistes de primer fa setmanes que hem iniciat el projecte d&#8217;Art i Escola, que aquest curs gira al voltant de la tem\u00e0tica de &#8220;la cura&#8221;. Art i escola La cura Estem treballant sobre la cura entre nosaltres, com ens cuidem dins el grup, detectant moments de cura i moments que podem millorar. Aquesta setmana, [&hellip;]<\/p>\n","protected":false},"author":1,"featured_media":0,"comment_status":"open","ping_status":"closed","sticky":false,"template":"","format":"standard","meta":{"_bbp_topic_count":0,"_bbp_reply_count":0,"_bbp_total_topic_count":0,"_bbp_total_reply_count":0,"_bbp_voice_count":0,"_bbp_anonymous_reply_count":0,"_bbp_topic_count_hidden":0,"_bbp_reply_count_hidden":0,"_bbp_forum_subforum_count":0,"site-sidebar-layout":"default","site-content-layout":"","ast-site-content-layout":"","site-content-style":"default","site-sidebar-style":"default","ast-global-header-display":"","ast-banner-title-visibility":"","ast-main-header-display":"","ast-hfb-above-header-display":"","ast-hfb-below-header-display":"","ast-hfb-mobile-header-display":"","site-post-title":"","ast-breadcrumbs-content":"","ast-featured-img":"","footer-sml-layout":"","theme-transparent-header-meta":"","adv-header-id-meta":"","stick-header-meta":"","header-above-stick-meta":"","header-main-stick-meta":"","header-below-stick-meta":"","astra-migrate-meta-layouts":"default","ast-page-background-enabled":"default","ast-page-background-meta":{"desktop":{"background-color":"var(--ast-global-color-4)","background-image":"","background-repeat":"repeat","background-position":"center center","background-size":"auto","background-attachment":"scroll","background-type":"","background-media":"","overlay-type":"","overlay-color":"","overlay-opacity":"","overlay-gradient":""},"tablet":{"background-color":"","background-image":"","background-repeat":"repeat","background-position":"center center","background-size":"auto","background-attachment":"scroll","background-type":"","background-media":"","overlay-type":"","overlay-color":"","overlay-opacity":"","overlay-gradient":""},"mobile":{"background-color":"","background-image":"","background-repeat":"repeat","background-position":"center center","background-size":"auto","background-attachment":"scroll","background-type":"","background-media":"","overlay-type":"","overlay-color":"","overlay-opacity":"","overlay-gradient":""}},"ast-content-background-meta":{"desktop":{"background-color":"var(--ast-global-color-5)","background-image":"","background-repeat":"repeat","background-position":"center center","background-size":"auto","background-attachment":"scroll","background-type":"","background-media":"","overlay-type":"","overlay-color":"","overlay-opacity":"","overlay-gradient":""},"tablet":{"background-color":"var(--ast-global-color-5)","background-image":"","background-repeat":"repeat","background-position":"center center","background-size":"auto","background-attachment":"scroll","background-type":"","background-media":"","overlay-type":"","overlay-color":"","overlay-opacity":"","overlay-gradient":""},"mobile":{"background-color":"var(--ast-global-color-5)","background-image":"","background-repeat":"repeat","background-position":"center center","background-size":"auto","background-attachment":"scroll","background-type":"","background-media":"","overlay-type":"","overlay-color":"","overlay-opacity":"","overlay-gradient":""}},"footnotes":""},"categories":[73,287,4,5],"tags":[233],"class_list":["post-5073","post","type-post","status-publish","format-standard","hentry","category-fem","category-mitjans","category-portada","category-primaria","tag-artiescola"],"post_mailing_queue_ids":[],"_links":{"self":[{"href":"https:\/\/agora.xtec.cat\/ceipbellpuig\/wp-json\/wp\/v2\/posts\/5073","targetHints":{"allow":["GET"]}}],"collection":[{"href":"https:\/\/agora.xtec.cat\/ceipbellpuig\/wp-json\/wp\/v2\/posts"}],"about":[{"href":"https:\/\/agora.xtec.cat\/ceipbellpuig\/wp-json\/wp\/v2\/types\/post"}],"author":[{"embeddable":true,"href":"https:\/\/agora.xtec.cat\/ceipbellpuig\/wp-json\/wp\/v2\/users\/1"}],"replies":[{"embeddable":true,"href":"https:\/\/agora.xtec.cat\/ceipbellpuig\/wp-json\/wp\/v2\/comments?post=5073"}],"version-history":[{"count":1,"href":"https:\/\/agora.xtec.cat\/ceipbellpuig\/wp-json\/wp\/v2\/posts\/5073\/revisions"}],"predecessor-version":[{"id":5074,"href":"https:\/\/agora.xtec.cat\/ceipbellpuig\/wp-json\/wp\/v2\/posts\/5073\/revisions\/5074"}],"wp:attachment":[{"href":"https:\/\/agora.xtec.cat\/ceipbellpuig\/wp-json\/wp\/v2\/media?parent=5073"}],"wp:term":[{"taxonomy":"category","embeddable":true,"href":"https:\/\/agora.xtec.cat\/ceipbellpuig\/wp-json\/wp\/v2\/categories?post=5073"},{"taxonomy":"post_tag","embeddable":true,"href":"https:\/\/agora.xtec.cat\/ceipbellpuig\/wp-json\/wp\/v2\/tags?post=5073"}],"curies":[{"name":"wp","href":"https:\/\/api.w.org\/{rel}","templated":true}]}}