{"id":5068,"date":"2021-11-22T18:27:01","date_gmt":"2021-11-22T17:27:01","guid":{"rendered":"https:\/\/agora.xtec.cat\/ceipbellpuig\/?p=5068"},"modified":"2021-11-22T18:29:27","modified_gmt":"2021-11-22T17:29:27","slug":"pla-de-treball-p4","status":"publish","type":"post","link":"https:\/\/agora.xtec.cat\/ceipbellpuig\/general\/pla-de-treball-p4\/","title":{"rendered":"PLA DE TREBALL P4"},"content":{"rendered":"<p>Aquestes dues setmanes hem estat fent un pla de treball on el tema ha estat la <strong>tardor<\/strong> i el <strong>grafisme<\/strong>, el grafisme \u00e9s la base de l&#8217;escriptura, per aix\u00f2 \u00e9s important treballar-lo, per agafar seguretat i agilitat a l&#8217;hora d&#8217;escriure.<a href=\"https:\/\/agora.xtec.cat\/ceipbellpuig\/wp-content\/uploads\/usu1575\/2021\/11\/penjar.jpg\"><img loading=\"lazy\" decoding=\"async\" class=\"aligncenter size-medium wp-image-5114\" src=\"https:\/\/agora.xtec.cat\/ceipbellpuig\/wp-content\/uploads\/usu1575\/2021\/11\/penjar-218x300.jpg\" alt=\"\" width=\"218\" height=\"300\" srcset=\"https:\/\/agora.xtec.cat\/ceipbellpuig\/wp-content\/uploads\/usu1575\/2021\/11\/penjar-218x300.jpg 218w, https:\/\/agora.xtec.cat\/ceipbellpuig\/wp-content\/uploads\/usu1575\/2021\/11\/penjar.jpg 364w\" sizes=\"auto, (max-width: 218px) 100vw, 218px\" \/><\/a><\/p>\n<p>&nbsp;<\/p>\n<p>Els espais plantejats en el pla de treball han estat els seg\u00fcents:<\/p>\n<ul>\n<li>Grafisme amb pintura: resseguir caminets amb pintura (Motricitat fina)<\/li>\n<li>Grafisme amb pedretes: seguir caminets amb pedretes.(motricitat fina i creativitat)<\/li>\n<li>Punxar fulles: els nens i nenes escollien quina fulla de tardor volien punxar.(motricitat fina, aprenentatge de caracter\u00edstiques de la tardor)<\/li>\n<li>Escriure la grafia de les lletres del nostre nom i fer el grafisme dels n\u00favols: els nens i nenes havien de buscar les lletres del seu nom, confegir-lo, escriure les lletres i fer el grafisme dels n\u00favols.(motricitat fina, aprendre escriure el propi nom)<\/li>\n<li>Taula d&#8217;experimentaci\u00f3 amb olors de tardor: experimentaci\u00f3 amb elements de tardor (fulles, peles de mandarina, taronja seca&#8230;) (experimentaci\u00f3, observaci\u00f3 i manipulaci\u00f3 d&#8217;alguns elements de tardor)<\/li>\n<\/ul>\n<p>Si voleu veure les fotos, cliqueu <a href=\"https:\/\/photos.app.goo.gl\/pXXSoL7MvrkUVrybA\">AQU\u00cd<\/a>.<\/p>\n","protected":false},"excerpt":{"rendered":"<p>Aquestes dues setmanes hem estat fent un pla de treball on el tema ha estat la tardor i el grafisme, el grafisme \u00e9s la base de l&#8217;escriptura, per aix\u00f2 \u00e9s important treballar-lo, per agafar seguretat i agilitat a l&#8217;hora d&#8217;escriure. &nbsp; Els espais plantejats en el pla de treball han estat els seg\u00fcents: Grafisme amb [&hellip;]<\/p>\n","protected":false},"author":1,"featured_media":0,"comment_status":"open","ping_status":"closed","sticky":false,"template":"","format":"standard","meta":{"_bbp_topic_count":0,"_bbp_reply_count":0,"_bbp_total_topic_count":0,"_bbp_total_reply_count":0,"_bbp_voice_count":0,"_bbp_anonymous_reply_count":0,"_bbp_topic_count_hidden":0,"_bbp_reply_count_hidden":0,"_bbp_forum_subforum_count":0,"site-sidebar-layout":"default","site-content-layout":"","ast-site-content-layout":"","site-content-style":"default","site-sidebar-style":"default","ast-global-header-display":"","ast-banner-title-visibility":"","ast-main-header-display":"","ast-hfb-above-header-display":"","ast-hfb-below-header-display":"","ast-hfb-mobile-header-display":"","site-post-title":"","ast-breadcrumbs-content":"","ast-featured-img":"","footer-sml-layout":"","theme-transparent-header-meta":"","adv-header-id-meta":"","stick-header-meta":"","header-above-stick-meta":"","header-main-stick-meta":"","header-below-stick-meta":"","astra-migrate-meta-layouts":"default","ast-page-background-enabled":"default","ast-page-background-meta":{"desktop":{"background-color":"var(--ast-global-color-4)","background-image":"","background-repeat":"repeat","background-position":"center center","background-size":"auto","background-attachment":"scroll","background-type":"","background-media":"","overlay-type":"","overlay-color":"","overlay-opacity":"","overlay-gradient":""},"tablet":{"background-color":"","background-image":"","background-repeat":"repeat","background-position":"center center","background-size":"auto","background-attachment":"scroll","background-type":"","background-media":"","overlay-type":"","overlay-color":"","overlay-opacity":"","overlay-gradient":""},"mobile":{"background-color":"","background-image":"","background-repeat":"repeat","background-position":"center center","background-size":"auto","background-attachment":"scroll","background-type":"","background-media":"","overlay-type":"","overlay-color":"","overlay-opacity":"","overlay-gradient":""}},"ast-content-background-meta":{"desktop":{"background-color":"var(--ast-global-color-5)","background-image":"","background-repeat":"repeat","background-position":"center center","background-size":"auto","background-attachment":"scroll","background-type":"","background-media":"","overlay-type":"","overlay-color":"","overlay-opacity":"","overlay-gradient":""},"tablet":{"background-color":"var(--ast-global-color-5)","background-image":"","background-repeat":"repeat","background-position":"center center","background-size":"auto","background-attachment":"scroll","background-type":"","background-media":"","overlay-type":"","overlay-color":"","overlay-opacity":"","overlay-gradient":""},"mobile":{"background-color":"var(--ast-global-color-5)","background-image":"","background-repeat":"repeat","background-position":"center center","background-size":"auto","background-attachment":"scroll","background-type":"","background-media":"","overlay-type":"","overlay-color":"","overlay-opacity":"","overlay-gradient":""}},"footnotes":""},"categories":[74,69,64,1,2],"tags":[450],"class_list":["post-5068","post","type-post","status-publish","format-standard","hentry","category-activitats","category-treballem","category-escola-bellpuig","category-general","category-petits","tag-petits-pla-de-treball-p4"],"post_mailing_queue_ids":[],"_links":{"self":[{"href":"https:\/\/agora.xtec.cat\/ceipbellpuig\/wp-json\/wp\/v2\/posts\/5068","targetHints":{"allow":["GET"]}}],"collection":[{"href":"https:\/\/agora.xtec.cat\/ceipbellpuig\/wp-json\/wp\/v2\/posts"}],"about":[{"href":"https:\/\/agora.xtec.cat\/ceipbellpuig\/wp-json\/wp\/v2\/types\/post"}],"author":[{"embeddable":true,"href":"https:\/\/agora.xtec.cat\/ceipbellpuig\/wp-json\/wp\/v2\/users\/1"}],"replies":[{"embeddable":true,"href":"https:\/\/agora.xtec.cat\/ceipbellpuig\/wp-json\/wp\/v2\/comments?post=5068"}],"version-history":[{"count":3,"href":"https:\/\/agora.xtec.cat\/ceipbellpuig\/wp-json\/wp\/v2\/posts\/5068\/revisions"}],"predecessor-version":[{"id":5115,"href":"https:\/\/agora.xtec.cat\/ceipbellpuig\/wp-json\/wp\/v2\/posts\/5068\/revisions\/5115"}],"wp:attachment":[{"href":"https:\/\/agora.xtec.cat\/ceipbellpuig\/wp-json\/wp\/v2\/media?parent=5068"}],"wp:term":[{"taxonomy":"category","embeddable":true,"href":"https:\/\/agora.xtec.cat\/ceipbellpuig\/wp-json\/wp\/v2\/categories?post=5068"},{"taxonomy":"post_tag","embeddable":true,"href":"https:\/\/agora.xtec.cat\/ceipbellpuig\/wp-json\/wp\/v2\/tags?post=5068"}],"curies":[{"name":"wp","href":"https:\/\/api.w.org\/{rel}","templated":true}]}}