{"id":5042,"date":"2021-11-08T10:57:42","date_gmt":"2021-11-08T09:57:42","guid":{"rendered":"https:\/\/agora.xtec.cat\/ceipbellpuig\/?p=5042"},"modified":"2021-11-08T10:57:42","modified_gmt":"2021-11-08T09:57:42","slug":"colonies-de-primer-i-segon","status":"publish","type":"post","link":"https:\/\/agora.xtec.cat\/ceipbellpuig\/portada\/colonies-de-primer-i-segon\/","title":{"rendered":"Col\u00f2nies de primer i segon"},"content":{"rendered":"<p>Els dies 4 i 5 de novembre, els alumnes de primer i segon vam fer una estada al camp d&#8217;Aprenentatge de l&#8217;Alt Bergued\u00e0.<\/p>\n<p>Dijous, despr\u00e9s de fer un trajecte una mica llarg i una carretera de revolts, vam arribar a Castellar de n&#8217;Hug on vam visitar el museu del pastor. Despr\u00e9s de dinar a la pla\u00e7a del poble vam fer una passejada fins les fonts del Llobregat on els nostres monitors, en Roger i la Laura, ens van explicar la llegenda de com s&#8217;havien format.<\/p>\n<p>A continuaci\u00f3, vam anar a l&#8217;Alberg La Sala. Despr\u00e9s de berenar els croissants gegants de Castellar de n&#8217;Hug, ens vam instal.lar a les habitacions amb molta emoci\u00f3.<\/p>\n<p>Vam fer el nostre primer \u00e0pat al menjador on cada vegada un grup diferent era l&#8217;encarregat de parar les taules. A la nit vam fer un joc de cerca del tresor amb els lots. La recompensa eren unes polseres lluminoses que vam lluir a la nostra discoteca on ho vam donar tot.<\/p>\n<p>El divendres vam gaudir molt de l&#8217;esmorzar (sobretot de les terrines de Nutella) i vam baixar fins al riu per fer-ne un estudi ben equipats amb les botes de goma, buscar macroinvertebrats i identificar la flora que creix a la riba.<\/p>\n<p>Despr\u00e9s de dinar vam tornar a l&#8217;escola. Alguns dormint de cansament, altres xerrant de l&#8217;experi\u00e8ncia, altres mirant per la finestra el cam\u00ed de tornada.<\/p>\n<p>Dos dies plens de conviv\u00e8ncia i aprenentatges.<\/p>\n<p><a href=\"https:\/\/photos.app.goo.gl\/nQ78tjncofuKRH4R7\">FOTOS DE LES COL\u00d2NIES<\/a><\/p>\n<p>&nbsp;<\/p>\n","protected":false},"excerpt":{"rendered":"<p>Els dies 4 i 5 de novembre, els alumnes de primer i segon vam fer una estada al camp d&#8217;Aprenentatge de l&#8217;Alt Bergued\u00e0. Dijous, despr\u00e9s de fer un trajecte una mica llarg i una carretera de revolts, vam arribar a Castellar de n&#8217;Hug on vam visitar el museu del pastor. Despr\u00e9s de dinar a la [&hellip;]<\/p>\n","protected":false},"author":1,"featured_media":0,"comment_status":"open","ping_status":"closed","sticky":false,"template":"","format":"standard","meta":{"_bbp_topic_count":0,"_bbp_reply_count":0,"_bbp_total_topic_count":0,"_bbp_total_reply_count":0,"_bbp_voice_count":0,"_bbp_anonymous_reply_count":0,"_bbp_topic_count_hidden":0,"_bbp_reply_count_hidden":0,"_bbp_forum_subforum_count":0,"site-sidebar-layout":"default","site-content-layout":"","ast-site-content-layout":"","site-content-style":"default","site-sidebar-style":"default","ast-global-header-display":"","ast-banner-title-visibility":"","ast-main-header-display":"","ast-hfb-above-header-display":"","ast-hfb-below-header-display":"","ast-hfb-mobile-header-display":"","site-post-title":"","ast-breadcrumbs-content":"","ast-featured-img":"","footer-sml-layout":"","theme-transparent-header-meta":"","adv-header-id-meta":"","stick-header-meta":"","header-above-stick-meta":"","header-main-stick-meta":"","header-below-stick-meta":"","astra-migrate-meta-layouts":"default","ast-page-background-enabled":"default","ast-page-background-meta":{"desktop":{"background-color":"var(--ast-global-color-4)","background-image":"","background-repeat":"repeat","background-position":"center center","background-size":"auto","background-attachment":"scroll","background-type":"","background-media":"","overlay-type":"","overlay-color":"","overlay-opacity":"","overlay-gradient":""},"tablet":{"background-color":"","background-image":"","background-repeat":"repeat","background-position":"center center","background-size":"auto","background-attachment":"scroll","background-type":"","background-media":"","overlay-type":"","overlay-color":"","overlay-opacity":"","overlay-gradient":""},"mobile":{"background-color":"","background-image":"","background-repeat":"repeat","background-position":"center center","background-size":"auto","background-attachment":"scroll","background-type":"","background-media":"","overlay-type":"","overlay-color":"","overlay-opacity":"","overlay-gradient":""}},"ast-content-background-meta":{"desktop":{"background-color":"var(--ast-global-color-5)","background-image":"","background-repeat":"repeat","background-position":"center center","background-size":"auto","background-attachment":"scroll","background-type":"","background-media":"","overlay-type":"","overlay-color":"","overlay-opacity":"","overlay-gradient":""},"tablet":{"background-color":"var(--ast-global-color-5)","background-image":"","background-repeat":"repeat","background-position":"center center","background-size":"auto","background-attachment":"scroll","background-type":"","background-media":"","overlay-type":"","overlay-color":"","overlay-opacity":"","overlay-gradient":""},"mobile":{"background-color":"var(--ast-global-color-5)","background-image":"","background-repeat":"repeat","background-position":"center center","background-size":"auto","background-attachment":"scroll","background-type":"","background-media":"","overlay-type":"","overlay-color":"","overlay-opacity":"","overlay-gradient":""}},"footnotes":""},"categories":[287,4,5],"tags":[],"class_list":["post-5042","post","type-post","status-publish","format-standard","hentry","category-mitjans","category-portada","category-primaria"],"post_mailing_queue_ids":[],"_links":{"self":[{"href":"https:\/\/agora.xtec.cat\/ceipbellpuig\/wp-json\/wp\/v2\/posts\/5042","targetHints":{"allow":["GET"]}}],"collection":[{"href":"https:\/\/agora.xtec.cat\/ceipbellpuig\/wp-json\/wp\/v2\/posts"}],"about":[{"href":"https:\/\/agora.xtec.cat\/ceipbellpuig\/wp-json\/wp\/v2\/types\/post"}],"author":[{"embeddable":true,"href":"https:\/\/agora.xtec.cat\/ceipbellpuig\/wp-json\/wp\/v2\/users\/1"}],"replies":[{"embeddable":true,"href":"https:\/\/agora.xtec.cat\/ceipbellpuig\/wp-json\/wp\/v2\/comments?post=5042"}],"version-history":[{"count":1,"href":"https:\/\/agora.xtec.cat\/ceipbellpuig\/wp-json\/wp\/v2\/posts\/5042\/revisions"}],"predecessor-version":[{"id":5043,"href":"https:\/\/agora.xtec.cat\/ceipbellpuig\/wp-json\/wp\/v2\/posts\/5042\/revisions\/5043"}],"wp:attachment":[{"href":"https:\/\/agora.xtec.cat\/ceipbellpuig\/wp-json\/wp\/v2\/media?parent=5042"}],"wp:term":[{"taxonomy":"category","embeddable":true,"href":"https:\/\/agora.xtec.cat\/ceipbellpuig\/wp-json\/wp\/v2\/categories?post=5042"},{"taxonomy":"post_tag","embeddable":true,"href":"https:\/\/agora.xtec.cat\/ceipbellpuig\/wp-json\/wp\/v2\/tags?post=5042"}],"curies":[{"name":"wp","href":"https:\/\/api.w.org\/{rel}","templated":true}]}}