{"id":5033,"date":"2021-11-05T19:55:27","date_gmt":"2021-11-05T18:55:27","guid":{"rendered":"https:\/\/agora.xtec.cat\/ceipbellpuig\/?p=5033"},"modified":"2021-11-05T21:48:26","modified_gmt":"2021-11-05T20:48:26","slug":"caixes-niu","status":"publish","type":"post","link":"https:\/\/agora.xtec.cat\/ceipbellpuig\/portada\/caixes-niu\/","title":{"rendered":"CAIXES NIU de 3r i 4t"},"content":{"rendered":"<p><span style=\"font-weight: 400;\">El passat 26 d\u2019octubre vam fer un taller de caixes niu a la classe. L\u2019Artur, l\u2019educador ambiental de l\u2019espai Guilleries Savassona, ens va ensenyar els cants dels ocells que tenim en el nostre entorn. Vam escoltar el so de les mallerengues, de les orenetes, el del picot verd, el del picot negre i el del picot roig.\u00a0 Vam descobrir que com les orenetes, tots ells mengen molts insectes i que per tant, fan una feina molt important. Ens va ensenyar diferents nius, cada esp\u00e8cie d\u2019au construeix a la seva manera. Nosaltres ens vam centrar en els nius de la mallerenga perqu\u00e8 necessiten arbres amb forats i en el nostre entorn, n\u2019hi ha pocs. 1 sola mallerenga pot consumir uns 10.000 invertebrats a l\u2019any! \u00c9s el m\u00e9s barat, efica\u00e7 i inofensiu insecticida i per tant, s\u2019ha de protegir!<\/span><\/p>\n<p><span style=\"font-weight: 400;\">Ens\u00a0 vam organitzar en 5 grups i vam construir les caixes niu. Va ser una feina entretinguda per\u00f2 divertida!\u00a0 Despr\u00e9s les vam anar a penjar els arbres del pati. A la primavera, farem l&#8217;observaci\u00f3 de les caixes i mirarem si hi han aparegut algunes mallerengues.\u00a0<\/span><\/p>\n<p><span style=\"font-weight: 400;\">Vam aprendre moltes coses interessants que no coneix\u00edem\u00a0 i ens ho vam passar molt b\u00e9.\u00a0<\/span><\/p>\n<p><span style=\"font-weight: 400;\">Alumnes de 3r i 4t<\/span><\/p>\n<p><a href=\"https:\/\/photos.app.goo.gl\/ZWwwGb15Q4xrgLh4A\" target=\"_blank\" rel=\"noopener\">\u00c0lbum de fotos de 3r<\/a><\/p>\n<p><a href=\"https:\/\/photos.app.goo.gl\/tTjBxzH3owYPvwaZA\" target=\"_blank\" rel=\"noopener\">\u00c0lbum de fotos de 4t<\/a><\/p>\n","protected":false},"excerpt":{"rendered":"<p>El passat 26 d\u2019octubre vam fer un taller de caixes niu a la classe. L\u2019Artur, l\u2019educador ambiental de l\u2019espai Guilleries Savassona, ens va ensenyar els cants dels ocells que tenim en el nostre entorn. Vam escoltar el so de les mallerengues, de les orenetes, el del picot verd, el del picot negre i el del [&hellip;]<\/p>\n","protected":false},"author":44,"featured_media":5034,"comment_status":"open","ping_status":"closed","sticky":false,"template":"","format":"standard","meta":{"_bbp_topic_count":0,"_bbp_reply_count":0,"_bbp_total_topic_count":0,"_bbp_total_reply_count":0,"_bbp_voice_count":0,"_bbp_anonymous_reply_count":0,"_bbp_topic_count_hidden":0,"_bbp_reply_count_hidden":0,"_bbp_forum_subforum_count":0,"site-sidebar-layout":"default","site-content-layout":"","ast-site-content-layout":"","site-content-style":"default","site-sidebar-style":"default","ast-global-header-display":"","ast-banner-title-visibility":"","ast-main-header-display":"","ast-hfb-above-header-display":"","ast-hfb-below-header-display":"","ast-hfb-mobile-header-display":"","site-post-title":"","ast-breadcrumbs-content":"","ast-featured-img":"","footer-sml-layout":"","theme-transparent-header-meta":"","adv-header-id-meta":"","stick-header-meta":"","header-above-stick-meta":"","header-main-stick-meta":"","header-below-stick-meta":"","astra-migrate-meta-layouts":"default","ast-page-background-enabled":"default","ast-page-background-meta":{"desktop":{"background-color":"var(--ast-global-color-4)","background-image":"","background-repeat":"repeat","background-position":"center center","background-size":"auto","background-attachment":"scroll","background-type":"","background-media":"","overlay-type":"","overlay-color":"","overlay-opacity":"","overlay-gradient":""},"tablet":{"background-color":"","background-image":"","background-repeat":"repeat","background-position":"center center","background-size":"auto","background-attachment":"scroll","background-type":"","background-media":"","overlay-type":"","overlay-color":"","overlay-opacity":"","overlay-gradient":""},"mobile":{"background-color":"","background-image":"","background-repeat":"repeat","background-position":"center center","background-size":"auto","background-attachment":"scroll","background-type":"","background-media":"","overlay-type":"","overlay-color":"","overlay-opacity":"","overlay-gradient":""}},"ast-content-background-meta":{"desktop":{"background-color":"var(--ast-global-color-5)","background-image":"","background-repeat":"repeat","background-position":"center center","background-size":"auto","background-attachment":"scroll","background-type":"","background-media":"","overlay-type":"","overlay-color":"","overlay-opacity":"","overlay-gradient":""},"tablet":{"background-color":"var(--ast-global-color-5)","background-image":"","background-repeat":"repeat","background-position":"center center","background-size":"auto","background-attachment":"scroll","background-type":"","background-media":"","overlay-type":"","overlay-color":"","overlay-opacity":"","overlay-gradient":""},"mobile":{"background-color":"var(--ast-global-color-5)","background-image":"","background-repeat":"repeat","background-position":"center center","background-size":"auto","background-attachment":"scroll","background-type":"","background-media":"","overlay-type":"","overlay-color":"","overlay-opacity":"","overlay-gradient":""}},"footnotes":""},"categories":[288,287,4],"tags":[],"class_list":["post-5033","post","type-post","status-publish","format-standard","has-post-thumbnail","hentry","category-grans","category-mitjans","category-portada"],"post_mailing_queue_ids":[],"_links":{"self":[{"href":"https:\/\/agora.xtec.cat\/ceipbellpuig\/wp-json\/wp\/v2\/posts\/5033","targetHints":{"allow":["GET"]}}],"collection":[{"href":"https:\/\/agora.xtec.cat\/ceipbellpuig\/wp-json\/wp\/v2\/posts"}],"about":[{"href":"https:\/\/agora.xtec.cat\/ceipbellpuig\/wp-json\/wp\/v2\/types\/post"}],"author":[{"embeddable":true,"href":"https:\/\/agora.xtec.cat\/ceipbellpuig\/wp-json\/wp\/v2\/users\/44"}],"replies":[{"embeddable":true,"href":"https:\/\/agora.xtec.cat\/ceipbellpuig\/wp-json\/wp\/v2\/comments?post=5033"}],"version-history":[{"count":3,"href":"https:\/\/agora.xtec.cat\/ceipbellpuig\/wp-json\/wp\/v2\/posts\/5033\/revisions"}],"predecessor-version":[{"id":5038,"href":"https:\/\/agora.xtec.cat\/ceipbellpuig\/wp-json\/wp\/v2\/posts\/5033\/revisions\/5038"}],"wp:featuredmedia":[{"embeddable":true,"href":"https:\/\/agora.xtec.cat\/ceipbellpuig\/wp-json\/wp\/v2\/media\/5034"}],"wp:attachment":[{"href":"https:\/\/agora.xtec.cat\/ceipbellpuig\/wp-json\/wp\/v2\/media?parent=5033"}],"wp:term":[{"taxonomy":"category","embeddable":true,"href":"https:\/\/agora.xtec.cat\/ceipbellpuig\/wp-json\/wp\/v2\/categories?post=5033"},{"taxonomy":"post_tag","embeddable":true,"href":"https:\/\/agora.xtec.cat\/ceipbellpuig\/wp-json\/wp\/v2\/tags?post=5033"}],"curies":[{"name":"wp","href":"https:\/\/api.w.org\/{rel}","templated":true}]}}