{"id":4995,"date":"2021-10-29T22:39:50","date_gmt":"2021-10-29T20:39:50","guid":{"rendered":"https:\/\/agora.xtec.cat\/ceipbellpuig\/?p=4995"},"modified":"2021-10-29T22:50:55","modified_gmt":"2021-10-29T20:50:55","slug":"celebrem-la-castanyada-2","status":"publish","type":"post","link":"https:\/\/agora.xtec.cat\/ceipbellpuig\/nivells\/petits\/celebrem-la-castanyada-2\/","title":{"rendered":"CELEBREM LA CASTANYADA!"},"content":{"rendered":"<p>Avui hem celebrat la Castanyada!<br \/>\nAl mat\u00ed, els nens i nenes de prim\u00e0ria de l&#8217;escola Bellpuig hem realitzat diferents activitats relacionades amb la tardor i la castanyada. Les podreu veure clicant els seg\u00fcents enlla\u00e7os:<br \/>\n<a href=\"https:\/\/photos.app.goo.gl\/279aSbqKUKrCboeA9\">1r i 2n<\/a><br \/>\n<a href=\"https:\/\/photos.app.goo.gl\/oRfwtVfVCS3ZUwuC7\" target=\"_blank\" rel=\"noopener\">3r i 4t<\/a><br \/>\n<a href=\"https:\/\/photos.app.goo.gl\/vh6kL33y5yQGRu4GA\">5\u00e8 i 6\u00e8<\/a><br \/>\nA la tarda, hem celebrat tots junts la castanyada al pati cantant can\u00e7ons i ballant danses amb el nostre grup! Hem acabat l&#8217;acte amb un berenar t\u00edpic de tardor!<br \/>\nCliqueu la imatge per veure el v\u00eddeo!<br \/>\n<a href=\"http:\/\/drive.google.com\/file\/d\/1wXyFQWpqwSC7F52XZL_vqo9m5PkwaNZi\/view?usp=sharing\" target=\"_blank\" rel=\"noopener\"><img loading=\"lazy\" decoding=\"async\" class=\"aligncenter wp-image-4998\" src=\"https:\/\/agora.xtec.cat\/ceipbellpuig\/wp-content\/uploads\/usu1575\/2021\/10\/Castanyada-300x213.png\" alt=\"\" width=\"254\" height=\"180\" srcset=\"https:\/\/agora.xtec.cat\/ceipbellpuig\/wp-content\/uploads\/usu1575\/2021\/10\/Castanyada-300x213.png 300w, https:\/\/agora.xtec.cat\/ceipbellpuig\/wp-content\/uploads\/usu1575\/2021\/10\/Castanyada-768x546.png 768w, https:\/\/agora.xtec.cat\/ceipbellpuig\/wp-content\/uploads\/usu1575\/2021\/10\/Castanyada.png 936w\" sizes=\"auto, (max-width: 254px) 100vw, 254px\" \/><\/a>BONA CASTANYADA A TOTHOM!<\/p>\n","protected":false},"excerpt":{"rendered":"<p>Avui hem celebrat la Castanyada! Al mat\u00ed, els nens i nenes de prim\u00e0ria de l&#8217;escola Bellpuig hem realitzat diferents activitats relacionades amb la tardor i la castanyada. Les podreu veure clicant els seg\u00fcents enlla\u00e7os: 1r i 2n 3r i 4t 5\u00e8 i 6\u00e8 A la tarda, hem celebrat tots junts la castanyada al pati cantant [&hellip;]<\/p>\n","protected":false},"author":1,"featured_media":0,"comment_status":"open","ping_status":"closed","sticky":false,"template":"","format":"standard","meta":{"_bbp_topic_count":0,"_bbp_reply_count":0,"_bbp_total_topic_count":0,"_bbp_total_reply_count":0,"_bbp_voice_count":0,"_bbp_anonymous_reply_count":0,"_bbp_topic_count_hidden":0,"_bbp_reply_count_hidden":0,"_bbp_forum_subforum_count":0,"site-sidebar-layout":"default","site-content-layout":"","ast-site-content-layout":"","site-content-style":"default","site-sidebar-style":"default","ast-global-header-display":"","ast-banner-title-visibility":"","ast-main-header-display":"","ast-hfb-above-header-display":"","ast-hfb-below-header-display":"","ast-hfb-mobile-header-display":"","site-post-title":"","ast-breadcrumbs-content":"","ast-featured-img":"","footer-sml-layout":"","theme-transparent-header-meta":"","adv-header-id-meta":"","stick-header-meta":"","header-above-stick-meta":"","header-main-stick-meta":"","header-below-stick-meta":"","astra-migrate-meta-layouts":"default","ast-page-background-enabled":"default","ast-page-background-meta":{"desktop":{"background-color":"var(--ast-global-color-4)","background-image":"","background-repeat":"repeat","background-position":"center center","background-size":"auto","background-attachment":"scroll","background-type":"","background-media":"","overlay-type":"","overlay-color":"","overlay-opacity":"","overlay-gradient":""},"tablet":{"background-color":"","background-image":"","background-repeat":"repeat","background-position":"center center","background-size":"auto","background-attachment":"scroll","background-type":"","background-media":"","overlay-type":"","overlay-color":"","overlay-opacity":"","overlay-gradient":""},"mobile":{"background-color":"","background-image":"","background-repeat":"repeat","background-position":"center center","background-size":"auto","background-attachment":"scroll","background-type":"","background-media":"","overlay-type":"","overlay-color":"","overlay-opacity":"","overlay-gradient":""}},"ast-content-background-meta":{"desktop":{"background-color":"var(--ast-global-color-5)","background-image":"","background-repeat":"repeat","background-position":"center center","background-size":"auto","background-attachment":"scroll","background-type":"","background-media":"","overlay-type":"","overlay-color":"","overlay-opacity":"","overlay-gradient":""},"tablet":{"background-color":"var(--ast-global-color-5)","background-image":"","background-repeat":"repeat","background-position":"center center","background-size":"auto","background-attachment":"scroll","background-type":"","background-media":"","overlay-type":"","overlay-color":"","overlay-opacity":"","overlay-gradient":""},"mobile":{"background-color":"var(--ast-global-color-5)","background-image":"","background-repeat":"repeat","background-position":"center center","background-size":"auto","background-attachment":"scroll","background-type":"","background-media":"","overlay-type":"","overlay-color":"","overlay-opacity":"","overlay-gradient":""}},"footnotes":""},"categories":[288,2,287,4,5],"tags":[],"class_list":["post-4995","post","type-post","status-publish","format-standard","hentry","category-grans","category-petits","category-mitjans","category-portada","category-primaria"],"post_mailing_queue_ids":[],"_links":{"self":[{"href":"https:\/\/agora.xtec.cat\/ceipbellpuig\/wp-json\/wp\/v2\/posts\/4995","targetHints":{"allow":["GET"]}}],"collection":[{"href":"https:\/\/agora.xtec.cat\/ceipbellpuig\/wp-json\/wp\/v2\/posts"}],"about":[{"href":"https:\/\/agora.xtec.cat\/ceipbellpuig\/wp-json\/wp\/v2\/types\/post"}],"author":[{"embeddable":true,"href":"https:\/\/agora.xtec.cat\/ceipbellpuig\/wp-json\/wp\/v2\/users\/1"}],"replies":[{"embeddable":true,"href":"https:\/\/agora.xtec.cat\/ceipbellpuig\/wp-json\/wp\/v2\/comments?post=4995"}],"version-history":[{"count":3,"href":"https:\/\/agora.xtec.cat\/ceipbellpuig\/wp-json\/wp\/v2\/posts\/4995\/revisions"}],"predecessor-version":[{"id":5002,"href":"https:\/\/agora.xtec.cat\/ceipbellpuig\/wp-json\/wp\/v2\/posts\/4995\/revisions\/5002"}],"wp:attachment":[{"href":"https:\/\/agora.xtec.cat\/ceipbellpuig\/wp-json\/wp\/v2\/media?parent=4995"}],"wp:term":[{"taxonomy":"category","embeddable":true,"href":"https:\/\/agora.xtec.cat\/ceipbellpuig\/wp-json\/wp\/v2\/categories?post=4995"},{"taxonomy":"post_tag","embeddable":true,"href":"https:\/\/agora.xtec.cat\/ceipbellpuig\/wp-json\/wp\/v2\/tags?post=4995"}],"curies":[{"name":"wp","href":"https:\/\/api.w.org\/{rel}","templated":true}]}}