{"id":4991,"date":"2021-10-28T15:43:07","date_gmt":"2021-10-28T13:43:07","guid":{"rendered":"https:\/\/agora.xtec.cat\/ceipbellpuig\/?p=4991"},"modified":"2021-10-28T15:44:07","modified_gmt":"2021-10-28T13:44:07","slug":"visita-de-primer-al-mercat-i-a-can-fil","status":"publish","type":"post","link":"https:\/\/agora.xtec.cat\/ceipbellpuig\/portada\/visita-de-primer-al-mercat-i-a-can-fil\/","title":{"rendered":"Visita de primer al mercat i a Can Fil"},"content":{"rendered":"<p>Els nens i nenes de Mitjans tenim moltes ganes de tornar a engegar la botigueta del passad\u00eds per poder-hi jugar i aprendre.<\/p>\n<p>Els de primer vam fer un sortida al mercat i a Can Fil el dijous vint-i-dos d&#8217;octubre per veure quins productes es venien a cada lloc, com es comprava&#8230;<\/p>\n<p>Al mercat hi vam trobar m\u00e9s coses de les que es pensaven: hi venien sabates, minerals i caramels!<\/p>\n<p>El nostre objectiu era comprar olives i patates per fer un aperitiu al parc. Al mercat vam comprar olives amb el nostre propi pot, per no utilitzar bosses de pl\u00e0stic que contaminen els oceans. La noia de la parada les va pesar per saber-ne el preu. Vam pagar amb un bitllet de vint euros i ens en van tornar m\u00e9s de setze!<\/p>\n<p>A continuaci\u00f3, vam anar a Can Fil a observar tot el que hi venien i com estava ordenat. Vam veure al pare d&#8217;en R. cobrant a la caixa i a la seva mare despatxant. Vam comprar dues bosses de patates que ens van costar tres euros i vam pagar amb monedes.<\/p>\n<p>L&#8217;Anna ens va regalar unes piruletes i vam anar al parc a fer l&#8217;aperitiu.<\/p>\n<p>Moltes gr\u00e0cies Anna i Jordi per acollir-nos.<\/p>\n<p>Ja tenim for\u00e7a idees per comen\u00e7ar a constru\u00efr la nostra botiga del passad\u00eds.<\/p>\n<p><a href=\"https:\/\/photos.app.goo.gl\/29ytZKnTfJk43Kmh7\">FOTOS DE LA SORTIDA<\/a><\/p>\n<p>&nbsp;<\/p>\n","protected":false},"excerpt":{"rendered":"<p>Els nens i nenes de Mitjans tenim moltes ganes de tornar a engegar la botigueta del passad\u00eds per poder-hi jugar i aprendre. Els de primer vam fer un sortida al mercat i a Can Fil el dijous vint-i-dos d&#8217;octubre per veure quins productes es venien a cada lloc, com es comprava&#8230; Al mercat hi vam [&hellip;]<\/p>\n","protected":false},"author":1,"featured_media":0,"comment_status":"open","ping_status":"closed","sticky":false,"template":"","format":"standard","meta":{"_bbp_topic_count":0,"_bbp_reply_count":0,"_bbp_total_topic_count":0,"_bbp_total_reply_count":0,"_bbp_voice_count":0,"_bbp_anonymous_reply_count":0,"_bbp_topic_count_hidden":0,"_bbp_reply_count_hidden":0,"_bbp_forum_subforum_count":0,"site-sidebar-layout":"default","site-content-layout":"","ast-site-content-layout":"","site-content-style":"default","site-sidebar-style":"default","ast-global-header-display":"","ast-banner-title-visibility":"","ast-main-header-display":"","ast-hfb-above-header-display":"","ast-hfb-below-header-display":"","ast-hfb-mobile-header-display":"","site-post-title":"","ast-breadcrumbs-content":"","ast-featured-img":"","footer-sml-layout":"","theme-transparent-header-meta":"","adv-header-id-meta":"","stick-header-meta":"","header-above-stick-meta":"","header-main-stick-meta":"","header-below-stick-meta":"","astra-migrate-meta-layouts":"default","ast-page-background-enabled":"default","ast-page-background-meta":{"desktop":{"background-color":"var(--ast-global-color-4)","background-image":"","background-repeat":"repeat","background-position":"center center","background-size":"auto","background-attachment":"scroll","background-type":"","background-media":"","overlay-type":"","overlay-color":"","overlay-opacity":"","overlay-gradient":""},"tablet":{"background-color":"","background-image":"","background-repeat":"repeat","background-position":"center center","background-size":"auto","background-attachment":"scroll","background-type":"","background-media":"","overlay-type":"","overlay-color":"","overlay-opacity":"","overlay-gradient":""},"mobile":{"background-color":"","background-image":"","background-repeat":"repeat","background-position":"center center","background-size":"auto","background-attachment":"scroll","background-type":"","background-media":"","overlay-type":"","overlay-color":"","overlay-opacity":"","overlay-gradient":""}},"ast-content-background-meta":{"desktop":{"background-color":"var(--ast-global-color-5)","background-image":"","background-repeat":"repeat","background-position":"center center","background-size":"auto","background-attachment":"scroll","background-type":"","background-media":"","overlay-type":"","overlay-color":"","overlay-opacity":"","overlay-gradient":""},"tablet":{"background-color":"var(--ast-global-color-5)","background-image":"","background-repeat":"repeat","background-position":"center center","background-size":"auto","background-attachment":"scroll","background-type":"","background-media":"","overlay-type":"","overlay-color":"","overlay-opacity":"","overlay-gradient":""},"mobile":{"background-color":"var(--ast-global-color-5)","background-image":"","background-repeat":"repeat","background-position":"center center","background-size":"auto","background-attachment":"scroll","background-type":"","background-media":"","overlay-type":"","overlay-color":"","overlay-opacity":"","overlay-gradient":""}},"footnotes":""},"categories":[68,59,4,5],"tags":[],"class_list":["post-4991","post","type-post","status-publish","format-standard","hentry","category-pedagogic","category-cicle-inicial","category-portada","category-primaria"],"post_mailing_queue_ids":[],"_links":{"self":[{"href":"https:\/\/agora.xtec.cat\/ceipbellpuig\/wp-json\/wp\/v2\/posts\/4991","targetHints":{"allow":["GET"]}}],"collection":[{"href":"https:\/\/agora.xtec.cat\/ceipbellpuig\/wp-json\/wp\/v2\/posts"}],"about":[{"href":"https:\/\/agora.xtec.cat\/ceipbellpuig\/wp-json\/wp\/v2\/types\/post"}],"author":[{"embeddable":true,"href":"https:\/\/agora.xtec.cat\/ceipbellpuig\/wp-json\/wp\/v2\/users\/1"}],"replies":[{"embeddable":true,"href":"https:\/\/agora.xtec.cat\/ceipbellpuig\/wp-json\/wp\/v2\/comments?post=4991"}],"version-history":[{"count":1,"href":"https:\/\/agora.xtec.cat\/ceipbellpuig\/wp-json\/wp\/v2\/posts\/4991\/revisions"}],"predecessor-version":[{"id":4992,"href":"https:\/\/agora.xtec.cat\/ceipbellpuig\/wp-json\/wp\/v2\/posts\/4991\/revisions\/4992"}],"wp:attachment":[{"href":"https:\/\/agora.xtec.cat\/ceipbellpuig\/wp-json\/wp\/v2\/media?parent=4991"}],"wp:term":[{"taxonomy":"category","embeddable":true,"href":"https:\/\/agora.xtec.cat\/ceipbellpuig\/wp-json\/wp\/v2\/categories?post=4991"},{"taxonomy":"post_tag","embeddable":true,"href":"https:\/\/agora.xtec.cat\/ceipbellpuig\/wp-json\/wp\/v2\/tags?post=4991"}],"curies":[{"name":"wp","href":"https:\/\/api.w.org\/{rel}","templated":true}]}}