{"id":4927,"date":"2021-10-08T10:20:04","date_gmt":"2021-10-08T08:20:04","guid":{"rendered":"https:\/\/agora.xtec.cat\/ceipbellpuig\/?p=4927"},"modified":"2021-10-13T21:36:13","modified_gmt":"2021-10-13T19:36:13","slug":"racons-de-matematiques-setembre-p4","status":"publish","type":"post","link":"https:\/\/agora.xtec.cat\/ceipbellpuig\/general\/racons-de-matematiques-setembre-p4\/","title":{"rendered":"RACONS DE MATEM\u00c0TIQUES. Setembre. P4"},"content":{"rendered":"<p>Treballem les matem\u00e0tiques per racons de manera que al treballar en grups m\u00e9s petits \u00e9s m\u00e9s f\u00e0cil per ells poder treballar amb material manipulable i les dues mestres poder portar una atenci\u00f3 m\u00e9s individualitzada amb els nens i nenes de l&#8217;aula.<\/p>\n<p>Els racons de matem\u00e0tiques d&#8217;aquest m\u00e9s ha estat:<\/p>\n<p>-Figures geom\u00e8triques: els\/les alumnes tenien dibuixos amb formes geom\u00e8triques i calia que ells la reprodu\u00efssin. Per fer la figura cada membre del grup tirava el dau de les figures geom\u00e8triques i havia de posar,si la tenia, aquella pe\u00e7a al seu dibuix i passar el dau al seg\u00fcent company\/a fins que completessin el dibuix. Objectiu: recon\u00e8ixer les figures geom\u00e8triques, reproduir la figura escollida i verbalitzar el nom de la figura geom\u00e8trica que sortia al dau.<\/p>\n<p>-L&#8217;arbre de la tardor:\u00a0 tenien un arbre de la tardor despullat i havien d&#8217;enganxar-hi fulles. Tiraven el dau i enganxaven el nombre de fulles que els sortia al dau Objectiu: recon\u00e8ixer la grafia dels nombres 1,2,3, recon\u00e8ixer la quantitat dels nombres 1,2,3 i verbalitzar el nom dels nombres 1,2,3.<\/p>\n<p>-El cuc: havien d&#8217;enfilar peces per dos costats per tal de anar formant un cuc. Objectiu: treballar la motricitat fina.<\/p>\n<p>-Seriacions: fer seriacions seguint el model amb multicubs. Objectiu: Saber seguir una seriaci\u00f3.<\/p>\n<p>-La marieta: tenien una marieta amb els punts amb blanc i tot de cossos de marietes amb els colors de les taques pintats, havien d&#8217;agafar el cos que volien i pintar-lo tal i com indicava el model.<\/p>\n<p>Objectiu: Treballar l&#8217;orientaci\u00f3 espaial i saber seguir un patr\u00f3<\/p>\n<p>&nbsp;<\/p>\n<p><a href=\"https:\/\/photos.app.goo.gl\/FpnNg7fhmppHe5Wu6\">FOTOS DELS RACONS<\/a><\/p>\n","protected":false},"excerpt":{"rendered":"<p>Treballem les matem\u00e0tiques per racons de manera que al treballar en grups m\u00e9s petits \u00e9s m\u00e9s f\u00e0cil per ells poder treballar amb material manipulable i les dues mestres poder portar una atenci\u00f3 m\u00e9s individualitzada amb els nens i nenes de l&#8217;aula. Els racons de matem\u00e0tiques d&#8217;aquest m\u00e9s ha estat: -Figures geom\u00e8triques: els\/les alumnes tenien dibuixos [&hellip;]<\/p>\n","protected":false},"author":1,"featured_media":0,"comment_status":"open","ping_status":"closed","sticky":false,"template":"","format":"standard","meta":{"_bbp_topic_count":0,"_bbp_reply_count":0,"_bbp_total_topic_count":0,"_bbp_total_reply_count":0,"_bbp_voice_count":0,"_bbp_anonymous_reply_count":0,"_bbp_topic_count_hidden":0,"_bbp_reply_count_hidden":0,"_bbp_forum_subforum_count":0,"site-sidebar-layout":"default","site-content-layout":"","ast-site-content-layout":"","site-content-style":"default","site-sidebar-style":"default","ast-global-header-display":"","ast-banner-title-visibility":"","ast-main-header-display":"","ast-hfb-above-header-display":"","ast-hfb-below-header-display":"","ast-hfb-mobile-header-display":"","site-post-title":"","ast-breadcrumbs-content":"","ast-featured-img":"","footer-sml-layout":"","theme-transparent-header-meta":"","adv-header-id-meta":"","stick-header-meta":"","header-above-stick-meta":"","header-main-stick-meta":"","header-below-stick-meta":"","astra-migrate-meta-layouts":"default","ast-page-background-enabled":"default","ast-page-background-meta":{"desktop":{"background-color":"var(--ast-global-color-4)","background-image":"","background-repeat":"repeat","background-position":"center center","background-size":"auto","background-attachment":"scroll","background-type":"","background-media":"","overlay-type":"","overlay-color":"","overlay-opacity":"","overlay-gradient":""},"tablet":{"background-color":"","background-image":"","background-repeat":"repeat","background-position":"center center","background-size":"auto","background-attachment":"scroll","background-type":"","background-media":"","overlay-type":"","overlay-color":"","overlay-opacity":"","overlay-gradient":""},"mobile":{"background-color":"","background-image":"","background-repeat":"repeat","background-position":"center center","background-size":"auto","background-attachment":"scroll","background-type":"","background-media":"","overlay-type":"","overlay-color":"","overlay-opacity":"","overlay-gradient":""}},"ast-content-background-meta":{"desktop":{"background-color":"var(--ast-global-color-5)","background-image":"","background-repeat":"repeat","background-position":"center center","background-size":"auto","background-attachment":"scroll","background-type":"","background-media":"","overlay-type":"","overlay-color":"","overlay-opacity":"","overlay-gradient":""},"tablet":{"background-color":"var(--ast-global-color-5)","background-image":"","background-repeat":"repeat","background-position":"center center","background-size":"auto","background-attachment":"scroll","background-type":"","background-media":"","overlay-type":"","overlay-color":"","overlay-opacity":"","overlay-gradient":""},"mobile":{"background-color":"var(--ast-global-color-5)","background-image":"","background-repeat":"repeat","background-position":"center center","background-size":"auto","background-attachment":"scroll","background-type":"","background-media":"","overlay-type":"","overlay-color":"","overlay-opacity":"","overlay-gradient":""}},"footnotes":""},"categories":[74,69,64,1,2,73,76,4],"tags":[82,320,444],"class_list":["post-4927","post","type-post","status-publish","format-standard","hentry","category-activitats","category-treballem","category-escola-bellpuig","category-general","category-petits","category-fem","category-nivells","category-portada","tag-p4","tag-petits","tag-racons-matematics-p4"],"post_mailing_queue_ids":[],"_links":{"self":[{"href":"https:\/\/agora.xtec.cat\/ceipbellpuig\/wp-json\/wp\/v2\/posts\/4927","targetHints":{"allow":["GET"]}}],"collection":[{"href":"https:\/\/agora.xtec.cat\/ceipbellpuig\/wp-json\/wp\/v2\/posts"}],"about":[{"href":"https:\/\/agora.xtec.cat\/ceipbellpuig\/wp-json\/wp\/v2\/types\/post"}],"author":[{"embeddable":true,"href":"https:\/\/agora.xtec.cat\/ceipbellpuig\/wp-json\/wp\/v2\/users\/1"}],"replies":[{"embeddable":true,"href":"https:\/\/agora.xtec.cat\/ceipbellpuig\/wp-json\/wp\/v2\/comments?post=4927"}],"version-history":[{"count":3,"href":"https:\/\/agora.xtec.cat\/ceipbellpuig\/wp-json\/wp\/v2\/posts\/4927\/revisions"}],"predecessor-version":[{"id":4934,"href":"https:\/\/agora.xtec.cat\/ceipbellpuig\/wp-json\/wp\/v2\/posts\/4927\/revisions\/4934"}],"wp:attachment":[{"href":"https:\/\/agora.xtec.cat\/ceipbellpuig\/wp-json\/wp\/v2\/media?parent=4927"}],"wp:term":[{"taxonomy":"category","embeddable":true,"href":"https:\/\/agora.xtec.cat\/ceipbellpuig\/wp-json\/wp\/v2\/categories?post=4927"},{"taxonomy":"post_tag","embeddable":true,"href":"https:\/\/agora.xtec.cat\/ceipbellpuig\/wp-json\/wp\/v2\/tags?post=4927"}],"curies":[{"name":"wp","href":"https:\/\/api.w.org\/{rel}","templated":true}]}}