{"id":4611,"date":"2021-05-29T10:13:39","date_gmt":"2021-05-29T08:13:39","guid":{"rendered":"http:\/\/agora.xtec.cat\/ceipbellpuig\/?p=4611"},"modified":"2021-05-29T10:18:47","modified_gmt":"2021-05-29T08:18:47","slug":"visita-al-parlament-de-catalunya","status":"publish","type":"post","link":"https:\/\/agora.xtec.cat\/ceipbellpuig\/portada\/visita-al-parlament-de-catalunya\/","title":{"rendered":"VISITA AL PARLAMENT DE CATALUNYA"},"content":{"rendered":"<p>Ahir, els nens i nenes de 5\u00e8 vam anar a fer una visita a la instituci\u00f3 del Parlament de Catalunya i els seus voltants, activitat que forma part del projecte que estem treballant: Descobrim Catalunya. Vam poder veure l&#8217;interior del Parlament seguint totes les mesures protocol\u00e0ries per la situaci\u00f3 que estem vivint.<\/p>\n<p>Vam poder passejar-nos per algunes sales de la instituci\u00f3, com el Sal\u00f3 dels Canelobres, la planta noble i l&#8217;escala d&#8217;honor, tot descobrint alguns aspectes importants de la hist\u00f2ria de la pol\u00edtica catalana.<\/p>\n<p>Despr\u00e9s, vam entrar a l&#8217;impressionant, tot i que m\u00e9s petit del que ens esper\u00e0vem, hemicicle. All\u00e0, asseguts a dalt la zona del p\u00fablic davant de la porta on hi ha les instal\u00b7lacions del Canal del Parlament, vam poder veure tots els escons dels diputats i diputades i vam acabar de saber el funcionament d&#8217;aquesta instituci\u00f3.<\/p>\n<p>Un cop feta la visita, vam poder voltar pel parc de la Ciutadella tot buscant i situant en un mapa els diferents monuments i escultures que hi ha.<\/p>\n<p>Aqu\u00ed teniu algunes <a href=\"https:\/\/photos.app.goo.gl\/MJXL5ygvbBozg3G3A\">FOTOS<\/a>.<\/p>\n","protected":false},"excerpt":{"rendered":"<p>Ahir, els nens i nenes de 5\u00e8 vam anar a fer una visita a la instituci\u00f3 del Parlament de Catalunya i els seus voltants, activitat que forma part del projecte que estem treballant: Descobrim Catalunya. Vam poder veure l&#8217;interior del Parlament seguint totes les mesures protocol\u00e0ries per la situaci\u00f3 que estem vivint. Vam poder passejar-nos [&hellip;]<\/p>\n","protected":false},"author":1,"featured_media":0,"comment_status":"open","ping_status":"closed","sticky":false,"template":"","format":"standard","meta":{"_bbp_topic_count":0,"_bbp_reply_count":0,"_bbp_total_topic_count":0,"_bbp_total_reply_count":0,"_bbp_voice_count":0,"_bbp_anonymous_reply_count":0,"_bbp_topic_count_hidden":0,"_bbp_reply_count_hidden":0,"_bbp_forum_subforum_count":0,"site-sidebar-layout":"default","site-content-layout":"","ast-site-content-layout":"","site-content-style":"default","site-sidebar-style":"default","ast-global-header-display":"","ast-banner-title-visibility":"","ast-main-header-display":"","ast-hfb-above-header-display":"","ast-hfb-below-header-display":"","ast-hfb-mobile-header-display":"","site-post-title":"","ast-breadcrumbs-content":"","ast-featured-img":"","footer-sml-layout":"","theme-transparent-header-meta":"","adv-header-id-meta":"","stick-header-meta":"","header-above-stick-meta":"","header-main-stick-meta":"","header-below-stick-meta":"","astra-migrate-meta-layouts":"default","ast-page-background-enabled":"default","ast-page-background-meta":{"desktop":{"background-color":"var(--ast-global-color-4)","background-image":"","background-repeat":"repeat","background-position":"center center","background-size":"auto","background-attachment":"scroll","background-type":"","background-media":"","overlay-type":"","overlay-color":"","overlay-opacity":"","overlay-gradient":""},"tablet":{"background-color":"","background-image":"","background-repeat":"repeat","background-position":"center center","background-size":"auto","background-attachment":"scroll","background-type":"","background-media":"","overlay-type":"","overlay-color":"","overlay-opacity":"","overlay-gradient":""},"mobile":{"background-color":"","background-image":"","background-repeat":"repeat","background-position":"center center","background-size":"auto","background-attachment":"scroll","background-type":"","background-media":"","overlay-type":"","overlay-color":"","overlay-opacity":"","overlay-gradient":""}},"ast-content-background-meta":{"desktop":{"background-color":"var(--ast-global-color-5)","background-image":"","background-repeat":"repeat","background-position":"center center","background-size":"auto","background-attachment":"scroll","background-type":"","background-media":"","overlay-type":"","overlay-color":"","overlay-opacity":"","overlay-gradient":""},"tablet":{"background-color":"var(--ast-global-color-5)","background-image":"","background-repeat":"repeat","background-position":"center center","background-size":"auto","background-attachment":"scroll","background-type":"","background-media":"","overlay-type":"","overlay-color":"","overlay-opacity":"","overlay-gradient":""},"mobile":{"background-color":"var(--ast-global-color-5)","background-image":"","background-repeat":"repeat","background-position":"center center","background-size":"auto","background-attachment":"scroll","background-type":"","background-media":"","overlay-type":"","overlay-color":"","overlay-opacity":"","overlay-gradient":""}},"footnotes":""},"categories":[288,4],"tags":[430,373,429,225],"class_list":["post-4611","post","type-post","status-publish","format-standard","hentry","category-grans","category-portada","tag-catalunya","tag-cinque","tag-parlament","tag-projecte"],"post_mailing_queue_ids":[],"_links":{"self":[{"href":"https:\/\/agora.xtec.cat\/ceipbellpuig\/wp-json\/wp\/v2\/posts\/4611","targetHints":{"allow":["GET"]}}],"collection":[{"href":"https:\/\/agora.xtec.cat\/ceipbellpuig\/wp-json\/wp\/v2\/posts"}],"about":[{"href":"https:\/\/agora.xtec.cat\/ceipbellpuig\/wp-json\/wp\/v2\/types\/post"}],"author":[{"embeddable":true,"href":"https:\/\/agora.xtec.cat\/ceipbellpuig\/wp-json\/wp\/v2\/users\/1"}],"replies":[{"embeddable":true,"href":"https:\/\/agora.xtec.cat\/ceipbellpuig\/wp-json\/wp\/v2\/comments?post=4611"}],"version-history":[{"count":3,"href":"https:\/\/agora.xtec.cat\/ceipbellpuig\/wp-json\/wp\/v2\/posts\/4611\/revisions"}],"predecessor-version":[{"id":4615,"href":"https:\/\/agora.xtec.cat\/ceipbellpuig\/wp-json\/wp\/v2\/posts\/4611\/revisions\/4615"}],"wp:attachment":[{"href":"https:\/\/agora.xtec.cat\/ceipbellpuig\/wp-json\/wp\/v2\/media?parent=4611"}],"wp:term":[{"taxonomy":"category","embeddable":true,"href":"https:\/\/agora.xtec.cat\/ceipbellpuig\/wp-json\/wp\/v2\/categories?post=4611"},{"taxonomy":"post_tag","embeddable":true,"href":"https:\/\/agora.xtec.cat\/ceipbellpuig\/wp-json\/wp\/v2\/tags?post=4611"}],"curies":[{"name":"wp","href":"https:\/\/api.w.org\/{rel}","templated":true}]}}