{"id":4600,"date":"2021-05-28T14:32:18","date_gmt":"2021-05-28T12:32:18","guid":{"rendered":"http:\/\/agora.xtec.cat\/ceipbellpuig\/?p=4600"},"modified":"2021-05-29T09:50:38","modified_gmt":"2021-05-29T07:50:38","slug":"a-ci-c-hem-tingut-una-setmana-molt-animal","status":"publish","type":"post","link":"https:\/\/agora.xtec.cat\/ceipbellpuig\/general\/a-ci-c-hem-tingut-una-setmana-molt-animal\/","title":{"rendered":"A CI C HEM TINGUT UNA SETMANA MOLT ANIMAL!"},"content":{"rendered":"<p style=\"text-align: center;\">\n<p><img loading=\"lazy\" decoding=\"async\" class=\"aligncenter\" src=\"https:\/\/lh3.googleusercontent.com\/UWf_h_LH5Rt2_TWBRNyZ7M2T-dY_OO7eHppZ8uRAMoWRIWpsyegv7XJ2A0NVleqY3x1PgCZzyQItsBDy0JFAhvsJKWt9RSy-rczvMPvBKWeMUZcwd8TiqbVHxHiwh1D-hdeSigVIRFW9BL3bhIDmQHRzlsm9TaEaNifz3XDBrt0pp3OoI4SSF489OE48o_VwcR0MUhPRcpbFGscnerYtFCuiCfNy-4YMHx-mCvpFd6ZLZr3XbsbaKVohH2w2mhZaMDqK3M8uvX78ep1ESwGa157KQLLlGkGvC_NHV7b77VmKL7Fl0CnNYYDojCAaEGkbY_kSUyGselGje9bnh7ap8ybMIf-f8h8icGiYVfgdEBGYWzPd91qa_x1EPVGLwxLn4x-Llg0dQ4x1G1krteKzl8NJXmjMhA6wVkMnJEEWwG-BkOKp7WSKTTaHqm03fjwZBv8Th8U9_9NB74RtrSS6nuAapUGOCjGt_VzRVMc0GQ2myShVc7fdaDGl8BtoqA9QzO_TwU0zhqkz0PcSRqSFc512ao8NNsEF2hhgnnP0BoWkLWKET2swqi4MhEI6-4h5ZuZNJJ8VCBesy0tACx9mN3Soxo9J9SgSzKNmtDG4KN3LB1UHZtQyHuMR1LyM-FzOB3pUmRVR0Oe3key8zeC_FWIF1dEgQWe_k_wyCTJ_VuvYQRB7QqbaMcNMGtJppZiaDdR2YSseptXAohnHLL0In0adLw=w1262-h944-no?authuser=0\" width=\"389\" height=\"291\" \/><\/p>\n<p>Les nenes i nens de la classe de l&#8217;aigua, ja fa unes setmanes que estem immersos en la investigaci\u00f3 dels animals d&#8217;aigua. Cadasc\u00fa ha escollit un animal que per algun motiu o altre necessita l&#8217;aigua, i l&#8217;est\u00e0 investigant a fons. N&#8217;hi ha que han triat animals que viuen a l&#8217;aigua, d&#8217;altres que van a buscar el seu aliment a l&#8217;aigua&#8230; D&#8217;aquesta manera coneixerem animals com la ll\u00fadriga, el dof\u00ed, el pop, la foca, el taur\u00f3 balena, el taur\u00f3 blanc, el silur, el cavallet de mar, el flamenc, el cigne, el cocodril i, fins i tot, un animal prehist\u00f2ric, el <em>megalodon<\/em>. Una vegada investigats, compartirem els nostres coneixements.<\/p>\n<p>Per\u00f2 aquesta ha estat una setmana especialment animal. El dimarts, la Janina, en Jan i la Lia ens van portar restes d&#8217;animals que van trobar a la platja (cranc, cranc ermit\u00e0, musclo, cargola) i la Ivet ens va portar unes closques d&#8217;ou que havia trobat al riu. Amb el microscopi vam observar una pota de cranc i una closca de cargol de mar. Vam comparar les difer\u00e8ncies que veiem amb els nostres ulls i amb la visi\u00f3 de la lent microsc\u00f2pica. En acabar, ens va entrar un ocell a la classe!! Quan volia sortir va xocar contra el vidre i va caure&#8230; Va quedar espantat i es va amagar entre els quaderns de mates! El vam agafar, el vam observar sense molestar-lo i el vam acompanyar a la finestra perqu\u00e8 pogu\u00e9s sortir&#8230; I va marxar volant! Vam investigar i resulta que era una mallerenga cuallarga. Finalment vam mirar un v\u00eddeo breu que explicava els canvis de closca que fa el cranc ermit\u00e0, com aquell qui es canvia de sabates perqu\u00e8 li van petites.<\/p>\n<p>Pel que fa als ous, avui divendres hem descobert que els de color blau eren de merla (la J\u00falia els coneix perqu\u00e8 a casa seva hi havia un niu de merles i en va veure els ous, i l&#8217;Aram va llegir un article al diari sobre els ous de les merles). Amb l&#8217;ajuda d&#8217;una guia d&#8217;aus, un tr\u00edptic que ens va portar l&#8217;Aram dels ocells del ter i internet, hem descobert que l&#8217;ou blanc \u00e9s de mallerenga cuallarga! Quina casualitat, oi?<\/p>\n<p>Totes aquestes descobertes i aprenentatges ens ajuden a con\u00e8ixer millor el nostre entorn, el nostre planeta i a cuidar i valorar els animals i els h\u00e0bitats on viuen!<\/p>\n<p>Voleu veure les fotos? Doncs s\u00f3n\u00a0<a href=\"https:\/\/photos.app.goo.gl\/2xjUTCmUUPF2e11X6\" target=\"_blank\" rel=\"noopener noreferrer\">aqu\u00ed!!<\/a><\/p>\n<p>&nbsp;<\/p>\n","protected":false},"excerpt":{"rendered":"<p>Les nenes i nens de la classe de l&#8217;aigua, ja fa unes setmanes que estem immersos en la investigaci\u00f3 dels animals d&#8217;aigua. Cadasc\u00fa ha escollit un animal que per algun motiu o altre necessita l&#8217;aigua, i l&#8217;est\u00e0 investigant a fons. N&#8217;hi ha que han triat animals que viuen a l&#8217;aigua, d&#8217;altres que van a buscar [&hellip;]<\/p>\n","protected":false},"author":1,"featured_media":0,"comment_status":"open","ping_status":"closed","sticky":false,"template":"","format":"standard","meta":{"_bbp_topic_count":0,"_bbp_reply_count":0,"_bbp_total_topic_count":0,"_bbp_total_reply_count":0,"_bbp_voice_count":0,"_bbp_anonymous_reply_count":0,"_bbp_topic_count_hidden":0,"_bbp_reply_count_hidden":0,"_bbp_forum_subforum_count":0,"site-sidebar-layout":"default","site-content-layout":"","ast-site-content-layout":"","site-content-style":"default","site-sidebar-style":"default","ast-global-header-display":"","ast-banner-title-visibility":"","ast-main-header-display":"","ast-hfb-above-header-display":"","ast-hfb-below-header-display":"","ast-hfb-mobile-header-display":"","site-post-title":"","ast-breadcrumbs-content":"","ast-featured-img":"","footer-sml-layout":"","theme-transparent-header-meta":"","adv-header-id-meta":"","stick-header-meta":"","header-above-stick-meta":"","header-main-stick-meta":"","header-below-stick-meta":"","astra-migrate-meta-layouts":"default","ast-page-background-enabled":"default","ast-page-background-meta":{"desktop":{"background-color":"var(--ast-global-color-4)","background-image":"","background-repeat":"repeat","background-position":"center center","background-size":"auto","background-attachment":"scroll","background-type":"","background-media":"","overlay-type":"","overlay-color":"","overlay-opacity":"","overlay-gradient":""},"tablet":{"background-color":"","background-image":"","background-repeat":"repeat","background-position":"center center","background-size":"auto","background-attachment":"scroll","background-type":"","background-media":"","overlay-type":"","overlay-color":"","overlay-opacity":"","overlay-gradient":""},"mobile":{"background-color":"","background-image":"","background-repeat":"repeat","background-position":"center center","background-size":"auto","background-attachment":"scroll","background-type":"","background-media":"","overlay-type":"","overlay-color":"","overlay-opacity":"","overlay-gradient":""}},"ast-content-background-meta":{"desktop":{"background-color":"var(--ast-global-color-5)","background-image":"","background-repeat":"repeat","background-position":"center center","background-size":"auto","background-attachment":"scroll","background-type":"","background-media":"","overlay-type":"","overlay-color":"","overlay-opacity":"","overlay-gradient":""},"tablet":{"background-color":"var(--ast-global-color-5)","background-image":"","background-repeat":"repeat","background-position":"center center","background-size":"auto","background-attachment":"scroll","background-type":"","background-media":"","overlay-type":"","overlay-color":"","overlay-opacity":"","overlay-gradient":""},"mobile":{"background-color":"var(--ast-global-color-5)","background-image":"","background-repeat":"repeat","background-position":"center center","background-size":"auto","background-attachment":"scroll","background-type":"","background-media":"","overlay-type":"","overlay-color":"","overlay-opacity":"","overlay-gradient":""}},"footnotes":""},"categories":[1,287,4],"tags":[428],"class_list":["post-4600","post","type-post","status-publish","format-standard","hentry","category-general","category-mitjans","category-portada","tag-ci-c"],"post_mailing_queue_ids":[],"_links":{"self":[{"href":"https:\/\/agora.xtec.cat\/ceipbellpuig\/wp-json\/wp\/v2\/posts\/4600","targetHints":{"allow":["GET"]}}],"collection":[{"href":"https:\/\/agora.xtec.cat\/ceipbellpuig\/wp-json\/wp\/v2\/posts"}],"about":[{"href":"https:\/\/agora.xtec.cat\/ceipbellpuig\/wp-json\/wp\/v2\/types\/post"}],"author":[{"embeddable":true,"href":"https:\/\/agora.xtec.cat\/ceipbellpuig\/wp-json\/wp\/v2\/users\/1"}],"replies":[{"embeddable":true,"href":"https:\/\/agora.xtec.cat\/ceipbellpuig\/wp-json\/wp\/v2\/comments?post=4600"}],"version-history":[{"count":2,"href":"https:\/\/agora.xtec.cat\/ceipbellpuig\/wp-json\/wp\/v2\/posts\/4600\/revisions"}],"predecessor-version":[{"id":4610,"href":"https:\/\/agora.xtec.cat\/ceipbellpuig\/wp-json\/wp\/v2\/posts\/4600\/revisions\/4610"}],"wp:attachment":[{"href":"https:\/\/agora.xtec.cat\/ceipbellpuig\/wp-json\/wp\/v2\/media?parent=4600"}],"wp:term":[{"taxonomy":"category","embeddable":true,"href":"https:\/\/agora.xtec.cat\/ceipbellpuig\/wp-json\/wp\/v2\/categories?post=4600"},{"taxonomy":"post_tag","embeddable":true,"href":"https:\/\/agora.xtec.cat\/ceipbellpuig\/wp-json\/wp\/v2\/tags?post=4600"}],"curies":[{"name":"wp","href":"https:\/\/api.w.org\/{rel}","templated":true}]}}