{"id":4546,"date":"2021-05-11T23:15:03","date_gmt":"2021-05-11T21:15:03","guid":{"rendered":"http:\/\/agora.xtec.cat\/ceipbellpuig\/?p=4546"},"modified":"2021-05-13T13:56:20","modified_gmt":"2021-05-13T11:56:20","slug":"els-nens-i-nenes-de-p3a-anem-a-can-puig","status":"publish","type":"post","link":"https:\/\/agora.xtec.cat\/ceipbellpuig\/general\/els-nens-i-nenes-de-p3a-anem-a-can-puig\/","title":{"rendered":"ELS NENS I NENES DE P3A ANEM A CAN PUIG"},"content":{"rendered":"<p>Els nens i nenes de P3A avui al mat\u00ed hem anat a Can Puig a veure com es fan els fuets.<\/p>\n<p><a href=\"https:\/\/agora.xtec.cat\/ceipbellpuig\/wp-content\/uploads\/usu1575\/2021\/05\/P10511-111717-1-e1620766509657.jpg\"><img loading=\"lazy\" decoding=\"async\" class=\"aligncenter size-medium wp-image-4547\" src=\"https:\/\/agora.xtec.cat\/ceipbellpuig\/wp-content\/uploads\/usu1575\/2021\/05\/P10511-111717-1-e1620766509657-150x300.jpg\" alt=\"\" width=\"150\" height=\"300\" srcset=\"https:\/\/agora.xtec.cat\/ceipbellpuig\/wp-content\/uploads\/usu1575\/2021\/05\/P10511-111717-1-e1620766509657-150x300.jpg 150w, https:\/\/agora.xtec.cat\/ceipbellpuig\/wp-content\/uploads\/usu1575\/2021\/05\/P10511-111717-1-e1620766509657-768x1536.jpg 768w, https:\/\/agora.xtec.cat\/ceipbellpuig\/wp-content\/uploads\/usu1575\/2021\/05\/P10511-111717-1-e1620766509657-512x1024.jpg 512w, https:\/\/agora.xtec.cat\/ceipbellpuig\/wp-content\/uploads\/usu1575\/2021\/05\/P10511-111717-1-e1620766509657.jpg 1414w\" sizes=\"auto, (max-width: 150px) 100vw, 150px\" \/><\/a><\/p>\n<p>FOTOS <a href=\"https:\/\/photos.app.goo.gl\/HSMBAknAbWC1Mcsk9\" target=\"_blank\" rel=\"noopener noreferrer\">CAN PUIG<\/a><\/p>\n<p>&nbsp;<\/p>\n<p>Hem pogut veure les m\u00e0quines per eleborar els fuets, els ingredients, hem vist com es feien els fuets i on els posen perqu\u00e8 s&#8217;assequin.<\/p>\n<p>La N\u00faria i en Jordi despr\u00e9s de la visita ens han regalat un fuet a cada nen i nena i a les mestres.<\/p>\n<p>Un cop acabada la visita hem anat a la Carnisseria a veure tots els productes que tenien i n&#8217;hem comprat uns quants que llavors al mat\u00ed quan hem arribat i a la tarda per berenar els hem tastat i &#8230;EREN BON\u00cdSSIMS!<\/p>\n<p>Moltes gr\u00e0cies per ver-nos at\u00e9s tant b\u00e9.<\/p>\n<p>&nbsp;<\/p>\n","protected":false},"excerpt":{"rendered":"<p>Els nens i nenes de P3A avui al mat\u00ed hem anat a Can Puig a veure com es fan els fuets. FOTOS CAN PUIG &nbsp; Hem pogut veure les m\u00e0quines per eleborar els fuets, els ingredients, hem vist com es feien els fuets i on els posen perqu\u00e8 s&#8217;assequin. La N\u00faria i en Jordi despr\u00e9s [&hellip;]<\/p>\n","protected":false},"author":1,"featured_media":0,"comment_status":"open","ping_status":"closed","sticky":false,"template":"","format":"standard","meta":{"_bbp_topic_count":0,"_bbp_reply_count":0,"_bbp_total_topic_count":0,"_bbp_total_reply_count":0,"_bbp_voice_count":0,"_bbp_anonymous_reply_count":0,"_bbp_topic_count_hidden":0,"_bbp_reply_count_hidden":0,"_bbp_forum_subforum_count":0,"site-sidebar-layout":"default","site-content-layout":"","ast-site-content-layout":"","site-content-style":"default","site-sidebar-style":"default","ast-global-header-display":"","ast-banner-title-visibility":"","ast-main-header-display":"","ast-hfb-above-header-display":"","ast-hfb-below-header-display":"","ast-hfb-mobile-header-display":"","site-post-title":"","ast-breadcrumbs-content":"","ast-featured-img":"","footer-sml-layout":"","theme-transparent-header-meta":"","adv-header-id-meta":"","stick-header-meta":"","header-above-stick-meta":"","header-main-stick-meta":"","header-below-stick-meta":"","astra-migrate-meta-layouts":"default","ast-page-background-enabled":"default","ast-page-background-meta":{"desktop":{"background-color":"var(--ast-global-color-4)","background-image":"","background-repeat":"repeat","background-position":"center center","background-size":"auto","background-attachment":"scroll","background-type":"","background-media":"","overlay-type":"","overlay-color":"","overlay-opacity":"","overlay-gradient":""},"tablet":{"background-color":"","background-image":"","background-repeat":"repeat","background-position":"center center","background-size":"auto","background-attachment":"scroll","background-type":"","background-media":"","overlay-type":"","overlay-color":"","overlay-opacity":"","overlay-gradient":""},"mobile":{"background-color":"","background-image":"","background-repeat":"repeat","background-position":"center center","background-size":"auto","background-attachment":"scroll","background-type":"","background-media":"","overlay-type":"","overlay-color":"","overlay-opacity":"","overlay-gradient":""}},"ast-content-background-meta":{"desktop":{"background-color":"var(--ast-global-color-5)","background-image":"","background-repeat":"repeat","background-position":"center center","background-size":"auto","background-attachment":"scroll","background-type":"","background-media":"","overlay-type":"","overlay-color":"","overlay-opacity":"","overlay-gradient":""},"tablet":{"background-color":"var(--ast-global-color-5)","background-image":"","background-repeat":"repeat","background-position":"center center","background-size":"auto","background-attachment":"scroll","background-type":"","background-media":"","overlay-type":"","overlay-color":"","overlay-opacity":"","overlay-gradient":""},"mobile":{"background-color":"var(--ast-global-color-5)","background-image":"","background-repeat":"repeat","background-position":"center center","background-size":"auto","background-attachment":"scroll","background-type":"","background-media":"","overlay-type":"","overlay-color":"","overlay-opacity":"","overlay-gradient":""}},"footnotes":""},"categories":[74,69,1,2,4,71],"tags":[367,422,374],"class_list":["post-4546","post","type-post","status-publish","format-standard","hentry","category-activitats","category-treballem","category-general","category-petits","category-portada","category-projectes","tag-p3a","tag-projecta","tag-sortida"],"post_mailing_queue_ids":[],"_links":{"self":[{"href":"https:\/\/agora.xtec.cat\/ceipbellpuig\/wp-json\/wp\/v2\/posts\/4546","targetHints":{"allow":["GET"]}}],"collection":[{"href":"https:\/\/agora.xtec.cat\/ceipbellpuig\/wp-json\/wp\/v2\/posts"}],"about":[{"href":"https:\/\/agora.xtec.cat\/ceipbellpuig\/wp-json\/wp\/v2\/types\/post"}],"author":[{"embeddable":true,"href":"https:\/\/agora.xtec.cat\/ceipbellpuig\/wp-json\/wp\/v2\/users\/1"}],"replies":[{"embeddable":true,"href":"https:\/\/agora.xtec.cat\/ceipbellpuig\/wp-json\/wp\/v2\/comments?post=4546"}],"version-history":[{"count":1,"href":"https:\/\/agora.xtec.cat\/ceipbellpuig\/wp-json\/wp\/v2\/posts\/4546\/revisions"}],"predecessor-version":[{"id":4549,"href":"https:\/\/agora.xtec.cat\/ceipbellpuig\/wp-json\/wp\/v2\/posts\/4546\/revisions\/4549"}],"wp:attachment":[{"href":"https:\/\/agora.xtec.cat\/ceipbellpuig\/wp-json\/wp\/v2\/media?parent=4546"}],"wp:term":[{"taxonomy":"category","embeddable":true,"href":"https:\/\/agora.xtec.cat\/ceipbellpuig\/wp-json\/wp\/v2\/categories?post=4546"},{"taxonomy":"post_tag","embeddable":true,"href":"https:\/\/agora.xtec.cat\/ceipbellpuig\/wp-json\/wp\/v2\/tags?post=4546"}],"curies":[{"name":"wp","href":"https:\/\/api.w.org\/{rel}","templated":true}]}}