{"id":4464,"date":"2021-04-28T09:49:14","date_gmt":"2021-04-28T07:49:14","guid":{"rendered":"http:\/\/agora.xtec.cat\/ceipbellpuig\/?p=4464"},"modified":"2021-04-28T09:49:14","modified_gmt":"2021-04-28T07:49:14","slug":"els-mini-xefs-visitem-la-fundacio-alicia","status":"publish","type":"post","link":"https:\/\/agora.xtec.cat\/ceipbellpuig\/portada\/els-mini-xefs-visitem-la-fundacio-alicia\/","title":{"rendered":"ELS MINI XEFS VISITEM LA FUNDACI\u00d3 AL\u00cdCIA!"},"content":{"rendered":"<p>Ahir, dia 27 d&#8217;abril, els nens i nenes de 4t, vam anar a visitar la Fundaci\u00f3 Al\u00edcia. Vam aprendre que Al\u00edcia ve d&#8217;<strong>ali<\/strong>mentaci\u00f3 i Ci\u00e8n<strong>cia. <\/strong>Vam fer 2 tallers: &#8220;Setci\u00e8ncies a la cuina&#8221; i &#8220;Fem cuinetes&#8221;.<\/p>\n<p>Al taller de Setci\u00e8ncies vam fer: mat\u00f3, oli de xocolata i esferificacions de suc de pr\u00e9ssec. I en el taller de fem cuinetes vam fer un men\u00fa saludable format per uns rotllets de carbass\u00f3, lasanya de verdures i uns pastissets de maduixa i kiwi. Va ser delici\u00f3s!<\/p>\n<p>Hem apr\u00e8s molt\u00edssimes coses m\u00e9s.<\/p>\n<p>Ens ha agradat molt anar a Al\u00edcia.<\/p>\n<p>Si voleu veure les fotos cliqueu a la seg\u00fcent imatge<\/p>\n<p><a href=\"https:\/\/photos.app.goo.gl\/sywFfXmivPNq4BYv5\" target=\"_blank\" rel=\"noopener noreferrer\"><img loading=\"lazy\" decoding=\"async\" class=\"aligncenter size-medium wp-image-4466\" src=\"https:\/\/agora.xtec.cat\/ceipbellpuig\/wp-content\/uploads\/usu1575\/2021\/04\/IMG-20210427-WA0012-300x225.jpg\" alt=\"\" width=\"300\" height=\"225\" srcset=\"https:\/\/agora.xtec.cat\/ceipbellpuig\/wp-content\/uploads\/usu1575\/2021\/04\/IMG-20210427-WA0012-300x225.jpg 300w, https:\/\/agora.xtec.cat\/ceipbellpuig\/wp-content\/uploads\/usu1575\/2021\/04\/IMG-20210427-WA0012-768x576.jpg 768w, https:\/\/agora.xtec.cat\/ceipbellpuig\/wp-content\/uploads\/usu1575\/2021\/04\/IMG-20210427-WA0012-1024x768.jpg 1024w, https:\/\/agora.xtec.cat\/ceipbellpuig\/wp-content\/uploads\/usu1575\/2021\/04\/IMG-20210427-WA0012-200x150.jpg 200w, https:\/\/agora.xtec.cat\/ceipbellpuig\/wp-content\/uploads\/usu1575\/2021\/04\/IMG-20210427-WA0012.jpg 2048w\" sizes=\"auto, (max-width: 300px) 100vw, 300px\" \/><\/a><\/p>\n","protected":false},"excerpt":{"rendered":"<p>Ahir, dia 27 d&#8217;abril, els nens i nenes de 4t, vam anar a visitar la Fundaci\u00f3 Al\u00edcia. Vam aprendre que Al\u00edcia ve d&#8217;alimentaci\u00f3 i Ci\u00e8ncia. Vam fer 2 tallers: &#8220;Setci\u00e8ncies a la cuina&#8221; i &#8220;Fem cuinetes&#8221;. Al taller de Setci\u00e8ncies vam fer: mat\u00f3, oli de xocolata i esferificacions de suc de pr\u00e9ssec. I en el [&hellip;]<\/p>\n","protected":false},"author":1,"featured_media":4465,"comment_status":"open","ping_status":"closed","sticky":false,"template":"","format":"standard","meta":{"_bbp_topic_count":0,"_bbp_reply_count":0,"_bbp_total_topic_count":0,"_bbp_total_reply_count":0,"_bbp_voice_count":0,"_bbp_anonymous_reply_count":0,"_bbp_topic_count_hidden":0,"_bbp_reply_count_hidden":0,"_bbp_forum_subforum_count":0,"site-sidebar-layout":"default","site-content-layout":"","ast-site-content-layout":"","site-content-style":"default","site-sidebar-style":"default","ast-global-header-display":"","ast-banner-title-visibility":"","ast-main-header-display":"","ast-hfb-above-header-display":"","ast-hfb-below-header-display":"","ast-hfb-mobile-header-display":"","site-post-title":"","ast-breadcrumbs-content":"","ast-featured-img":"","footer-sml-layout":"","theme-transparent-header-meta":"","adv-header-id-meta":"","stick-header-meta":"","header-above-stick-meta":"","header-main-stick-meta":"","header-below-stick-meta":"","astra-migrate-meta-layouts":"default","ast-page-background-enabled":"default","ast-page-background-meta":{"desktop":{"background-color":"var(--ast-global-color-4)","background-image":"","background-repeat":"repeat","background-position":"center center","background-size":"auto","background-attachment":"scroll","background-type":"","background-media":"","overlay-type":"","overlay-color":"","overlay-opacity":"","overlay-gradient":""},"tablet":{"background-color":"","background-image":"","background-repeat":"repeat","background-position":"center center","background-size":"auto","background-attachment":"scroll","background-type":"","background-media":"","overlay-type":"","overlay-color":"","overlay-opacity":"","overlay-gradient":""},"mobile":{"background-color":"","background-image":"","background-repeat":"repeat","background-position":"center center","background-size":"auto","background-attachment":"scroll","background-type":"","background-media":"","overlay-type":"","overlay-color":"","overlay-opacity":"","overlay-gradient":""}},"ast-content-background-meta":{"desktop":{"background-color":"var(--ast-global-color-5)","background-image":"","background-repeat":"repeat","background-position":"center center","background-size":"auto","background-attachment":"scroll","background-type":"","background-media":"","overlay-type":"","overlay-color":"","overlay-opacity":"","overlay-gradient":""},"tablet":{"background-color":"var(--ast-global-color-5)","background-image":"","background-repeat":"repeat","background-position":"center center","background-size":"auto","background-attachment":"scroll","background-type":"","background-media":"","overlay-type":"","overlay-color":"","overlay-opacity":"","overlay-gradient":""},"mobile":{"background-color":"var(--ast-global-color-5)","background-image":"","background-repeat":"repeat","background-position":"center center","background-size":"auto","background-attachment":"scroll","background-type":"","background-media":"","overlay-type":"","overlay-color":"","overlay-opacity":"","overlay-gradient":""}},"footnotes":""},"categories":[288,4],"tags":[],"class_list":["post-4464","post","type-post","status-publish","format-standard","has-post-thumbnail","hentry","category-grans","category-portada"],"post_mailing_queue_ids":[],"_links":{"self":[{"href":"https:\/\/agora.xtec.cat\/ceipbellpuig\/wp-json\/wp\/v2\/posts\/4464","targetHints":{"allow":["GET"]}}],"collection":[{"href":"https:\/\/agora.xtec.cat\/ceipbellpuig\/wp-json\/wp\/v2\/posts"}],"about":[{"href":"https:\/\/agora.xtec.cat\/ceipbellpuig\/wp-json\/wp\/v2\/types\/post"}],"author":[{"embeddable":true,"href":"https:\/\/agora.xtec.cat\/ceipbellpuig\/wp-json\/wp\/v2\/users\/1"}],"replies":[{"embeddable":true,"href":"https:\/\/agora.xtec.cat\/ceipbellpuig\/wp-json\/wp\/v2\/comments?post=4464"}],"version-history":[{"count":1,"href":"https:\/\/agora.xtec.cat\/ceipbellpuig\/wp-json\/wp\/v2\/posts\/4464\/revisions"}],"predecessor-version":[{"id":4467,"href":"https:\/\/agora.xtec.cat\/ceipbellpuig\/wp-json\/wp\/v2\/posts\/4464\/revisions\/4467"}],"wp:featuredmedia":[{"embeddable":true,"href":"https:\/\/agora.xtec.cat\/ceipbellpuig\/wp-json\/wp\/v2\/media\/4465"}],"wp:attachment":[{"href":"https:\/\/agora.xtec.cat\/ceipbellpuig\/wp-json\/wp\/v2\/media?parent=4464"}],"wp:term":[{"taxonomy":"category","embeddable":true,"href":"https:\/\/agora.xtec.cat\/ceipbellpuig\/wp-json\/wp\/v2\/categories?post=4464"},{"taxonomy":"post_tag","embeddable":true,"href":"https:\/\/agora.xtec.cat\/ceipbellpuig\/wp-json\/wp\/v2\/tags?post=4464"}],"curies":[{"name":"wp","href":"https:\/\/api.w.org\/{rel}","templated":true}]}}