{"id":4357,"date":"2021-03-27T08:00:48","date_gmt":"2021-03-27T07:00:48","guid":{"rendered":"http:\/\/agora.xtec.cat\/ceipbellpuig\/?p=4357"},"modified":"2021-03-27T08:33:05","modified_gmt":"2021-03-27T07:33:05","slug":"celebrem-la-pasqua-2","status":"publish","type":"post","link":"https:\/\/agora.xtec.cat\/ceipbellpuig\/general\/celebrem-la-pasqua-2\/","title":{"rendered":"CELEBREM LA PASQUA"},"content":{"rendered":"<p>Benvolgudes fam\u00edlies!<\/p>\n<p>Avui hem celebrat la Pasqua.<\/p>\n<p>Hem comen\u00e7at el mat\u00ed preparant-nos unes mones moooolt bones!<\/p>\n<p>Despr\u00e9s de jugar una bona estona, l&#8217;alumnat de prim\u00e0ria hem participat en el concurs de punts de llibre.<\/p>\n<p>A la tarda, els grups dels petits i dels mitjans, hem fet jocs de cucanya, al pati. El grup dels grans hem anat a la Font d&#8217;en Titus i hem resolt reptes cooperatius.<\/p>\n<p>Fotos mones.<\/p>\n<ul>\n<li><a href=\"https:\/\/photos.app.goo.gl\/TrwuVigBsXVYw4jFA\" target=\"_blank\" rel=\"noopener noreferrer\">Petits<\/a><\/li>\n<li><a href=\"https:\/\/photos.app.goo.gl\/bWZ54V2XkJxNJqxx6\" target=\"_blank\" rel=\"noopener noreferrer\">Mitjans<\/a><\/li>\n<li><a href=\"https:\/\/photos.app.goo.gl\/Wg2bzMq2Q4V5nVGH6\" target=\"_blank\" rel=\"noopener noreferrer\">Grans<\/a><\/li>\n<\/ul>\n<p>Fotos punts de llibre:<\/p>\n<ul>\n<li><a href=\"https:\/\/photos.app.goo.gl\/LdhchYuKkw3MWDXo6\" target=\"_blank\" rel=\"noopener noreferrer\">Mitjans<\/a><\/li>\n<li><a href=\"https:\/\/photos.app.goo.gl\/npVxom9AFxod5Q9E6\" target=\"_blank\" rel=\"noopener noreferrer\">Grans<\/a><\/li>\n<\/ul>\n<p>Fotos Jocs de tarda:<\/p>\n<ul>\n<li><a href=\"https:\/\/photos.app.goo.gl\/kgqVjK3Cj4rNchD18\" target=\"_blank\" rel=\"noopener noreferrer\">Petits<\/a><\/li>\n<li><a href=\"https:\/\/photos.app.goo.gl\/YYX5b8Zwxy6XWH697\" target=\"_blank\" rel=\"noopener noreferrer\">Mitjans<\/a><\/li>\n<li><a href=\"https:\/\/photos.app.goo.gl\/JaPmvqvD9s7AYiXYA\" target=\"_blank\" rel=\"noopener noreferrer\">Grans<\/a><\/li>\n<\/ul>\n<p>&nbsp;<\/p>\n<p>&nbsp;<\/p>\n<p>&nbsp;<\/p>\n<p>&nbsp;<\/p>\n","protected":false},"excerpt":{"rendered":"<p>Benvolgudes fam\u00edlies! Avui hem celebrat la Pasqua. Hem comen\u00e7at el mat\u00ed preparant-nos unes mones moooolt bones! Despr\u00e9s de jugar una bona estona, l&#8217;alumnat de prim\u00e0ria hem participat en el concurs de punts de llibre. A la tarda, els grups dels petits i dels mitjans, hem fet jocs de cucanya, al pati. El grup dels grans [&hellip;]<\/p>\n","protected":false},"author":1,"featured_media":4380,"comment_status":"open","ping_status":"closed","sticky":false,"template":"","format":"standard","meta":{"_bbp_topic_count":0,"_bbp_reply_count":0,"_bbp_total_topic_count":0,"_bbp_total_reply_count":0,"_bbp_voice_count":0,"_bbp_anonymous_reply_count":0,"_bbp_topic_count_hidden":0,"_bbp_reply_count_hidden":0,"_bbp_forum_subforum_count":0,"site-sidebar-layout":"default","site-content-layout":"","ast-site-content-layout":"","site-content-style":"default","site-sidebar-style":"default","ast-global-header-display":"","ast-banner-title-visibility":"","ast-main-header-display":"","ast-hfb-above-header-display":"","ast-hfb-below-header-display":"","ast-hfb-mobile-header-display":"","site-post-title":"","ast-breadcrumbs-content":"","ast-featured-img":"","footer-sml-layout":"","theme-transparent-header-meta":"","adv-header-id-meta":"","stick-header-meta":"","header-above-stick-meta":"","header-main-stick-meta":"","header-below-stick-meta":"","astra-migrate-meta-layouts":"default","ast-page-background-enabled":"default","ast-page-background-meta":{"desktop":{"background-color":"var(--ast-global-color-4)","background-image":"","background-repeat":"repeat","background-position":"center center","background-size":"auto","background-attachment":"scroll","background-type":"","background-media":"","overlay-type":"","overlay-color":"","overlay-opacity":"","overlay-gradient":""},"tablet":{"background-color":"","background-image":"","background-repeat":"repeat","background-position":"center center","background-size":"auto","background-attachment":"scroll","background-type":"","background-media":"","overlay-type":"","overlay-color":"","overlay-opacity":"","overlay-gradient":""},"mobile":{"background-color":"","background-image":"","background-repeat":"repeat","background-position":"center center","background-size":"auto","background-attachment":"scroll","background-type":"","background-media":"","overlay-type":"","overlay-color":"","overlay-opacity":"","overlay-gradient":""}},"ast-content-background-meta":{"desktop":{"background-color":"var(--ast-global-color-5)","background-image":"","background-repeat":"repeat","background-position":"center center","background-size":"auto","background-attachment":"scroll","background-type":"","background-media":"","overlay-type":"","overlay-color":"","overlay-opacity":"","overlay-gradient":""},"tablet":{"background-color":"var(--ast-global-color-5)","background-image":"","background-repeat":"repeat","background-position":"center center","background-size":"auto","background-attachment":"scroll","background-type":"","background-media":"","overlay-type":"","overlay-color":"","overlay-opacity":"","overlay-gradient":""},"mobile":{"background-color":"var(--ast-global-color-5)","background-image":"","background-repeat":"repeat","background-position":"center center","background-size":"auto","background-attachment":"scroll","background-type":"","background-media":"","overlay-type":"","overlay-color":"","overlay-opacity":"","overlay-gradient":""}},"footnotes":""},"categories":[75,1,288,2,287,4],"tags":[],"class_list":["post-4357","post","type-post","status-publish","format-standard","has-post-thumbnail","hentry","category-festes","category-general","category-grans","category-petits","category-mitjans","category-portada"],"post_mailing_queue_ids":[],"_links":{"self":[{"href":"https:\/\/agora.xtec.cat\/ceipbellpuig\/wp-json\/wp\/v2\/posts\/4357","targetHints":{"allow":["GET"]}}],"collection":[{"href":"https:\/\/agora.xtec.cat\/ceipbellpuig\/wp-json\/wp\/v2\/posts"}],"about":[{"href":"https:\/\/agora.xtec.cat\/ceipbellpuig\/wp-json\/wp\/v2\/types\/post"}],"author":[{"embeddable":true,"href":"https:\/\/agora.xtec.cat\/ceipbellpuig\/wp-json\/wp\/v2\/users\/1"}],"replies":[{"embeddable":true,"href":"https:\/\/agora.xtec.cat\/ceipbellpuig\/wp-json\/wp\/v2\/comments?post=4357"}],"version-history":[{"count":3,"href":"https:\/\/agora.xtec.cat\/ceipbellpuig\/wp-json\/wp\/v2\/posts\/4357\/revisions"}],"predecessor-version":[{"id":4381,"href":"https:\/\/agora.xtec.cat\/ceipbellpuig\/wp-json\/wp\/v2\/posts\/4357\/revisions\/4381"}],"wp:featuredmedia":[{"embeddable":true,"href":"https:\/\/agora.xtec.cat\/ceipbellpuig\/wp-json\/wp\/v2\/media\/4380"}],"wp:attachment":[{"href":"https:\/\/agora.xtec.cat\/ceipbellpuig\/wp-json\/wp\/v2\/media?parent=4357"}],"wp:term":[{"taxonomy":"category","embeddable":true,"href":"https:\/\/agora.xtec.cat\/ceipbellpuig\/wp-json\/wp\/v2\/categories?post=4357"},{"taxonomy":"post_tag","embeddable":true,"href":"https:\/\/agora.xtec.cat\/ceipbellpuig\/wp-json\/wp\/v2\/tags?post=4357"}],"curies":[{"name":"wp","href":"https:\/\/api.w.org\/{rel}","templated":true}]}}